{"id":242072,"date":"2023-05-11T12:06:34","date_gmt":"2023-05-11T12:06:34","guid":{"rendered":"https:\/\/www.csantantoni.com\/2023\/05\/11\/el-paper-dels-cuidadors\/"},"modified":"2024-08-01T12:44:03","modified_gmt":"2024-08-01T12:44:03","slug":"el-paper-dels-cuidadors","status":"publish","type":"post","link":"https:\/\/www.csantantoni.com\/ca\/2023\/05\/11\/el-paper-dels-cuidadors\/","title":{"rendered":"El paper dels cuidadors"},"content":{"rendered":"\n<figure class=\"wp-block-gallery has-nested-images columns-default is-cropped wp-block-gallery-1 is-layout-flex wp-block-gallery-is-layout-flex\">\n<figure class=\"wp-block-image size-large\"><img loading=\"lazy\" decoding=\"async\" width=\"1024\" height=\"306\" data-id=\"242077\" src=\"https:\/\/www.csantantoni.com\/wp-content\/uploads\/2023\/05\/el-paper-dels-cuidadors-1024x306.png\" alt=\"\" class=\"wp-image-242077\" srcset=\"https:\/\/www.csantantoni.com\/wp-content\/uploads\/2023\/05\/el-paper-dels-cuidadors-980x293.png 980w, https:\/\/www.csantantoni.com\/wp-content\/uploads\/2023\/05\/el-paper-dels-cuidadors-480x143.png 480w\" sizes=\"(min-width: 0px) and (max-width: 480px) 480px, (min-width: 481px) and (max-width: 980px) 980px, (min-width: 981px) 1024px, 100vw\" \/><\/figure>\n<\/figure>\n\n\n\n<p><\/p>\n\n\n\n<h2 class=\"wp-block-heading\">L&#8217;ocupaci\u00f3 de vetllar a persones pot suposar una experi\u00e8ncia molt satisfact\u00f2ria, sovint per\u00f2, es tracta d&#8217;una feina dif\u00edcil, solitari, i de vegades, poc reconegut. <\/h2>\n\n\n\n<p>En aquest article es comparteix informaci\u00f3 sobre el paper que desenvolupen els cuidadors i les seves funcions. De mateixa manera, es detallen els senyals d&#8217;alterta que poden evidenciar que no es cuiden. Per \u00faltim s&#8217;ennumeren alguns consells a seguir. <\/p>\n\n\n\n<p><\/p>\n\n\n\n<div class=\"wp-block-columns is-layout-flex wp-container-core-columns-is-layout-9d6595d7 wp-block-columns-is-layout-flex\">\n<div class=\"wp-block-column has-white-background-color has-background is-layout-flow wp-block-column-is-layout-flow\">\n<figure class=\"wp-block-image size-large\"><img loading=\"lazy\" decoding=\"async\" width=\"1024\" height=\"303\" src=\"https:\/\/www.csantantoni.com\/wp-content\/uploads\/2023\/05\/cuidar-personas-1024x303.png\" alt=\"\" class=\"wp-image-242051\" srcset=\"https:\/\/www.csantantoni.com\/wp-content\/uploads\/2023\/05\/cuidar-personas-980x290.png 980w, https:\/\/www.csantantoni.com\/wp-content\/uploads\/2023\/05\/cuidar-personas-480x142.png 480w\" sizes=\"(min-width: 0px) and (max-width: 480px) 480px, (min-width: 481px) and (max-width: 980px) 980px, (min-width: 981px) 1024px, 100vw\" \/><\/figure>\n<\/div>\n<\/div>\n\n\n\n<p>Els cuidadors de persones de la tercerda edat i dependents, desenvolupen un paper imprescindible en <strong>l&#8217;atenci\u00f3 i el benestar d&#8217;aquells que necessiten ajuda per realitzar les activitats di\u00e0ries.<\/strong> Aquestes persones, poden ser professionals remunerats, membres de la fam\u00edlia o amics propers de la que persona que cuiden. A continuaci\u00f3 es detallen els diferents <strong>tipus:<\/strong><\/p>\n\n\n\n<p class=\"has-medium-font-size\"><strong>\u00b7 Cuidador professional<\/strong><\/p>\n\n\n\n<p>\u00c9s aquella persona que presta un servei social remunerat d&#8217;atenci\u00f3 i assist\u00e8ncia domicili\u00e0ria. El seu objectiu radica en millorar la qualitat de vida tan de persones d&#8217;edat avan\u00e7ada, com aquelles que tenen alg\u00fan tipus de discapacitat que els impedeix desenvolupar les activitats b\u00e0siques de la vida di\u00e0ria.<\/p>\n\n\n\n<figure class=\"wp-block-image size-large\"><img loading=\"lazy\" decoding=\"async\" width=\"1024\" height=\"305\" src=\"https:\/\/www.csantantoni.com\/wp-content\/uploads\/2023\/05\/cuidador-profesional-1024x305.png\" alt=\"Cuidador professional \" class=\"wp-image-242053\" srcset=\"https:\/\/www.csantantoni.com\/wp-content\/uploads\/2023\/05\/cuidador-profesional-980x292.png 980w, https:\/\/www.csantantoni.com\/wp-content\/uploads\/2023\/05\/cuidador-profesional-480x143.png 480w\" sizes=\"(min-width: 0px) and (max-width: 480px) 480px, (min-width: 481px) and (max-width: 980px) 980px, (min-width: 981px) 1024px, 100vw\" \/><\/figure>\n\n\n\n<p class=\"has-medium-font-size\"><strong>\u00b7 Cuidador familiar<\/strong><\/p>\n\n\n\n<p>Sol ser una persona que pertany al grup familiar; desenvolupa les funcions d&#8217;un cuidador professional per\u00f2 no percep cap tipus de remuneraci\u00f3 ni sol tenir un horari definit per cuidar al familiar que ho requereix. Representa una importante xifra a la societat espanyola, ja que <a href=\"https:\/\/www.jubilaciondefuturo.es\/es\/blog\/quienes-son-las-personas-cuidadoras-no-profesionales-en-espana.html\">el 85% de l&#8217;atenci\u00f3 a persones grans la realitzen familiars o amics propers.<\/a><\/p>\n\n\n\n<figure class=\"wp-block-image size-large\"><img loading=\"lazy\" decoding=\"async\" width=\"1024\" height=\"305\" src=\"https:\/\/www.csantantoni.com\/wp-content\/uploads\/2023\/05\/cuidador-familiar-1024x305.png\" alt=\"cuidador familiar\" class=\"wp-image-242055\" srcset=\"https:\/\/www.csantantoni.com\/wp-content\/uploads\/2023\/05\/cuidador-familiar-980x292.png 980w, https:\/\/www.csantantoni.com\/wp-content\/uploads\/2023\/05\/cuidador-familiar-480x143.png 480w\" sizes=\"(min-width: 0px) and (max-width: 480px) 480px, (min-width: 481px) and (max-width: 980px) 980px, (min-width: 981px) 1024px, 100vw\" \/><\/figure>\n\n\n\n<p>El paper dels cuidadors varia segons les necessitats i la condici\u00f3 de la persona que cuiden. Algunes <strong>tasques comunes<\/strong> inclouen ajudar amb la higiene personal, la alimentaci\u00f3, l&#8217;administraci\u00f3 de medicaments i la movilitat. Tamb\u00e9 poden proporcionar companyia i recolzament emocional, realitzar tasques de la llar i coordinar cites m\u00e8diques i altres activitats.<\/p>\n\n\n\n<p>De vegades tamb\u00e9 poden ser responsables de <strong>garantitzar la seguretat de la persona a la que cuiden<\/strong>, especialment si tienen problemes de salut greus o problemes cognitius. Aix\u00f2 pot incluir la supervisi\u00f3 constant i la prevenci\u00f3 de caigudes i altres accidents.<\/p>\n\n\n\n<p>Per \u00faltim, poden desenvolupar funcions com la <strong>gesti\u00f3 de la informaci\u00f3 m\u00e8dica i la comunicaci\u00f3 amb els prove\u00efdors d&#8217;atenci\u00f3 m\u00e8dica. <\/strong> Aix\u00f2 pot incloure el seguiment de tractaments i cites m\u00e8diques, la comunicaci\u00f3 de canvis en l&#8217;estat de salut i la coordinaci\u00f3 de l&#8217;atenci\u00f3 entre els diferents organismes sanitaris.<\/p>\n\n\n\n<p><\/p>\n\n\n\n<p class=\"has-text-align-center has-white-color has-text-color has-background has-medium-font-size\" style=\"background-color:#00632e\"><strong>SENYALS QUE PODEN EVIDENCIAR QUE EL CUIDADOR NO ES CUIDA<\/strong><\/p>\n\n\n\n<p><\/p>\n\n\n\n<p>La persona que cuida pot veure&#8217;s sobrepassada per la situaci\u00f3 i la dedicaci\u00f3 continua al malalt. En aquest moment, solen apar\u00e8ixer <strong>senyals f\u00edsiques, emocionals i socials<\/strong> que ens adverteixen d&#8217;aquest risc i ens alerten de la necessitat que el cuidador busqui espai per cuidar-se tamb\u00e9 a si mateix. Aquests s\u00edmptomes s\u00f3n els seg\u00fcents: <\/p>\n\n\n\n<div class=\"wp-block-columns is-layout-flex wp-container-core-columns-is-layout-9d6595d7 wp-block-columns-is-layout-flex\">\n<div class=\"wp-block-column is-layout-flow wp-block-column-is-layout-flow\">\n<p><strong>F\u00edsics: <\/strong><\/p>\n\n\n\n<ul class=\"wp-block-list\">\n<li>Cansanci.<\/li>\n\n\n\n<li>Manca de gana.<\/li>\n\n\n\n<li>Alteracions del son.<\/li>\n\n\n\n<li>Dolors musculars i palpitacions.<\/li>\n\n\n\n<li>Aband\u00f3 del seu aspecte f\u00edsic. <\/li>\n<\/ul>\n<\/div>\n\n\n\n<div class=\"wp-block-column is-layout-flow wp-block-column-is-layout-flow\">\n<figure class=\"wp-block-image aligncenter size-large is-resized is-style-default\"><img loading=\"lazy\" decoding=\"async\" src=\"https:\/\/www.csantantoni.com\/wp-content\/uploads\/2023\/05\/4-2-1-1024x576.jpg\" alt=\"Dolors musculars\" class=\"wp-image-241962\" width=\"337\" height=\"189\" title=\"Dolors musculars\"\/><\/figure>\n<\/div>\n<\/div>\n\n\n\n<div class=\"wp-block-columns is-layout-flex wp-container-core-columns-is-layout-9d6595d7 wp-block-columns-is-layout-flex\">\n<div class=\"wp-block-column is-layout-flow wp-block-column-is-layout-flow\">\n<p><strong><strong>Emocionals:<\/strong><\/strong><\/p>\n\n\n\n<ul class=\"wp-block-list\">\n<li>Tristesa o sentiments de culpa.<\/li>\n\n\n\n<li>Disminuci\u00f3 de lautoestima.<\/li>\n\n\n\n<li>Canvis sobtats d\u00b4humor i irritabilitat.<\/li>\n\n\n\n<li>Dificultat per concentrar-se.<\/li>\n\n\n\n<li>P\u00e8rdua de mem\u00f2ria.<\/li>\n<\/ul>\n<\/div>\n\n\n\n<div class=\"wp-block-column is-layout-flow wp-block-column-is-layout-flow\">\n<figure class=\"wp-block-image aligncenter size-large is-resized is-style-default\"><img loading=\"lazy\" decoding=\"async\" src=\"https:\/\/www.csantantoni.com\/wp-content\/uploads\/2023\/05\/4-3-1-1024x576.jpg\" alt=\"Tristesa o sentiment de culpa\" class=\"wp-image-241964\" width=\"339\" height=\"190\" title=\"Tristesa o sentiment de culpa\"\/><\/figure>\n<\/div>\n<\/div>\n\n\n\n<div class=\"wp-block-columns is-layout-flex wp-container-core-columns-is-layout-9d6595d7 wp-block-columns-is-layout-flex\">\n<div class=\"wp-block-column is-layout-flow wp-block-column-is-layout-flow\">\n<p><strong>Socials:<\/strong><\/p>\n\n\n\n<ul class=\"wp-block-list\">\n<li>Ruptura de les relacions amb familiars i amics.<\/li>\n\n\n\n<li>Desinter\u00e8s per activitats que anteriorment feia.<\/li>\n\n\n\n<li>Soledat i sentiment d\u00b4a\u00efllament<\/li>\n<\/ul>\n<\/div>\n\n\n\n<div class=\"wp-block-column is-layout-flow wp-block-column-is-layout-flow\">\n<figure class=\"wp-block-image aligncenter size-large is-resized is-style-default\"><img loading=\"lazy\" decoding=\"async\" src=\"https:\/\/www.csantantoni.com\/wp-content\/uploads\/2023\/05\/4-4-1024x576.jpg\" alt=\"Soledat \" class=\"wp-image-241966\" width=\"344\" height=\"193\" title=\"Soledat\"\/><\/figure>\n<\/div>\n<\/div>\n\n\n\n<p><\/p>\n\n\n\n<p class=\"has-text-align-center has-white-color has-text-color has-background has-medium-font-size\" style=\"background-color:#00632e\"><strong>ALGUNES RECOMANACIONS PER A PERSONES CUIDADORES<\/strong><\/p>\n\n\n\n<p><\/p>\n\n\n\n<p>Hi ha vegades que les persones que tenen cura poden enfrontar molts <strong>desafiaments f\u00edsics, emocionals i pr\u00e0ctics.<\/strong> A continuaci\u00f3 es detallen alguns <strong>consells<\/strong> que els poden ajudar a exercir el seu paper de manera efectiva i satisfact\u00f2ria:<\/p>\n\n\n\n<ol class=\"wp-block-list\">\n<li><strong>Buscar suport emocional:<\/strong> la cura pot ser estressant, aix\u00ed que cal cercar ajuda d&#8217;amics, familiars, grups de suport o professionals de la salut mental.<\/li>\n\n\n\n<li><strong>Cuidar la salut:<\/strong> \u00e9s important que es mantingui una bona salut f\u00edsica i mental per poder cuidar alg\u00fa, \u00e9s m\u00e9s, per poder cuidar cal tenir cura d&#8217;un mateix primer.<\/li>\n\n\n\n<li><strong>Aprendre sobre la malaltia o condici\u00f3 del pacient:<\/strong> aix\u00f2 permetr\u00e0 entendre millor les vostres necessitats i brindar-li una millor atenci\u00f3.<\/li>\n\n\n\n<li><strong>Organitzar un pla de cura<\/strong>: establir horaris per a medicaments, cites m\u00e8diques i altres activitats di\u00e0ries.<\/li>\n\n\n\n<li><strong>Comunicar-se amb el pacient:<\/strong> escoltar les seves necessitats i prefer\u00e8ncies, alhora tamb\u00e9 poder exposar com se sent amb el pacient de manera clara i respectuosa.<\/li>\n\n\n\n<li><strong>Buscar recursos d&#8217;ajuda:<\/strong> Si es creu necessari, hi ha organitzacions i serveis que poden oferir suport i recursos per a la cura.<\/li>\n\n\n\n<li><strong>Prendre&#8217;s temps per a un mateix:<\/strong> aquest \u00e9s dels punts m\u00e9s importants, cal prendre&#8217;s un temps per descansar, realitzar activitats que permetin distreure&#8217;s i alhora vetllar per un mateix. <\/li>\n<\/ol>\n\n\n\n<div class=\"wp-block-columns is-layout-flex wp-container-core-columns-is-layout-9d6595d7 wp-block-columns-is-layout-flex\">\n<div class=\"wp-block-column is-layout-flow wp-block-column-is-layout-flow\" style=\"flex-basis:100%\">\n<div class=\"wp-block-columns is-layout-flex wp-container-core-columns-is-layout-9d6595d7 wp-block-columns-is-layout-flex\">\n<div class=\"wp-block-column is-layout-flow wp-block-column-is-layout-flow\">\n<figure class=\"wp-block-image size-large is-resized is-style-default\"><img loading=\"lazy\" decoding=\"async\" src=\"https:\/\/www.csantantoni.com\/wp-content\/uploads\/2023\/05\/Diseno-sin-titulo-15-1-1024x577.png\" alt=\"Suport psicol\u00f2gic\" class=\"wp-image-242017\" width=\"428\" height=\"241\" title=\"Suport psicol\u00f2gic\"\/><\/figure>\n<\/div>\n\n\n\n<div class=\"wp-block-column is-layout-flow wp-block-column-is-layout-flow\">\n<figure class=\"wp-block-image size-large is-resized is-style-default\"><img loading=\"lazy\" decoding=\"async\" src=\"https:\/\/www.csantantoni.com\/wp-content\/uploads\/2023\/05\/Diseno-sin-titulo-16-1-1024x577.png\" alt=\"comunicaci\u00f3\" class=\"wp-image-242019\" width=\"428\" height=\"241\" title=\"Comunicaci\u00f3\"\/><\/figure>\n<\/div>\n<\/div>\n<\/div>\n<\/div>\n\n\n\n<p>En conclusi\u00f3, el paper dels cuidadors \u00e9s fonamental en l&#8217;atenci\u00f3 i el benestar de les persones necessitades de cures. La seva dedicaci\u00f3 i esfor\u00e7 s\u00f3n dignes de reconeixement i agra\u00efment per part de la societat en conjunt.<\/p>\n\n\n\n<p><strong>Fonts<\/strong>: <\/p>\n\n\n\n<p>Cuidador, cu\u00eddate | <a href=\"https:\/\/cinfasalud.cinfa.com\/p\/cuidador-cuidate\/\">CinfaSalud <\/a> <\/p>\n\n\n\n<p>La figura del cuidador en la 3a edad | <a href=\"https:\/\/temaerasistencia.com\/la-figura-del-cuidador-en-la-tercera-edad\/\">Temaer Asistencia <\/a> <\/p>\n","protected":false},"excerpt":{"rendered":"<p>L&#8217;ocupaci\u00f3 de vetllar a persones pot suposar una experi\u00e8ncia molt satisfact\u00f2ria, sovint per\u00f2, es tracta d&#8217;una feina dif\u00edcil, solitari, i de vegades, poc reconegut. En aquest article es comparteix informaci\u00f3 sobre el paper que desenvolupen els cuidadors i les seves funcions. De mateixa manera, es detallen els senyals d&#8217;alterta que poden evidenciar que no es [&hellip;]<\/p>\n","protected":false},"author":5,"featured_media":242004,"comment_status":"closed","ping_status":"closed","sticky":false,"template":"","format":"standard","meta":{"_et_pb_use_builder":"off","_et_pb_old_content":"","_et_gb_content_width":"","footnotes":""},"categories":[348,67],"tags":[108,102,109,98,100,99,101,110,105,104,103,106,107,113,80,111,112],"class_list":["post-242072","post","type-post","status-publish","format-standard","has-post-thumbnail","hentry","category-blog-ca","category-noticies","tag-atencio","tag-atencio-domiciliaria","tag-atencions","tag-cuidador-ca","tag-cuidadora-ca","tag-cuidadores-ca","tag-cuidadores-ca-2","tag-cures-mediques","tag-discapacitat","tag-edat-avancada","tag-gent-3a-edat","tag-malaltia","tag-malaltia-cronica","tag-recomanacions","tag-recomenacions","tag-salut","tag-salut-mental"],"yoast_head":"<!-- This site is optimized with the Yoast SEO plugin v27.5 - https:\/\/yoast.com\/product\/yoast-seo-wordpress\/ -->\n<title>El paper dels cuidadors - Cl\u00ednica Sant Antoni<\/title>\n<meta name=\"description\" content=\"El paper dels cuidadors - Cl\u00ednica Sant Antoni - Not\u00edcies - Art\u00edculo en que se describe el papel que desempe\u00f1as las personas cuidadoras\" \/>\n<meta name=\"robots\" content=\"index, follow, max-snippet:-1, max-image-preview:large, max-video-preview:-1\" \/>\n<link rel=\"canonical\" href=\"https:\/\/www.csantantoni.com\/ca\/2023\/05\/11\/el-paper-dels-cuidadors\/\" \/>\n<meta property=\"og:locale\" content=\"ca_ES\" \/>\n<meta property=\"og:type\" content=\"article\" \/>\n<meta property=\"og:title\" content=\"El paper dels cuidadors - Cl\u00ednica Sant Antoni\" \/>\n<meta property=\"og:description\" content=\"El paper dels cuidadors - Cl\u00ednica Sant Antoni - Not\u00edcies - Art\u00edculo en que se describe el papel que desempe\u00f1as las personas cuidadoras\" \/>\n<meta property=\"og:url\" content=\"https:\/\/www.csantantoni.com\/ca\/2023\/05\/11\/el-paper-dels-cuidadors\/\" \/>\n<meta property=\"og:site_name\" content=\"Cl\u00ednica Sant Antoni\" \/>\n<meta property=\"article:published_time\" content=\"2023-05-11T12:06:34+00:00\" \/>\n<meta property=\"article:modified_time\" content=\"2024-08-01T12:44:03+00:00\" \/>\n<meta property=\"og:image\" content=\"https:\/\/www.csantantoni.com\/wp-content\/uploads\/2023\/05\/Diseno-sin-titulo-13.png\" \/>\n\t<meta property=\"og:image:width\" content=\"1640\" \/>\n\t<meta property=\"og:image:height\" content=\"924\" \/>\n\t<meta property=\"og:image:type\" content=\"image\/png\" \/>\n<meta name=\"author\" content=\"maria\" \/>\n<meta name=\"twitter:card\" content=\"summary_large_image\" \/>\n<meta name=\"twitter:label1\" content=\"Escrit per\" \/>\n\t<meta name=\"twitter:data1\" content=\"maria\" \/>\n\t<meta name=\"twitter:label2\" content=\"Temps estimat de lectura\" \/>\n\t<meta name=\"twitter:data2\" content=\"6 minuts\" \/>\n<script type=\"application\/ld+json\" class=\"yoast-schema-graph\">{\"@context\":\"https:\\\/\\\/schema.org\",\"@graph\":[{\"@type\":\"Article\",\"@id\":\"https:\\\/\\\/www.csantantoni.com\\\/ca\\\/2023\\\/05\\\/11\\\/el-paper-dels-cuidadors\\\/#article\",\"isPartOf\":{\"@id\":\"https:\\\/\\\/www.csantantoni.com\\\/ca\\\/2023\\\/05\\\/11\\\/el-paper-dels-cuidadors\\\/\"},\"author\":{\"name\":\"maria\",\"@id\":\"https:\\\/\\\/www.csantantoni.com\\\/#\\\/schema\\\/person\\\/1ac3bacc730030dd4af35da287c58da7\"},\"headline\":\"El paper dels cuidadors\",\"datePublished\":\"2023-05-11T12:06:34+00:00\",\"dateModified\":\"2024-08-01T12:44:03+00:00\",\"mainEntityOfPage\":{\"@id\":\"https:\\\/\\\/www.csantantoni.com\\\/ca\\\/2023\\\/05\\\/11\\\/el-paper-dels-cuidadors\\\/\"},\"wordCount\":812,\"publisher\":{\"@id\":\"https:\\\/\\\/www.csantantoni.com\\\/#organization\"},\"image\":{\"@id\":\"https:\\\/\\\/www.csantantoni.com\\\/ca\\\/2023\\\/05\\\/11\\\/el-paper-dels-cuidadors\\\/#primaryimage\"},\"thumbnailUrl\":\"https:\\\/\\\/www.csantantoni.com\\\/wp-content\\\/uploads\\\/2023\\\/05\\\/Diseno-sin-titulo-13.png\",\"keywords\":[\"atenci\u00f3\",\"atenci\u00f3 domicili\u00e0ria\",\"atencions\",\"cuidador\",\"cuidadora\",\"cuidadores\",\"cuidadores\",\"cures m\u00e8diques\",\"discapacitat\",\"edat avan\u00e7ada\",\"Gent 3a edat\",\"Malaltia\",\"malaltia cr\u00f2nica\",\"recomanacions\",\"recomenacions\",\"salut\",\"salut mental\"],\"articleSection\":[\"Blog\",\"Not\u00edcies\"],\"inLanguage\":\"ca\"},{\"@type\":\"WebPage\",\"@id\":\"https:\\\/\\\/www.csantantoni.com\\\/ca\\\/2023\\\/05\\\/11\\\/el-paper-dels-cuidadors\\\/\",\"url\":\"https:\\\/\\\/www.csantantoni.com\\\/ca\\\/2023\\\/05\\\/11\\\/el-paper-dels-cuidadors\\\/\",\"name\":\"El paper dels cuidadors - Cl\u00ednica Sant Antoni\",\"isPartOf\":{\"@id\":\"https:\\\/\\\/www.csantantoni.com\\\/#website\"},\"primaryImageOfPage\":{\"@id\":\"https:\\\/\\\/www.csantantoni.com\\\/ca\\\/2023\\\/05\\\/11\\\/el-paper-dels-cuidadors\\\/#primaryimage\"},\"image\":{\"@id\":\"https:\\\/\\\/www.csantantoni.com\\\/ca\\\/2023\\\/05\\\/11\\\/el-paper-dels-cuidadors\\\/#primaryimage\"},\"thumbnailUrl\":\"https:\\\/\\\/www.csantantoni.com\\\/wp-content\\\/uploads\\\/2023\\\/05\\\/Diseno-sin-titulo-13.png\",\"datePublished\":\"2023-05-11T12:06:34+00:00\",\"dateModified\":\"2024-08-01T12:44:03+00:00\",\"description\":\"El paper dels cuidadors - Cl\u00ednica Sant Antoni - Not\u00edcies - Art\u00edculo en que se describe el papel que desempe\u00f1as las personas cuidadoras\",\"breadcrumb\":{\"@id\":\"https:\\\/\\\/www.csantantoni.com\\\/ca\\\/2023\\\/05\\\/11\\\/el-paper-dels-cuidadors\\\/#breadcrumb\"},\"inLanguage\":\"ca\",\"potentialAction\":[{\"@type\":\"ReadAction\",\"target\":[\"https:\\\/\\\/www.csantantoni.com\\\/ca\\\/2023\\\/05\\\/11\\\/el-paper-dels-cuidadors\\\/\"]}]},{\"@type\":\"ImageObject\",\"inLanguage\":\"ca\",\"@id\":\"https:\\\/\\\/www.csantantoni.com\\\/ca\\\/2023\\\/05\\\/11\\\/el-paper-dels-cuidadors\\\/#primaryimage\",\"url\":\"https:\\\/\\\/www.csantantoni.com\\\/wp-content\\\/uploads\\\/2023\\\/05\\\/Diseno-sin-titulo-13.png\",\"contentUrl\":\"https:\\\/\\\/www.csantantoni.com\\\/wp-content\\\/uploads\\\/2023\\\/05\\\/Diseno-sin-titulo-13.png\",\"width\":1640,\"height\":924,\"caption\":\"Cuidador con paciente\"},{\"@type\":\"BreadcrumbList\",\"@id\":\"https:\\\/\\\/www.csantantoni.com\\\/ca\\\/2023\\\/05\\\/11\\\/el-paper-dels-cuidadors\\\/#breadcrumb\",\"itemListElement\":[{\"@type\":\"ListItem\",\"position\":1,\"name\":\"Portada\",\"item\":\"https:\\\/\\\/www.csantantoni.com\\\/\"},{\"@type\":\"ListItem\",\"position\":2,\"name\":\"El paper dels cuidadors\"}]},{\"@type\":\"WebSite\",\"@id\":\"https:\\\/\\\/www.csantantoni.com\\\/#website\",\"url\":\"https:\\\/\\\/www.csantantoni.com\\\/\",\"name\":\"Cl\u00ednica Sant Antoni\",\"description\":\"Web de Cl\u00ednica Sant Antoni\",\"publisher\":{\"@id\":\"https:\\\/\\\/www.csantantoni.com\\\/#organization\"},\"potentialAction\":[{\"@type\":\"SearchAction\",\"target\":{\"@type\":\"EntryPoint\",\"urlTemplate\":\"https:\\\/\\\/www.csantantoni.com\\\/?s={search_term_string}\"},\"query-input\":{\"@type\":\"PropertyValueSpecification\",\"valueRequired\":true,\"valueName\":\"search_term_string\"}}],\"inLanguage\":\"ca\"},{\"@type\":\"Organization\",\"@id\":\"https:\\\/\\\/www.csantantoni.com\\\/#organization\",\"name\":\"Cl\u00ednica Sant Antoni\",\"url\":\"https:\\\/\\\/www.csantantoni.com\\\/\",\"logo\":{\"@type\":\"ImageObject\",\"inLanguage\":\"ca\",\"@id\":\"https:\\\/\\\/www.csantantoni.com\\\/#\\\/schema\\\/logo\\\/image\\\/\",\"url\":\"https:\\\/\\\/www.csantantoni.com\\\/wp-content\\\/uploads\\\/2022\\\/10\\\/clinica-sant-antoni-01.jpg\",\"contentUrl\":\"https:\\\/\\\/www.csantantoni.com\\\/wp-content\\\/uploads\\\/2022\\\/10\\\/clinica-sant-antoni-01.jpg\",\"width\":1980,\"height\":1315,\"caption\":\"Cl\u00ednica Sant Antoni\"},\"image\":{\"@id\":\"https:\\\/\\\/www.csantantoni.com\\\/#\\\/schema\\\/logo\\\/image\\\/\"}},{\"@type\":\"Person\",\"@id\":\"https:\\\/\\\/www.csantantoni.com\\\/#\\\/schema\\\/person\\\/1ac3bacc730030dd4af35da287c58da7\",\"name\":\"maria\",\"image\":{\"@type\":\"ImageObject\",\"inLanguage\":\"ca\",\"@id\":\"https:\\\/\\\/secure.gravatar.com\\\/avatar\\\/6976c4514c3f1e1daef2f5047bdeca80837d6cb7a7b437f151495dbc2b911500?s=96&d=mm&r=g\",\"url\":\"https:\\\/\\\/secure.gravatar.com\\\/avatar\\\/6976c4514c3f1e1daef2f5047bdeca80837d6cb7a7b437f151495dbc2b911500?s=96&d=mm&r=g\",\"contentUrl\":\"https:\\\/\\\/secure.gravatar.com\\\/avatar\\\/6976c4514c3f1e1daef2f5047bdeca80837d6cb7a7b437f151495dbc2b911500?s=96&d=mm&r=g\",\"caption\":\"maria\"},\"url\":\"https:\\\/\\\/www.csantantoni.com\\\/ca\\\/author\\\/maria\\\/\"}]}<\/script>\n<!-- \/ Yoast SEO plugin. -->","yoast_head_json":{"title":"El paper dels cuidadors - Cl\u00ednica Sant Antoni","description":"El paper dels cuidadors - Cl\u00ednica Sant Antoni - Not\u00edcies - Art\u00edculo en que se describe el papel que desempe\u00f1as las personas cuidadoras","robots":{"index":"index","follow":"follow","max-snippet":"max-snippet:-1","max-image-preview":"max-image-preview:large","max-video-preview":"max-video-preview:-1"},"canonical":"https:\/\/www.csantantoni.com\/ca\/2023\/05\/11\/el-paper-dels-cuidadors\/","og_locale":"ca_ES","og_type":"article","og_title":"El paper dels cuidadors - Cl\u00ednica Sant Antoni","og_description":"El paper dels cuidadors - Cl\u00ednica Sant Antoni - Not\u00edcies - Art\u00edculo en que se describe el papel que desempe\u00f1as las personas cuidadoras","og_url":"https:\/\/www.csantantoni.com\/ca\/2023\/05\/11\/el-paper-dels-cuidadors\/","og_site_name":"Cl\u00ednica Sant Antoni","article_published_time":"2023-05-11T12:06:34+00:00","article_modified_time":"2024-08-01T12:44:03+00:00","og_image":[{"width":1640,"height":924,"url":"https:\/\/www.csantantoni.com\/wp-content\/uploads\/2023\/05\/Diseno-sin-titulo-13.png","type":"image\/png"}],"author":"maria","twitter_card":"summary_large_image","twitter_misc":{"Escrit per":"maria","Temps estimat de lectura":"6 minuts"},"schema":{"@context":"https:\/\/schema.org","@graph":[{"@type":"Article","@id":"https:\/\/www.csantantoni.com\/ca\/2023\/05\/11\/el-paper-dels-cuidadors\/#article","isPartOf":{"@id":"https:\/\/www.csantantoni.com\/ca\/2023\/05\/11\/el-paper-dels-cuidadors\/"},"author":{"name":"maria","@id":"https:\/\/www.csantantoni.com\/#\/schema\/person\/1ac3bacc730030dd4af35da287c58da7"},"headline":"El paper dels cuidadors","datePublished":"2023-05-11T12:06:34+00:00","dateModified":"2024-08-01T12:44:03+00:00","mainEntityOfPage":{"@id":"https:\/\/www.csantantoni.com\/ca\/2023\/05\/11\/el-paper-dels-cuidadors\/"},"wordCount":812,"publisher":{"@id":"https:\/\/www.csantantoni.com\/#organization"},"image":{"@id":"https:\/\/www.csantantoni.com\/ca\/2023\/05\/11\/el-paper-dels-cuidadors\/#primaryimage"},"thumbnailUrl":"https:\/\/www.csantantoni.com\/wp-content\/uploads\/2023\/05\/Diseno-sin-titulo-13.png","keywords":["atenci\u00f3","atenci\u00f3 domicili\u00e0ria","atencions","cuidador","cuidadora","cuidadores","cuidadores","cures m\u00e8diques","discapacitat","edat avan\u00e7ada","Gent 3a edat","Malaltia","malaltia cr\u00f2nica","recomanacions","recomenacions","salut","salut mental"],"articleSection":["Blog","Not\u00edcies"],"inLanguage":"ca"},{"@type":"WebPage","@id":"https:\/\/www.csantantoni.com\/ca\/2023\/05\/11\/el-paper-dels-cuidadors\/","url":"https:\/\/www.csantantoni.com\/ca\/2023\/05\/11\/el-paper-dels-cuidadors\/","name":"El paper dels cuidadors - Cl\u00ednica Sant Antoni","isPartOf":{"@id":"https:\/\/www.csantantoni.com\/#website"},"primaryImageOfPage":{"@id":"https:\/\/www.csantantoni.com\/ca\/2023\/05\/11\/el-paper-dels-cuidadors\/#primaryimage"},"image":{"@id":"https:\/\/www.csantantoni.com\/ca\/2023\/05\/11\/el-paper-dels-cuidadors\/#primaryimage"},"thumbnailUrl":"https:\/\/www.csantantoni.com\/wp-content\/uploads\/2023\/05\/Diseno-sin-titulo-13.png","datePublished":"2023-05-11T12:06:34+00:00","dateModified":"2024-08-01T12:44:03+00:00","description":"El paper dels cuidadors - Cl\u00ednica Sant Antoni - Not\u00edcies - Art\u00edculo en que se describe el papel que desempe\u00f1as las personas cuidadoras","breadcrumb":{"@id":"https:\/\/www.csantantoni.com\/ca\/2023\/05\/11\/el-paper-dels-cuidadors\/#breadcrumb"},"inLanguage":"ca","potentialAction":[{"@type":"ReadAction","target":["https:\/\/www.csantantoni.com\/ca\/2023\/05\/11\/el-paper-dels-cuidadors\/"]}]},{"@type":"ImageObject","inLanguage":"ca","@id":"https:\/\/www.csantantoni.com\/ca\/2023\/05\/11\/el-paper-dels-cuidadors\/#primaryimage","url":"https:\/\/www.csantantoni.com\/wp-content\/uploads\/2023\/05\/Diseno-sin-titulo-13.png","contentUrl":"https:\/\/www.csantantoni.com\/wp-content\/uploads\/2023\/05\/Diseno-sin-titulo-13.png","width":1640,"height":924,"caption":"Cuidador con paciente"},{"@type":"BreadcrumbList","@id":"https:\/\/www.csantantoni.com\/ca\/2023\/05\/11\/el-paper-dels-cuidadors\/#breadcrumb","itemListElement":[{"@type":"ListItem","position":1,"name":"Portada","item":"https:\/\/www.csantantoni.com\/"},{"@type":"ListItem","position":2,"name":"El paper dels cuidadors"}]},{"@type":"WebSite","@id":"https:\/\/www.csantantoni.com\/#website","url":"https:\/\/www.csantantoni.com\/","name":"Cl\u00ednica Sant Antoni","description":"Web de Cl\u00ednica Sant Antoni","publisher":{"@id":"https:\/\/www.csantantoni.com\/#organization"},"potentialAction":[{"@type":"SearchAction","target":{"@type":"EntryPoint","urlTemplate":"https:\/\/www.csantantoni.com\/?s={search_term_string}"},"query-input":{"@type":"PropertyValueSpecification","valueRequired":true,"valueName":"search_term_string"}}],"inLanguage":"ca"},{"@type":"Organization","@id":"https:\/\/www.csantantoni.com\/#organization","name":"Cl\u00ednica Sant Antoni","url":"https:\/\/www.csantantoni.com\/","logo":{"@type":"ImageObject","inLanguage":"ca","@id":"https:\/\/www.csantantoni.com\/#\/schema\/logo\/image\/","url":"https:\/\/www.csantantoni.com\/wp-content\/uploads\/2022\/10\/clinica-sant-antoni-01.jpg","contentUrl":"https:\/\/www.csantantoni.com\/wp-content\/uploads\/2022\/10\/clinica-sant-antoni-01.jpg","width":1980,"height":1315,"caption":"Cl\u00ednica Sant Antoni"},"image":{"@id":"https:\/\/www.csantantoni.com\/#\/schema\/logo\/image\/"}},{"@type":"Person","@id":"https:\/\/www.csantantoni.com\/#\/schema\/person\/1ac3bacc730030dd4af35da287c58da7","name":"maria","image":{"@type":"ImageObject","inLanguage":"ca","@id":"https:\/\/secure.gravatar.com\/avatar\/6976c4514c3f1e1daef2f5047bdeca80837d6cb7a7b437f151495dbc2b911500?s=96&d=mm&r=g","url":"https:\/\/secure.gravatar.com\/avatar\/6976c4514c3f1e1daef2f5047bdeca80837d6cb7a7b437f151495dbc2b911500?s=96&d=mm&r=g","contentUrl":"https:\/\/secure.gravatar.com\/avatar\/6976c4514c3f1e1daef2f5047bdeca80837d6cb7a7b437f151495dbc2b911500?s=96&d=mm&r=g","caption":"maria"},"url":"https:\/\/www.csantantoni.com\/ca\/author\/maria\/"}]}},"_links":{"self":[{"href":"https:\/\/www.csantantoni.com\/ca\/wp-json\/wp\/v2\/posts\/242072","targetHints":{"allow":["GET"]}}],"collection":[{"href":"https:\/\/www.csantantoni.com\/ca\/wp-json\/wp\/v2\/posts"}],"about":[{"href":"https:\/\/www.csantantoni.com\/ca\/wp-json\/wp\/v2\/types\/post"}],"author":[{"embeddable":true,"href":"https:\/\/www.csantantoni.com\/ca\/wp-json\/wp\/v2\/users\/5"}],"replies":[{"embeddable":true,"href":"https:\/\/www.csantantoni.com\/ca\/wp-json\/wp\/v2\/comments?post=242072"}],"version-history":[{"count":6,"href":"https:\/\/www.csantantoni.com\/ca\/wp-json\/wp\/v2\/posts\/242072\/revisions"}],"predecessor-version":[{"id":245584,"href":"https:\/\/www.csantantoni.com\/ca\/wp-json\/wp\/v2\/posts\/242072\/revisions\/245584"}],"wp:featuredmedia":[{"embeddable":true,"href":"https:\/\/www.csantantoni.com\/ca\/wp-json\/wp\/v2\/media\/242004"}],"wp:attachment":[{"href":"https:\/\/www.csantantoni.com\/ca\/wp-json\/wp\/v2\/media?parent=242072"}],"wp:term":[{"taxonomy":"category","embeddable":true,"href":"https:\/\/www.csantantoni.com\/ca\/wp-json\/wp\/v2\/categories?post=242072"},{"taxonomy":"post_tag","embeddable":true,"href":"https:\/\/www.csantantoni.com\/ca\/wp-json\/wp\/v2\/tags?post=242072"}],"curies":[{"name":"wp","href":"https:\/\/api.w.org\/{rel}","templated":true}]}}