{"id":242852,"date":"2023-09-15T08:40:47","date_gmt":"2023-09-15T08:40:47","guid":{"rendered":"https:\/\/www.csantantoni.com\/2023\/09\/15\/ajudant-a-transformar-la-cura-en-el-nostre-centre-sociosanitari\/"},"modified":"2024-08-01T12:42:13","modified_gmt":"2024-08-01T12:42:13","slug":"ajudant-a-transformar-la-cura-en-el-nostre-centre-sociosanitari","status":"publish","type":"post","link":"https:\/\/www.csantantoni.com\/ca\/2023\/09\/15\/ajudant-a-transformar-la-cura-en-el-nostre-centre-sociosanitari\/","title":{"rendered":"Ajudant a transformar la cura al nostre centre sociosanitari"},"content":{"rendered":"\n<figure class=\"wp-block-image size-large\"><img loading=\"lazy\" decoding=\"async\" width=\"1024\" height=\"303\" src=\"https:\/\/www.csantantoni.com\/wp-content\/uploads\/2023\/09\/Fundacio-Art-Palliatiu-1024x303.png\" alt=\"Fundaci\u00f3 Art Pal\u00b7latiu\" class=\"wp-image-242855\" srcset=\"https:\/\/www.csantantoni.com\/wp-content\/uploads\/2023\/09\/Fundacio-Art-Palliatiu-980x290.png 980w, https:\/\/www.csantantoni.com\/wp-content\/uploads\/2023\/09\/Fundacio-Art-Palliatiu-480x142.png 480w\" sizes=\"(min-width: 0px) and (max-width: 480px) 480px, (min-width: 481px) and (max-width: 980px) 980px, (min-width: 981px) 1024px, 100vw\" \/><\/figure>\n\n\n\n<h2 class=\"wp-block-heading\">En el nostre comprom\u00eds continu de brindar la millor cura possible als nostres pacients, en Cl\u00ednica Sant Antoni, sempre estem buscant formes innovadores de millorar la seva qualitat de vida. Una de les iniciatives m\u00e9s inspiradores i efectives en aquest sentit \u00e9s la col\u00b7laboraci\u00f3 amb la Fundaci\u00f3 Art Pal\u00b7liatiu. <\/h2>\n\n\n\n<p>En aquesta entrada de blog, explorarem detalladament com la Fundaci\u00f3 Art Pal\u00b7liatiu est\u00e0 aportant el seu granet de sorra en la cura en el nostre centre sociosanitari i com les intervencions d&#8217;expressi\u00f3 art\u00edstica estan fent una difer\u00e8ncia significativa en la vida dels nostres pacients i les seves fam\u00edlies.<\/p>\n\n\n\n<p><\/p>\n\n\n\n<h2 class=\"wp-block-heading has-text-align-center has-white-color has-text-color has-background has-medium-font-size\" style=\"background-color:#00632e\"><strong>Art Pal\u00b7liatiu: Un Enfocament Transformador<\/strong><\/h2>\n\n\n\n<p><\/p>\n\n\n\n<div class=\"wp-block-columns is-layout-flex wp-container-core-columns-is-layout-9d6595d7 wp-block-columns-is-layout-flex\">\n<div class=\"wp-block-column is-layout-flow wp-block-column-is-layout-flow\">\n<p>L&#8217;enfocament que aporta la Fundaci\u00f3 Art Pal\u00b7liatiu convida a anar m\u00e9s enll\u00e0 de la<br>atenci\u00f3 m\u00e8dica convencional. Es tracta de recon\u00e8ixer la import\u00e0ncia de la qualitat de vida i el benestar emocional dels nostres pacients, especialment aquells que enfronten malalties greus o estan en l&#8217;\u00faltima etapa de les seves vides. En Cl\u00ednica Sant Antoni, entenem que la cura no es limita a tractar s\u00edmptomes f\u00edsics, sin\u00f3 que tamb\u00e9 ha d&#8217;abordar les necessitats emocionals, psicol\u00f2giques i espirituals de cada individu.<\/p>\n<\/div>\n\n\n\n<div class=\"wp-block-column is-layout-flow wp-block-column-is-layout-flow\">\n<figure class=\"wp-block-image size-large is-resized\"><img loading=\"lazy\" decoding=\"async\" src=\"https:\/\/www.csantantoni.com\/wp-content\/uploads\/2023\/09\/1-1-1024x1024.png\" alt=\"Art-Pal\u00b7liatiu-1\" class=\"wp-image-242788\" style=\"width:340px;height:340px\" width=\"340\" height=\"340\" title=\"Art-Pal\u00b7liatiu-1\"\/><\/figure>\n<\/div>\n<\/div>\n\n\n\n<p><\/p>\n\n\n\n<h2 class=\"wp-block-heading has-text-align-center has-white-color has-text-color has-background has-medium-font-size\" style=\"background-color:#00632e\"><strong>Fundaci\u00f3 Art Pal\u00b7liatiu: Missi\u00f3 i Comprom\u00eds<\/strong><\/h2>\n\n\n\n<p><\/p>\n\n\n\n<div class=\"wp-block-columns is-layout-flex wp-container-core-columns-is-layout-9d6595d7 wp-block-columns-is-layout-flex\">\n<div class=\"wp-block-column is-layout-flow wp-block-column-is-layout-flow\" style=\"flex-basis:33.33%\">\n<figure class=\"wp-block-image size-large is-resized\"><img loading=\"lazy\" decoding=\"async\" src=\"https:\/\/www.csantantoni.com\/wp-content\/uploads\/2023\/09\/6-2-1024x1024.png\" alt=\"Art-Pal\u00b7liatiu-2\" class=\"wp-image-242796\" style=\"width:234px;height:234px\" width=\"234\" height=\"234\" title=\"Art-Pal\u00b7liatiu-2\"\/><\/figure>\n<\/div>\n\n\n\n<div class=\"wp-block-column is-layout-flow wp-block-column-is-layout-flow\" style=\"flex-basis:66.66%\">\n<p>La <strong><a href=\"http:\/\/www.artepaliativo.org\" target=\"_blank\" rel=\"noreferrer noopener\">Fundaci\u00f3 Art Pali\u00b7liatiu<\/a><\/strong> \u00e9s una organitzaci\u00f3 sense fins de lucre que comparteix el nostre comprom\u00eds amb la millora de l&#8217;atenci\u00f3 sociosanit\u00e0ria a trav\u00e9s de l&#8217;artter\u00e0pia. La seva missi\u00f3 \u00e9s reduir el dolor emocional de persones amb malalties avan\u00e7ades a trav\u00e9s de tallers d&#8217;expressi\u00f3 art\u00edstica. La seva visi\u00f3 es basa a transformar l&#8217;experi\u00e8ncia de malaltia i de final de la vida, oferint un enfocament m\u00e9s hum\u00e0 i enriquidor de la cura.<\/p>\n<\/div>\n<\/div>\n\n\n\n<div class=\"wp-block-columns is-layout-flex wp-container-core-columns-is-layout-9d6595d7 wp-block-columns-is-layout-flex\"><\/div>\n\n\n\n<p><\/p>\n\n\n\n<h2 class=\"wp-block-heading has-text-align-center has-white-color has-text-color has-background has-medium-font-size\" style=\"background-color:#00632e\">Sessions d&#8217;expressi\u00f3 art\u00edstica en el nostre centre <\/h2>\n\n\n\n<div class=\"wp-block-columns is-layout-flex wp-container-core-columns-is-layout-9d6595d7 wp-block-columns-is-layout-flex\">\n<div class=\"wp-block-column is-layout-flow wp-block-column-is-layout-flow\"><\/div>\n\n\n\n<div class=\"wp-block-column is-layout-flow wp-block-column-is-layout-flow\"><\/div>\n<\/div>\n\n\n\n<p><\/p>\n\n\n\n<div class=\"wp-block-columns is-layout-flex wp-container-core-columns-is-layout-9d6595d7 wp-block-columns-is-layout-flex\">\n<div class=\"wp-block-column is-layout-flow wp-block-column-is-layout-flow\" style=\"flex-basis:66.66%\">\n<p><\/p>\n\n\n\n<p>A trav\u00e9s de l&#8217;\u00fas de diferents formes d&#8217;expressi\u00f3 art\u00edstica i de materials i recursos, com poden ser la pintura, l&#8217;escultura, l&#8217;escriptura i la m\u00fasica, les sessions busquen donar resposta a les diferents necessitats de cada persona. Els nostres pacients no sols passen un moment agradable sin\u00f3 que tamb\u00e9 tenen l&#8217;oportunitat d&#8217;explorar i expressar les seves emocions i pensaments de manera creativa i terap\u00e8utica.<\/p>\n\n\n\n<p><\/p>\n<\/div>\n\n\n\n<div class=\"wp-block-column is-layout-flow wp-block-column-is-layout-flow\" style=\"flex-basis:33.33%\">\n<figure class=\"wp-block-image size-large is-resized\"><img loading=\"lazy\" decoding=\"async\" src=\"https:\/\/www.csantantoni.com\/wp-content\/uploads\/2023\/09\/3-2-1024x1024.png\" alt=\"Art-Pal\u00b7liatiu-3\" class=\"wp-image-242813\" style=\"width:249px;height:249px\" width=\"249\" height=\"249\" title=\"Art-Pal\u00b7liatiu-3\"\/><\/figure>\n<\/div>\n<\/div>\n\n\n\n<div class=\"wp-block-columns is-layout-flex wp-container-core-columns-is-layout-9d6595d7 wp-block-columns-is-layout-flex\">\n<div class=\"wp-block-column is-layout-flow wp-block-column-is-layout-flow\">\n<div class=\"wp-block-columns is-layout-flex wp-container-core-columns-is-layout-9d6595d7 wp-block-columns-is-layout-flex\">\n<div class=\"wp-block-column is-layout-flow wp-block-column-is-layout-flow\" style=\"flex-basis:66.66%\">\n<p><\/p>\n\n\n\n<p>En la majoria de casos, es treballa amb la hist\u00f2ria de vida de cada persona, per la qual cosa moltes de les sessions s&#8217;inspiren en records, aficions, celebracions i interessos. D&#8217;aquesta manera, els nostres pacients tenen l&#8217;oportunitat de compartir les seves hist\u00f2ries, reflexions i desitjos. Aix\u00f2 \u00e9s especialment terap\u00e8utic per a aquells que enfronten el final de la vida i desitgen deixar un llegat de les seves experi\u00e8ncies. <\/p>\n<\/div>\n\n\n\n<div class=\"wp-block-column is-layout-flow wp-block-column-is-layout-flow\" style=\"flex-basis:33.33%\">\n<figure class=\"wp-block-image size-large is-resized\"><img loading=\"lazy\" decoding=\"async\" src=\"https:\/\/www.csantantoni.com\/wp-content\/uploads\/2023\/09\/10-1024x1024.png\" alt=\"Art-Pal\u00b7liatiu-4\" class=\"wp-image-242829\" style=\"width:252px;height:252px\" width=\"252\" height=\"252\" title=\"Art-Pal\u00b7liatiu-4\"\/><\/figure>\n<\/div>\n<\/div>\n<\/div>\n<\/div>\n\n\n\n<div class=\"wp-block-columns is-layout-flex wp-container-core-columns-is-layout-9d6595d7 wp-block-columns-is-layout-flex\">\n<div class=\"wp-block-column is-layout-flow wp-block-column-is-layout-flow\" style=\"flex-basis:66.66%\">\n<p><\/p>\n\n\n\n<p><\/p>\n\n\n\n<p>Por ejemplo, muchos pacientes conectan con la propuesta de escribir e ilustrar recetas, compartiendo as\u00ed un recuerdo ligado a su amor por la cocina. Tamb\u00e9 connecten amb la idea de fer un detall pensat o dissenyat per ells mateixos, ja sigui per a decorar l&#8217;habitaci\u00f3 o regalar a alg\u00fa especial.<\/p>\n<\/div>\n\n\n\n<div class=\"wp-block-column is-layout-flow wp-block-column-is-layout-flow\" style=\"flex-basis:33.33%\">\n<figure class=\"wp-block-image size-large is-resized\"><img loading=\"lazy\" decoding=\"async\" src=\"https:\/\/www.csantantoni.com\/wp-content\/uploads\/2023\/09\/8-1024x1024.png\" alt=\"Art-Pal\u00b7liatiu-5\" class=\"wp-image-242831\" style=\"width:258px;height:258px\" width=\"258\" height=\"258\" title=\"Art-Pal\u00b7liatiu-5\"\/><\/figure>\n<\/div>\n<\/div>\n\n\n\n<p><\/p>\n\n\n\n<p>Les sessions d&#8217;expressi\u00f3 art\u00edstica brinden suport emocional i espiritual als pacients i les seves fam\u00edlies. Aix\u00f2 ajuda a abordar els temes emocionals i espirituals que sovint sorgeixen en aquesta etapa de la vida.<\/p>\n\n\n\n<h2 class=\"wp-block-heading has-text-align-center has-white-color has-text-color has-background has-medium-font-size\" style=\"background-color:#00632e\">Impacte en els nostres pacients<\/h2>\n\n\n\n<div class=\"wp-block-columns is-layout-flex wp-container-core-columns-is-layout-9d6595d7 wp-block-columns-is-layout-flex\">\n<div class=\"wp-block-column is-layout-flow wp-block-column-is-layout-flow\"><\/div>\n<\/div>\n\n\n\n<p><\/p>\n\n\n\n<div class=\"wp-block-columns is-layout-flex wp-container-core-columns-is-layout-9d6595d7 wp-block-columns-is-layout-flex\">\n<div class=\"wp-block-column is-layout-flow wp-block-column-is-layout-flow\" style=\"flex-basis:33.33%\">\n<p><\/p>\n\n\n\n<p>Els resultats d&#8217;aquestes intervencions han estat sorprenents. Els nostres pacients informen sobre una major sensaci\u00f3 de pau, una reducci\u00f3 de l&#8217;estr\u00e8s i una major qualitat de vida en general. L&#8217;oportunitat de participar en activitats creatives i expressives els permet explorar les seves emocions d&#8217;una manera que sovint \u00e9s dif\u00edcil d&#8217;aconseguir a trav\u00e9s de paraules.<\/p>\n<\/div>\n\n\n\n<div class=\"wp-block-column is-layout-flow wp-block-column-is-layout-flow\" style=\"flex-basis:66.66%\">\n<figure class=\"wp-block-image size-large is-resized\"><img loading=\"lazy\" decoding=\"async\" src=\"https:\/\/www.csantantoni.com\/wp-content\/uploads\/2023\/09\/2-1024x1024.png\" alt=\"Art Pal\u00b7liatiu -6\" class=\"wp-image-242804\" style=\"width:438px;height:438px\" width=\"438\" height=\"438\" title=\"Art-Pal\u00b7liatiu-6\"\/><\/figure>\n<\/div>\n<\/div>\n\n\n\n<p><\/p>\n\n\n\n<p><\/p>\n\n\n\n<h2 class=\"wp-block-heading has-text-align-center has-white-color has-text-color has-background has-medium-font-size\" style=\"background-color:#00632e\">Desafiaments i futur de la col\u00b7laboraci\u00f3<\/h2>\n\n\n\n<p><\/p>\n\n\n\n<div class=\"wp-block-columns is-layout-flex wp-container-core-columns-is-layout-9d6595d7 wp-block-columns-is-layout-flex\">\n<div class=\"wp-block-column is-layout-flow wp-block-column-is-layout-flow\" style=\"flex-basis:66.66%\">\n<figure class=\"wp-block-image size-large is-resized\"><img loading=\"lazy\" decoding=\"async\" src=\"https:\/\/www.csantantoni.com\/wp-content\/uploads\/2023\/09\/5-1-1024x1024.png\" alt=\"Art-Pal\u00b7liatiu-7\" class=\"wp-image-242808\" style=\"width:526px;height:526px\" width=\"526\" height=\"526\" title=\"Art-Pal\u00b7liatiu-7\"\/><\/figure>\n<\/div>\n\n\n\n<div class=\"wp-block-column is-layout-flow wp-block-column-is-layout-flow\" style=\"flex-basis:33.33%\">\n<p><\/p>\n\n\n\n<p><\/p>\n\n\n\n<p>El futur de la nostra col\u00b7laboraci\u00f3 amb la Fundaci\u00f3 Art Pal\u00b7liatiu \u00e9s prometedor. A mesura que continuem acumulant evid\u00e8ncies dels beneficis de les intervencions individuals d&#8217;expressi\u00f3 art\u00edstica esperem que aquestes es puguin anar ampliant a sessions grupals i aix\u00ed convertir-se en una part est\u00e0ndard de la cura sociosanit\u00e0ria. Aix\u00ed mateix, esperem que m\u00e9s centres adoptin aquest tipus d&#8217;iniciatives centrades en la persona.<\/p>\n<\/div>\n<\/div>\n\n\n\n<p><\/p>\n\n\n\n<h2 class=\"wp-block-heading has-text-align-center has-white-color has-text-color has-background has-medium-font-size\" style=\"background-color:#00632e\">Conclusi\u00f3<\/h2>\n\n\n\n<p><\/p>\n\n\n\n<div class=\"wp-block-columns is-layout-flex wp-container-core-columns-is-layout-9d6595d7 wp-block-columns-is-layout-flex\">\n<div class=\"wp-block-column is-layout-flow wp-block-column-is-layout-flow\">\n<div class=\"wp-block-columns is-layout-flex wp-container-core-columns-is-layout-9d6595d7 wp-block-columns-is-layout-flex\">\n<div class=\"wp-block-column is-layout-flow wp-block-column-is-layout-flow\">\n<p><\/p>\n\n\n\n<p><\/p>\n\n\n\n<div class=\"wp-block-columns is-layout-flex wp-container-core-columns-is-layout-9d6595d7 wp-block-columns-is-layout-flex\">\n<div class=\"wp-block-column is-layout-flow wp-block-column-is-layout-flow\">\n<p>A la <strong><a href=\"http:\/\/www.csantantoni.com\/la-clinica\/\" target=\"_blank\" rel=\"noreferrer noopener\">Cl\u00ednica Sant Antoni<\/a><\/strong>, estem orgullosos d&#8217;associar-nos amb la Fundaci\u00f3 Art Pal\u00b7liatiu per a transformar la cura que brindem als nostres pacients. Creiem fermament que la metodologia d&#8217;aquesta entitat ofereix un enfocament m\u00e9s hum\u00e0 i enriquidor de la cura en l&#8217;atenci\u00f3 sociosanit\u00e0ria. A trav\u00e9s de sus intervenciones de expresi\u00f3n art\u00edstica y el compromiso de nuestro personal, estamos haciendo una diferencia positiva en la vida de nuestros pacientes y sus familias, demostrando que el arte tiene el poder de sanar y enriquecer incluso en los momentos m\u00e1s desafiantes de la vida. <\/p>\n<\/div>\n\n\n\n<div class=\"wp-block-column is-layout-flow wp-block-column-is-layout-flow\">\n<figure class=\"wp-block-image size-large\"><img loading=\"lazy\" decoding=\"async\" width=\"1024\" height=\"1024\" src=\"https:\/\/www.csantantoni.com\/wp-content\/uploads\/2023\/09\/7-2-1024x1024.png\" alt=\"Art-Pal\u00b7liatiu-\" class=\"wp-image-242837\" srcset=\"https:\/\/www.csantantoni.com\/wp-content\/uploads\/2023\/09\/7-2-1024x1024.png 1024w, https:\/\/www.csantantoni.com\/wp-content\/uploads\/2023\/09\/7-2-980x980.png 980w, https:\/\/www.csantantoni.com\/wp-content\/uploads\/2023\/09\/7-2-480x480.png 480w\" sizes=\"(min-width: 0px) and (max-width: 480px) 480px, (min-width: 481px) and (max-width: 980px) 980px, (min-width: 981px) 1024px, 100vw\" \/><\/figure>\n<\/div>\n<\/div>\n<\/div>\n<\/div>\n\n\n\n<p>Estem compromesos a continuar avan\u00e7ant en aquesta direcci\u00f3, perqu\u00e8 cada dia puguem oferir una cura m\u00e9s completa i significatiu als qui confien en nosaltres en els seus moments de necessitat. Esperem que aquesta entrada del blog on hem explorat detalladament com la Fundaci\u00f3 Art Pal\u00b7liatiu est\u00e0 aportant el seu granet de sorra en la cura en el nostre centre sociosanitari i com les intervencions d&#8217;expressi\u00f3 art\u00edstica estan fent una difer\u00e8ncia significativa en la vida dels nostres pacients i les seves fam\u00edlies, us hagi agradat i interessat. <\/p>\n<\/div>\n<\/div>\n","protected":false},"excerpt":{"rendered":"<p>En el nostre comprom\u00eds continu de brindar la millor cura possible als nostres pacients, en Cl\u00ednica Sant Antoni, sempre estem buscant formes innovadores de millorar la seva qualitat de vida. Una de les iniciatives m\u00e9s inspiradores i efectives en aquest sentit \u00e9s la col\u00b7laboraci\u00f3 amb la Fundaci\u00f3 Art Pal\u00b7liatiu. En aquesta entrada de blog, explorarem [&hellip;]<\/p>\n","protected":false},"author":5,"featured_media":242811,"comment_status":"closed","ping_status":"closed","sticky":false,"template":"","format":"standard","meta":{"_et_pb_use_builder":"off","_et_pb_old_content":"","_et_gb_content_width":"","footnotes":""},"categories":[347,67],"tags":[163,165,164,148,167,162,166,111,49],"class_list":["post-242852","post","type-post","status-publish","format-standard","has-post-thumbnail","hentry","category-actualitat","category-noticies","tag-art-palliatiu","tag-centre","tag-clinica-sant-antoni-ca","tag-collaboracio","tag-cura","tag-fundacio-art-palliatiu","tag-pacients","tag-salut","tag-sociosanitari-ca"],"yoast_head":"<!-- This site is optimized with the Yoast SEO plugin v27.5 - https:\/\/yoast.com\/product\/yoast-seo-wordpress\/ -->\n<title>Ajudant a transformar la cura al nostre centre sociosanitari - Cl\u00ednica Sant Antoni<\/title>\n<meta name=\"robots\" content=\"index, follow, max-snippet:-1, max-image-preview:large, max-video-preview:-1\" \/>\n<link rel=\"canonical\" href=\"https:\/\/www.csantantoni.com\/ca\/2023\/09\/15\/ajudant-a-transformar-la-cura-en-el-nostre-centre-sociosanitari\/\" \/>\n<meta property=\"og:locale\" content=\"ca_ES\" \/>\n<meta property=\"og:type\" content=\"article\" \/>\n<meta property=\"og:title\" content=\"Ajudant a transformar la cura al nostre centre sociosanitari - Cl\u00ednica Sant Antoni\" \/>\n<meta property=\"og:description\" content=\"En aquesta entrada de blog, explorarem detalladament com la Fundaci\u00f3 Art Pal\u00b7liatiu est\u00e0 aportant un granet de sorra en la cura en el nostre centre sociosanitari i com les intervencions d&#039;expressi\u00f3 art\u00edstica estan fent una difer\u00e8ncia significativa en la vida dels nostres pacients i les seves fam\u00edlies.\" \/>\n<meta property=\"og:url\" content=\"https:\/\/www.csantantoni.com\/ca\/2023\/09\/15\/ajudant-a-transformar-la-cura-en-el-nostre-centre-sociosanitari\/\" \/>\n<meta property=\"og:site_name\" content=\"Cl\u00ednica Sant Antoni\" \/>\n<meta property=\"article:published_time\" content=\"2023-09-15T08:40:47+00:00\" \/>\n<meta property=\"article:modified_time\" content=\"2024-08-01T12:42:13+00:00\" \/>\n<meta property=\"og:image\" content=\"https:\/\/www.csantantoni.com\/wp-content\/uploads\/2023\/09\/4-1.png\" \/>\n\t<meta property=\"og:image:width\" content=\"1080\" \/>\n\t<meta property=\"og:image:height\" content=\"1080\" \/>\n\t<meta property=\"og:image:type\" content=\"image\/png\" \/>\n<meta name=\"author\" content=\"maria\" \/>\n<meta name=\"twitter:card\" content=\"summary_large_image\" \/>\n<meta name=\"twitter:label1\" content=\"Escrit per\" \/>\n\t<meta name=\"twitter:data1\" content=\"maria\" \/>\n\t<meta name=\"twitter:label2\" content=\"Temps estimat de lectura\" \/>\n\t<meta name=\"twitter:data2\" content=\"6 minuts\" \/>\n<script type=\"application\/ld+json\" class=\"yoast-schema-graph\">{\"@context\":\"https:\\\/\\\/schema.org\",\"@graph\":[{\"@type\":\"Article\",\"@id\":\"https:\\\/\\\/www.csantantoni.com\\\/ca\\\/2023\\\/09\\\/15\\\/ajudant-a-transformar-la-cura-en-el-nostre-centre-sociosanitari\\\/#article\",\"isPartOf\":{\"@id\":\"https:\\\/\\\/www.csantantoni.com\\\/ca\\\/2023\\\/09\\\/15\\\/ajudant-a-transformar-la-cura-en-el-nostre-centre-sociosanitari\\\/\"},\"author\":{\"name\":\"maria\",\"@id\":\"https:\\\/\\\/www.csantantoni.com\\\/#\\\/schema\\\/person\\\/1ac3bacc730030dd4af35da287c58da7\"},\"headline\":\"Ajudant a transformar la cura al nostre centre sociosanitari\",\"datePublished\":\"2023-09-15T08:40:47+00:00\",\"dateModified\":\"2024-08-01T12:42:13+00:00\",\"mainEntityOfPage\":{\"@id\":\"https:\\\/\\\/www.csantantoni.com\\\/ca\\\/2023\\\/09\\\/15\\\/ajudant-a-transformar-la-cura-en-el-nostre-centre-sociosanitari\\\/\"},\"wordCount\":890,\"publisher\":{\"@id\":\"https:\\\/\\\/www.csantantoni.com\\\/#organization\"},\"image\":{\"@id\":\"https:\\\/\\\/www.csantantoni.com\\\/ca\\\/2023\\\/09\\\/15\\\/ajudant-a-transformar-la-cura-en-el-nostre-centre-sociosanitari\\\/#primaryimage\"},\"thumbnailUrl\":\"https:\\\/\\\/www.csantantoni.com\\\/wp-content\\\/uploads\\\/2023\\\/09\\\/4-1.png\",\"keywords\":[\"Art Pal\u00b7liatiu\",\"Centre\",\"Clinica Sant Antoni\",\"Col\u00b7laboraci\u00f3\",\"cura\",\"Fundaci\u00f3 Art Pal\u00b7liatiu\",\"pacients\",\"salut\",\"sociosanitari\"],\"articleSection\":[\"Actualitat\",\"Not\u00edcies\"],\"inLanguage\":\"ca\"},{\"@type\":\"WebPage\",\"@id\":\"https:\\\/\\\/www.csantantoni.com\\\/ca\\\/2023\\\/09\\\/15\\\/ajudant-a-transformar-la-cura-en-el-nostre-centre-sociosanitari\\\/\",\"url\":\"https:\\\/\\\/www.csantantoni.com\\\/ca\\\/2023\\\/09\\\/15\\\/ajudant-a-transformar-la-cura-en-el-nostre-centre-sociosanitari\\\/\",\"name\":\"Ajudant a transformar la cura al nostre centre sociosanitari - Cl\u00ednica Sant Antoni\",\"isPartOf\":{\"@id\":\"https:\\\/\\\/www.csantantoni.com\\\/#website\"},\"primaryImageOfPage\":{\"@id\":\"https:\\\/\\\/www.csantantoni.com\\\/ca\\\/2023\\\/09\\\/15\\\/ajudant-a-transformar-la-cura-en-el-nostre-centre-sociosanitari\\\/#primaryimage\"},\"image\":{\"@id\":\"https:\\\/\\\/www.csantantoni.com\\\/ca\\\/2023\\\/09\\\/15\\\/ajudant-a-transformar-la-cura-en-el-nostre-centre-sociosanitari\\\/#primaryimage\"},\"thumbnailUrl\":\"https:\\\/\\\/www.csantantoni.com\\\/wp-content\\\/uploads\\\/2023\\\/09\\\/4-1.png\",\"datePublished\":\"2023-09-15T08:40:47+00:00\",\"dateModified\":\"2024-08-01T12:42:13+00:00\",\"breadcrumb\":{\"@id\":\"https:\\\/\\\/www.csantantoni.com\\\/ca\\\/2023\\\/09\\\/15\\\/ajudant-a-transformar-la-cura-en-el-nostre-centre-sociosanitari\\\/#breadcrumb\"},\"inLanguage\":\"ca\",\"potentialAction\":[{\"@type\":\"ReadAction\",\"target\":[\"https:\\\/\\\/www.csantantoni.com\\\/ca\\\/2023\\\/09\\\/15\\\/ajudant-a-transformar-la-cura-en-el-nostre-centre-sociosanitari\\\/\"]}]},{\"@type\":\"ImageObject\",\"inLanguage\":\"ca\",\"@id\":\"https:\\\/\\\/www.csantantoni.com\\\/ca\\\/2023\\\/09\\\/15\\\/ajudant-a-transformar-la-cura-en-el-nostre-centre-sociosanitari\\\/#primaryimage\",\"url\":\"https:\\\/\\\/www.csantantoni.com\\\/wp-content\\\/uploads\\\/2023\\\/09\\\/4-1.png\",\"contentUrl\":\"https:\\\/\\\/www.csantantoni.com\\\/wp-content\\\/uploads\\\/2023\\\/09\\\/4-1.png\",\"width\":1080,\"height\":1080,\"caption\":\"Arte-Paliativo-CSA\"},{\"@type\":\"BreadcrumbList\",\"@id\":\"https:\\\/\\\/www.csantantoni.com\\\/ca\\\/2023\\\/09\\\/15\\\/ajudant-a-transformar-la-cura-en-el-nostre-centre-sociosanitari\\\/#breadcrumb\",\"itemListElement\":[{\"@type\":\"ListItem\",\"position\":1,\"name\":\"Portada\",\"item\":\"https:\\\/\\\/www.csantantoni.com\\\/\"},{\"@type\":\"ListItem\",\"position\":2,\"name\":\"Ajudant a transformar la cura al nostre centre sociosanitari\"}]},{\"@type\":\"WebSite\",\"@id\":\"https:\\\/\\\/www.csantantoni.com\\\/#website\",\"url\":\"https:\\\/\\\/www.csantantoni.com\\\/\",\"name\":\"Cl\u00ednica Sant Antoni\",\"description\":\"Web de Cl\u00ednica Sant Antoni\",\"publisher\":{\"@id\":\"https:\\\/\\\/www.csantantoni.com\\\/#organization\"},\"potentialAction\":[{\"@type\":\"SearchAction\",\"target\":{\"@type\":\"EntryPoint\",\"urlTemplate\":\"https:\\\/\\\/www.csantantoni.com\\\/?s={search_term_string}\"},\"query-input\":{\"@type\":\"PropertyValueSpecification\",\"valueRequired\":true,\"valueName\":\"search_term_string\"}}],\"inLanguage\":\"ca\"},{\"@type\":\"Organization\",\"@id\":\"https:\\\/\\\/www.csantantoni.com\\\/#organization\",\"name\":\"Cl\u00ednica Sant Antoni\",\"url\":\"https:\\\/\\\/www.csantantoni.com\\\/\",\"logo\":{\"@type\":\"ImageObject\",\"inLanguage\":\"ca\",\"@id\":\"https:\\\/\\\/www.csantantoni.com\\\/#\\\/schema\\\/logo\\\/image\\\/\",\"url\":\"https:\\\/\\\/www.csantantoni.com\\\/wp-content\\\/uploads\\\/2022\\\/10\\\/clinica-sant-antoni-01.jpg\",\"contentUrl\":\"https:\\\/\\\/www.csantantoni.com\\\/wp-content\\\/uploads\\\/2022\\\/10\\\/clinica-sant-antoni-01.jpg\",\"width\":1980,\"height\":1315,\"caption\":\"Cl\u00ednica Sant Antoni\"},\"image\":{\"@id\":\"https:\\\/\\\/www.csantantoni.com\\\/#\\\/schema\\\/logo\\\/image\\\/\"}},{\"@type\":\"Person\",\"@id\":\"https:\\\/\\\/www.csantantoni.com\\\/#\\\/schema\\\/person\\\/1ac3bacc730030dd4af35da287c58da7\",\"name\":\"maria\",\"image\":{\"@type\":\"ImageObject\",\"inLanguage\":\"ca\",\"@id\":\"https:\\\/\\\/secure.gravatar.com\\\/avatar\\\/6976c4514c3f1e1daef2f5047bdeca80837d6cb7a7b437f151495dbc2b911500?s=96&d=mm&r=g\",\"url\":\"https:\\\/\\\/secure.gravatar.com\\\/avatar\\\/6976c4514c3f1e1daef2f5047bdeca80837d6cb7a7b437f151495dbc2b911500?s=96&d=mm&r=g\",\"contentUrl\":\"https:\\\/\\\/secure.gravatar.com\\\/avatar\\\/6976c4514c3f1e1daef2f5047bdeca80837d6cb7a7b437f151495dbc2b911500?s=96&d=mm&r=g\",\"caption\":\"maria\"},\"url\":\"https:\\\/\\\/www.csantantoni.com\\\/ca\\\/author\\\/maria\\\/\"}]}<\/script>\n<!-- \/ Yoast SEO plugin. -->","yoast_head_json":{"title":"Ajudant a transformar la cura al nostre centre sociosanitari - Cl\u00ednica Sant Antoni","robots":{"index":"index","follow":"follow","max-snippet":"max-snippet:-1","max-image-preview":"max-image-preview:large","max-video-preview":"max-video-preview:-1"},"canonical":"https:\/\/www.csantantoni.com\/ca\/2023\/09\/15\/ajudant-a-transformar-la-cura-en-el-nostre-centre-sociosanitari\/","og_locale":"ca_ES","og_type":"article","og_title":"Ajudant a transformar la cura al nostre centre sociosanitari - Cl\u00ednica Sant Antoni","og_description":"En aquesta entrada de blog, explorarem detalladament com la Fundaci\u00f3 Art Pal\u00b7liatiu est\u00e0 aportant un granet de sorra en la cura en el nostre centre sociosanitari i com les intervencions d'expressi\u00f3 art\u00edstica estan fent una difer\u00e8ncia significativa en la vida dels nostres pacients i les seves fam\u00edlies.","og_url":"https:\/\/www.csantantoni.com\/ca\/2023\/09\/15\/ajudant-a-transformar-la-cura-en-el-nostre-centre-sociosanitari\/","og_site_name":"Cl\u00ednica Sant Antoni","article_published_time":"2023-09-15T08:40:47+00:00","article_modified_time":"2024-08-01T12:42:13+00:00","og_image":[{"width":1080,"height":1080,"url":"https:\/\/www.csantantoni.com\/wp-content\/uploads\/2023\/09\/4-1.png","type":"image\/png"}],"author":"maria","twitter_card":"summary_large_image","twitter_misc":{"Escrit per":"maria","Temps estimat de lectura":"6 minuts"},"schema":{"@context":"https:\/\/schema.org","@graph":[{"@type":"Article","@id":"https:\/\/www.csantantoni.com\/ca\/2023\/09\/15\/ajudant-a-transformar-la-cura-en-el-nostre-centre-sociosanitari\/#article","isPartOf":{"@id":"https:\/\/www.csantantoni.com\/ca\/2023\/09\/15\/ajudant-a-transformar-la-cura-en-el-nostre-centre-sociosanitari\/"},"author":{"name":"maria","@id":"https:\/\/www.csantantoni.com\/#\/schema\/person\/1ac3bacc730030dd4af35da287c58da7"},"headline":"Ajudant a transformar la cura al nostre centre sociosanitari","datePublished":"2023-09-15T08:40:47+00:00","dateModified":"2024-08-01T12:42:13+00:00","mainEntityOfPage":{"@id":"https:\/\/www.csantantoni.com\/ca\/2023\/09\/15\/ajudant-a-transformar-la-cura-en-el-nostre-centre-sociosanitari\/"},"wordCount":890,"publisher":{"@id":"https:\/\/www.csantantoni.com\/#organization"},"image":{"@id":"https:\/\/www.csantantoni.com\/ca\/2023\/09\/15\/ajudant-a-transformar-la-cura-en-el-nostre-centre-sociosanitari\/#primaryimage"},"thumbnailUrl":"https:\/\/www.csantantoni.com\/wp-content\/uploads\/2023\/09\/4-1.png","keywords":["Art Pal\u00b7liatiu","Centre","Clinica Sant Antoni","Col\u00b7laboraci\u00f3","cura","Fundaci\u00f3 Art Pal\u00b7liatiu","pacients","salut","sociosanitari"],"articleSection":["Actualitat","Not\u00edcies"],"inLanguage":"ca"},{"@type":"WebPage","@id":"https:\/\/www.csantantoni.com\/ca\/2023\/09\/15\/ajudant-a-transformar-la-cura-en-el-nostre-centre-sociosanitari\/","url":"https:\/\/www.csantantoni.com\/ca\/2023\/09\/15\/ajudant-a-transformar-la-cura-en-el-nostre-centre-sociosanitari\/","name":"Ajudant a transformar la cura al nostre centre sociosanitari - Cl\u00ednica Sant Antoni","isPartOf":{"@id":"https:\/\/www.csantantoni.com\/#website"},"primaryImageOfPage":{"@id":"https:\/\/www.csantantoni.com\/ca\/2023\/09\/15\/ajudant-a-transformar-la-cura-en-el-nostre-centre-sociosanitari\/#primaryimage"},"image":{"@id":"https:\/\/www.csantantoni.com\/ca\/2023\/09\/15\/ajudant-a-transformar-la-cura-en-el-nostre-centre-sociosanitari\/#primaryimage"},"thumbnailUrl":"https:\/\/www.csantantoni.com\/wp-content\/uploads\/2023\/09\/4-1.png","datePublished":"2023-09-15T08:40:47+00:00","dateModified":"2024-08-01T12:42:13+00:00","breadcrumb":{"@id":"https:\/\/www.csantantoni.com\/ca\/2023\/09\/15\/ajudant-a-transformar-la-cura-en-el-nostre-centre-sociosanitari\/#breadcrumb"},"inLanguage":"ca","potentialAction":[{"@type":"ReadAction","target":["https:\/\/www.csantantoni.com\/ca\/2023\/09\/15\/ajudant-a-transformar-la-cura-en-el-nostre-centre-sociosanitari\/"]}]},{"@type":"ImageObject","inLanguage":"ca","@id":"https:\/\/www.csantantoni.com\/ca\/2023\/09\/15\/ajudant-a-transformar-la-cura-en-el-nostre-centre-sociosanitari\/#primaryimage","url":"https:\/\/www.csantantoni.com\/wp-content\/uploads\/2023\/09\/4-1.png","contentUrl":"https:\/\/www.csantantoni.com\/wp-content\/uploads\/2023\/09\/4-1.png","width":1080,"height":1080,"caption":"Arte-Paliativo-CSA"},{"@type":"BreadcrumbList","@id":"https:\/\/www.csantantoni.com\/ca\/2023\/09\/15\/ajudant-a-transformar-la-cura-en-el-nostre-centre-sociosanitari\/#breadcrumb","itemListElement":[{"@type":"ListItem","position":1,"name":"Portada","item":"https:\/\/www.csantantoni.com\/"},{"@type":"ListItem","position":2,"name":"Ajudant a transformar la cura al nostre centre sociosanitari"}]},{"@type":"WebSite","@id":"https:\/\/www.csantantoni.com\/#website","url":"https:\/\/www.csantantoni.com\/","name":"Cl\u00ednica Sant Antoni","description":"Web de Cl\u00ednica Sant Antoni","publisher":{"@id":"https:\/\/www.csantantoni.com\/#organization"},"potentialAction":[{"@type":"SearchAction","target":{"@type":"EntryPoint","urlTemplate":"https:\/\/www.csantantoni.com\/?s={search_term_string}"},"query-input":{"@type":"PropertyValueSpecification","valueRequired":true,"valueName":"search_term_string"}}],"inLanguage":"ca"},{"@type":"Organization","@id":"https:\/\/www.csantantoni.com\/#organization","name":"Cl\u00ednica Sant Antoni","url":"https:\/\/www.csantantoni.com\/","logo":{"@type":"ImageObject","inLanguage":"ca","@id":"https:\/\/www.csantantoni.com\/#\/schema\/logo\/image\/","url":"https:\/\/www.csantantoni.com\/wp-content\/uploads\/2022\/10\/clinica-sant-antoni-01.jpg","contentUrl":"https:\/\/www.csantantoni.com\/wp-content\/uploads\/2022\/10\/clinica-sant-antoni-01.jpg","width":1980,"height":1315,"caption":"Cl\u00ednica Sant Antoni"},"image":{"@id":"https:\/\/www.csantantoni.com\/#\/schema\/logo\/image\/"}},{"@type":"Person","@id":"https:\/\/www.csantantoni.com\/#\/schema\/person\/1ac3bacc730030dd4af35da287c58da7","name":"maria","image":{"@type":"ImageObject","inLanguage":"ca","@id":"https:\/\/secure.gravatar.com\/avatar\/6976c4514c3f1e1daef2f5047bdeca80837d6cb7a7b437f151495dbc2b911500?s=96&d=mm&r=g","url":"https:\/\/secure.gravatar.com\/avatar\/6976c4514c3f1e1daef2f5047bdeca80837d6cb7a7b437f151495dbc2b911500?s=96&d=mm&r=g","contentUrl":"https:\/\/secure.gravatar.com\/avatar\/6976c4514c3f1e1daef2f5047bdeca80837d6cb7a7b437f151495dbc2b911500?s=96&d=mm&r=g","caption":"maria"},"url":"https:\/\/www.csantantoni.com\/ca\/author\/maria\/"}]}},"_links":{"self":[{"href":"https:\/\/www.csantantoni.com\/ca\/wp-json\/wp\/v2\/posts\/242852","targetHints":{"allow":["GET"]}}],"collection":[{"href":"https:\/\/www.csantantoni.com\/ca\/wp-json\/wp\/v2\/posts"}],"about":[{"href":"https:\/\/www.csantantoni.com\/ca\/wp-json\/wp\/v2\/types\/post"}],"author":[{"embeddable":true,"href":"https:\/\/www.csantantoni.com\/ca\/wp-json\/wp\/v2\/users\/5"}],"replies":[{"embeddable":true,"href":"https:\/\/www.csantantoni.com\/ca\/wp-json\/wp\/v2\/comments?post=242852"}],"version-history":[{"count":4,"href":"https:\/\/www.csantantoni.com\/ca\/wp-json\/wp\/v2\/posts\/242852\/revisions"}],"predecessor-version":[{"id":245581,"href":"https:\/\/www.csantantoni.com\/ca\/wp-json\/wp\/v2\/posts\/242852\/revisions\/245581"}],"wp:featuredmedia":[{"embeddable":true,"href":"https:\/\/www.csantantoni.com\/ca\/wp-json\/wp\/v2\/media\/242811"}],"wp:attachment":[{"href":"https:\/\/www.csantantoni.com\/ca\/wp-json\/wp\/v2\/media?parent=242852"}],"wp:term":[{"taxonomy":"category","embeddable":true,"href":"https:\/\/www.csantantoni.com\/ca\/wp-json\/wp\/v2\/categories?post=242852"},{"taxonomy":"post_tag","embeddable":true,"href":"https:\/\/www.csantantoni.com\/ca\/wp-json\/wp\/v2\/tags?post=242852"}],"curies":[{"name":"wp","href":"https:\/\/api.w.org\/{rel}","templated":true}]}}