{"id":244135,"date":"2024-02-15T12:19:05","date_gmt":"2024-02-15T12:19:05","guid":{"rendered":"https:\/\/www.csantantoni.com\/?p=244135"},"modified":"2024-02-15T13:36:52","modified_gmt":"2024-02-15T13:36:52","slug":"exit-de-la-ii-jornada-sobre-terapia-compressiva-en-la-cura-de-ferides-de-lextremitat-inferior","status":"publish","type":"post","link":"https:\/\/www.csantantoni.com\/ca\/2024\/02\/15\/exit-de-la-ii-jornada-sobre-terapia-compressiva-en-la-cura-de-ferides-de-lextremitat-inferior\/","title":{"rendered":"\u00c8xit de la II Jornada sobre Ter\u00e0pia Compressiva en la Cura de Ferides de l&#8217;Extremitat Inferior"},"content":{"rendered":"\n<figure class=\"wp-block-image size-large\"><img loading=\"lazy\" decoding=\"async\" width=\"1024\" height=\"313\" src=\"https:\/\/www.csantantoni.com\/wp-content\/uploads\/2024\/02\/II-Jornada-sobre-terapia-compressiva-1024x313.jpg\" alt=\"\" class=\"wp-image-244179\" srcset=\"https:\/\/www.csantantoni.com\/wp-content\/uploads\/2024\/02\/II-Jornada-sobre-terapia-compressiva-980x299.jpg 980w, https:\/\/www.csantantoni.com\/wp-content\/uploads\/2024\/02\/II-Jornada-sobre-terapia-compressiva-480x147.jpg 480w\" sizes=\"(min-width: 0px) and (max-width: 480px) 480px, (min-width: 481px) and (max-width: 980px) 980px, (min-width: 981px) 1024px, 100vw\" \/><\/figure>\n\n\n\n<p><\/p>\n\n\n\n<p><mark style=\"background-color:rgba(0, 0, 0, 0)\" class=\"has-inline-color has-black-color\">La Cl\u00ednica Sant Antoni es complau en anunciar l&#8217;\u00e8xit rotund de la<\/mark> <strong>II Jornada sobre Ter\u00e0pia Compressiva en la Cura de Ferides de l&#8217;Extremitat Inferior,<\/strong> <mark style=\"background-color:rgba(0, 0, 0, 0)\" class=\"has-inline-color has-black-color\">celebrada el passat 25 de gener a les nostres instal\u00b7lacions.<\/mark><\/p>\n\n\n\n<figure class=\"wp-block-image size-large is-resized\"><img loading=\"lazy\" decoding=\"async\" width=\"1024\" height=\"768\" src=\"https:\/\/www.csantantoni.com\/wp-content\/uploads\/2024\/02\/GEtHRgcWQAAK0YQ-1024x768.jpg\" alt=\"Sala Dr. Pedro Ayesa\" class=\"wp-image-244138\" style=\"width:823px;height:auto\" srcset=\"https:\/\/www.csantantoni.com\/wp-content\/uploads\/2024\/02\/GEtHRgcWQAAK0YQ-980x735.jpg 980w, https:\/\/www.csantantoni.com\/wp-content\/uploads\/2024\/02\/GEtHRgcWQAAK0YQ-480x360.jpg 480w\" sizes=\"(min-width: 0px) and (max-width: 480px) 480px, (min-width: 481px) and (max-width: 980px) 980px, (min-width: 981px) 1024px, 100vw\" \/><figcaption class=\"wp-element-caption\"><mark style=\"background-color:rgba(0, 0, 0, 0)\" class=\"has-inline-color has-black-color\">Assistents a la jornada a la sala Dr. Pedro Ayesa &#8211; Cl\u00ednica Sant Antoni<\/mark><\/figcaption><\/figure>\n\n\n\n<p class=\"has-text-color has-link-color wp-elements-1aaa96abd314d87a9a670f3bebf8bfef\" style=\"color:#00632e\"><\/p>\n\n\n\n<p><mark style=\"background-color:rgba(0, 0, 0, 0)\" class=\"has-inline-color has-black-color\">L&#8217;esdeveniment va ser inaugurat amb un c\u00e0lid missatge de benvinguda del nostre Director M\u00e8dic, el <strong>Dr. Julio Duran,<\/strong> que va donar el tret de sortida a una jornada intensa i enriquidora. M\u00e9s de 100 professionals del m\u00f3n de la salut van assistir a aquesta jornada, interessats a con\u00e8ixer les \u00faltimes tend\u00e8ncies i t\u00e8cniques en ter\u00e0pia compressiva.<\/mark><\/p>\n\n\n\n<figure class=\"wp-block-image size-large is-resized\"><img loading=\"lazy\" decoding=\"async\" width=\"1024\" height=\"768\" src=\"https:\/\/www.csantantoni.com\/wp-content\/uploads\/2024\/02\/GEtHRgfXIAAnxAw-1024x768.jpg\" alt=\"Xerrada inaugural - D'esquerra a dreta:\nDr. Julio Duran (Cl\u00ednica Sant Antoni), Dan Bret\u00f3n (Cl\u00ednica Sant Antoni), Gemma Mart\u00ednez i Marta Pascuas\" class=\"wp-image-244136\" style=\"width:823px;height:auto\" srcset=\"https:\/\/www.csantantoni.com\/wp-content\/uploads\/2024\/02\/GEtHRgfXIAAnxAw-980x735.jpg 980w, https:\/\/www.csantantoni.com\/wp-content\/uploads\/2024\/02\/GEtHRgfXIAAnxAw-480x360.jpg 480w\" sizes=\"(min-width: 0px) and (max-width: 480px) 480px, (min-width: 481px) and (max-width: 980px) 980px, (min-width: 981px) 1024px, 100vw\" \/><figcaption class=\"wp-element-caption\"><mark style=\"background-color:rgba(0, 0, 0, 0)\" class=\"has-inline-color has-black-color\">Xerrada inaugural &#8211; D&#8217;esquerra a dreta: <strong>Dr. Julio Duran<\/strong> (Cl\u00ednica Sant Antoni),<strong> Dan Bret\u00f3n <\/strong>(Cl\u00ednica Sant Antoni), Gemma Mart\u00ednez i Marta Pascuas<\/mark><\/figcaption><\/figure>\n\n\n\n<p><mark style=\"background-color:rgba(0, 0, 0, 0)\" class=\"has-inline-color has-black-color\">Destacar especialment la participaci\u00f3 de la nostra estimada coordinadora d&#8217;infermeria, <strong>l&#8217;Amparo S\u00e0nchez<\/strong>, en la taula rodona moderada per Marisa Mart\u00ed, on es van debatre temes rellevants sobre la compressi\u00f3 venosa i la seva aplicaci\u00f3 pr\u00e0ctica.<\/mark><\/p>\n\n\n\n<p><mark style=\"background-color:rgba(0, 0, 0, 0)\" class=\"has-inline-color has-black-color\">El programa va oferir una varietat de sessions informatives, presentacions de casos cl\u00ednics i pon\u00e8ncies a c\u00e0rrec d&#8217;experts reconeguts en el camp.<\/mark><\/p>\n\n\n\n<p> <mark style=\"background-color:rgba(0, 0, 0, 0)\" class=\"has-inline-color has-black-color\">A m\u00e9s, volem destacar que el c\u00e0tering de la <a href=\"http:\/\/www.csantantoni.com\"><strong>Cl\u00ednica Sant Antoni<\/strong><\/a> va ser un \u00e8xit, contribuint a crear un ambient propici per a l&#8217;intercanvi de coneixements i experi\u00e8ncies entre els assistents. Els assistents van poder gaudir d&#8217;una selecci\u00f3 cuidadosament elaborada de del\u00edcies gastron\u00f2miques, que reflectien l&#8217;excel\u00b7l\u00e8ncia culin\u00e0ria per la qual es caracteritza <strong><a href=\"http:\/\/www.cateringsantantoni.com\">C\u00e0tering Sant Antoni<\/a>. <\/strong><\/mark><\/p>\n\n\n\n<p><\/p>\n\n\n\n<div class=\"wp-block-columns is-layout-flex wp-container-core-columns-is-layout-9d6595d7 wp-block-columns-is-layout-flex\">\n<div class=\"wp-block-column is-layout-flow wp-block-column-is-layout-flow\">\n<figure class=\"wp-block-image size-large\"><img loading=\"lazy\" decoding=\"async\" width=\"576\" height=\"1024\" src=\"https:\/\/www.csantantoni.com\/wp-content\/uploads\/2024\/02\/IMG_20240125_102502-576x1024.jpg\" alt=\"\" class=\"wp-image-244177\"\/><\/figure>\n<\/div>\n\n\n\n<div class=\"wp-block-column is-layout-flow wp-block-column-is-layout-flow\">\n<figure class=\"wp-block-image size-large\"><img loading=\"lazy\" decoding=\"async\" width=\"576\" height=\"1024\" src=\"https:\/\/www.csantantoni.com\/wp-content\/uploads\/2024\/02\/IMG_20240125_145100-1-576x1024.jpg\" alt=\"Aperitiu que es va servir al finalitzar la jornada. \" class=\"wp-image-244160\"\/><\/figure>\n<\/div>\n<\/div>\n\n\n\n<p><\/p>\n\n\n\n<p><mark style=\"background-color:rgba(0, 0, 0, 0)\" class=\"has-inline-color has-black-color\">Des de la<a href=\"http:\/\/www.csantantoni.com\"> <strong>Cl\u00ednica Sant Antoni<\/strong><\/a>, volem expressar el nostre sincer agra\u00efment a tots els col\u00b7laboradors que van fer possible la jornada. <strong><em>AISBE (\u00c0rea Integral de Salut de l&#8217;Eixample Esquerra), Servei d&#8217;Atenci\u00f3 Prim\u00e0ria Litoral-Esquerra de Barcelona, Hospital Cl\u00ednic, Hospital Universitari Sagrat Cor, EAP Sarri\u00e0, CAPSBE (Consorci d&#8217;Atenci\u00f3 Prim\u00e0ria de Salut Barcelona Esquerra), CAP Les Hortes i Colis\u00e9e. <\/em><\/strong><\/mark><\/p>\n\n\n\n<p><mark style=\"background-color:rgba(0, 0, 0, 0)\" class=\"has-inline-color has-black-color\">Aix\u00ed mateix, no volem oblidar-nos dels diferents laboratoris que han participat:  \u00a0<a href=\"https:\/\/www.linkedin.com\/company\/essity\/\">Essity<\/a>\u00a0<a href=\"https:\/\/www.linkedin.com\/company\/cutimed\/\">Cutimed<\/a>\u00a0<a href=\"https:\/\/www.linkedin.com\/company\/urgomedical\/\">Urgo Medical<\/a>\u00a0<a href=\"https:\/\/www.linkedin.com\/company\/farmaban\/\">Farmaban<\/a>\u00a0<a href=\"https:\/\/www.linkedin.com\/company\/medispain-sl\/\">MEDISPAIN SL<\/a><\/mark><\/p>\n\n\n\n<p><mark style=\"background-color:rgba(0, 0, 0, 0)\" class=\"has-inline-color has-black-color\">Una vegada m\u00e9s reiterem la nostra satisfacci\u00f3 davant l&#8217;excel\u00b7lent acollida de II Jornada sobre Ter\u00e0pia Compressiva en la Cura de Ferides de l&#8217;Extremitat Inferior, i l&#8217;alta gratitud expressada pels assistents tant amb els ponents com amb l&#8217;organitzaci\u00f3 en general.<\/mark><\/p>\n\n\n\n<p><\/p>\n\n\n\n<p><mark style=\"background-color:rgba(0, 0, 0, 0)\" class=\"has-inline-color has-black-color\">Font pr\u00f2pia<\/mark><\/p>\n","protected":false},"excerpt":{"rendered":"<p>La Cl\u00ednica Sant Antoni es complau en anunciar l&#8217;\u00e8xit rotund de la II Jornada sobre Ter\u00e0pia Compressiva en la Cura de Ferides de l&#8217;Extremitat Inferior, celebrada el passat 25 de gener a les nostres instal\u00b7lacions. L&#8217;esdeveniment va ser inaugurat amb un c\u00e0lid missatge de benvinguda del nostre Director M\u00e8dic, el Dr. Julio Duran, que va [&hellip;]<\/p>\n","protected":false},"author":5,"featured_media":244172,"comment_status":"closed","ping_status":"closed","sticky":false,"template":"","format":"standard","meta":{"_et_pb_use_builder":"","_et_pb_old_content":"","_et_gb_content_width":"","footnotes":""},"categories":[12,67],"tags":[190,191,189,111,195,49,196,192],"class_list":["post-244135","post","type-post","status-publish","format-standard","has-post-thumbnail","hentry","category-noticias","category-noticies","tag-aisbe-2","tag-ferides","tag-jornada-2","tag-salut","tag-sanitat","tag-sociosanitari-ca","tag-terapia-compressiva-2","tag-ulceres"],"yoast_head":"<!-- This site is optimized with the Yoast SEO plugin v27.5 - https:\/\/yoast.com\/product\/yoast-seo-wordpress\/ -->\n<title>\u00c8xit de la II Jornada sobre Ter\u00e0pia Compressiva en la Cura de Ferides de l&#039;Extremitat Inferior - Cl\u00ednica Sant Antoni<\/title>\n<meta name=\"description\" content=\"La Cl\u00ednica Sant Antoni ha acollit la II Jornada sobre Ter\u00e0pia Compressiva en la Cura de Ferides de l&#039;Extremitat Inferior.\" \/>\n<meta name=\"robots\" content=\"index, follow, max-snippet:-1, max-video-preview:-1, noimageindex\" \/>\n<link rel=\"canonical\" href=\"https:\/\/www.csantantoni.com\/ca\/2024\/02\/15\/exit-de-la-ii-jornada-sobre-terapia-compressiva-en-la-cura-de-ferides-de-lextremitat-inferior\/\" \/>\n<meta property=\"og:locale\" content=\"ca_ES\" \/>\n<meta property=\"og:type\" content=\"article\" \/>\n<meta property=\"og:title\" content=\"II Jornada sobre Ter\u00e0pia Compressiva en la Cura de Ferides de l&#039;Extremitat Inferior.\" \/>\n<meta property=\"og:description\" content=\"El passat 25 de gener, a les instal\u00b7lacions de la Cl\u00ednica Sant Antoni, es va dur a terme la II Jornada sobre Ter\u00e0pia Compressiva en la Cura de Ferides de l&#039;Extremitat Inferior.\" \/>\n<meta property=\"og:url\" content=\"https:\/\/www.csantantoni.com\/ca\/2024\/02\/15\/exit-de-la-ii-jornada-sobre-terapia-compressiva-en-la-cura-de-ferides-de-lextremitat-inferior\/\" \/>\n<meta property=\"og:site_name\" content=\"Cl\u00ednica Sant Antoni\" \/>\n<meta property=\"article:published_time\" content=\"2024-02-15T12:19:05+00:00\" \/>\n<meta property=\"article:modified_time\" content=\"2024-02-15T13:36:52+00:00\" \/>\n<meta property=\"og:image\" content=\"https:\/\/www.csantantoni.com\/wp-content\/uploads\/2024\/02\/GEtHRgcWQAAK0YQ.jpg\" \/>\n\t<meta property=\"og:image:width\" content=\"2048\" \/>\n\t<meta property=\"og:image:height\" content=\"1536\" \/>\n\t<meta property=\"og:image:type\" content=\"image\/jpeg\" \/>\n<meta name=\"author\" content=\"maria\" \/>\n<meta name=\"twitter:card\" content=\"summary_large_image\" \/>\n<meta name=\"twitter:label1\" content=\"Escrit per\" \/>\n\t<meta name=\"twitter:data1\" content=\"maria\" \/>\n\t<meta name=\"twitter:label2\" content=\"Temps estimat de lectura\" \/>\n\t<meta name=\"twitter:data2\" content=\"3 minuts\" \/>\n<script type=\"application\/ld+json\" class=\"yoast-schema-graph\">{\"@context\":\"https:\\\/\\\/schema.org\",\"@graph\":[{\"@type\":\"Article\",\"@id\":\"https:\\\/\\\/www.csantantoni.com\\\/ca\\\/2024\\\/02\\\/15\\\/exit-de-la-ii-jornada-sobre-terapia-compressiva-en-la-cura-de-ferides-de-lextremitat-inferior\\\/#article\",\"isPartOf\":{\"@id\":\"https:\\\/\\\/www.csantantoni.com\\\/ca\\\/2024\\\/02\\\/15\\\/exit-de-la-ii-jornada-sobre-terapia-compressiva-en-la-cura-de-ferides-de-lextremitat-inferior\\\/\"},\"author\":{\"name\":\"maria\",\"@id\":\"https:\\\/\\\/www.csantantoni.com\\\/#\\\/schema\\\/person\\\/1ac3bacc730030dd4af35da287c58da7\"},\"headline\":\"\u00c8xit de la II Jornada sobre Ter\u00e0pia Compressiva en la Cura de Ferides de l&#8217;Extremitat Inferior\",\"datePublished\":\"2024-02-15T12:19:05+00:00\",\"dateModified\":\"2024-02-15T13:36:52+00:00\",\"mainEntityOfPage\":{\"@id\":\"https:\\\/\\\/www.csantantoni.com\\\/ca\\\/2024\\\/02\\\/15\\\/exit-de-la-ii-jornada-sobre-terapia-compressiva-en-la-cura-de-ferides-de-lextremitat-inferior\\\/\"},\"wordCount\":431,\"publisher\":{\"@id\":\"https:\\\/\\\/www.csantantoni.com\\\/#organization\"},\"image\":{\"@id\":\"https:\\\/\\\/www.csantantoni.com\\\/ca\\\/2024\\\/02\\\/15\\\/exit-de-la-ii-jornada-sobre-terapia-compressiva-en-la-cura-de-ferides-de-lextremitat-inferior\\\/#primaryimage\"},\"thumbnailUrl\":\"https:\\\/\\\/www.csantantoni.com\\\/wp-content\\\/uploads\\\/2024\\\/02\\\/IMG_20240125_121109-1-scaled.jpg\",\"keywords\":[\"AISBE\",\"ferides\",\"jornada\",\"salut\",\"sanitat\",\"sociosanitari\",\"ter\u00e0pia compressiva\",\"ulceres\"],\"articleSection\":[\"Noticias\",\"Not\u00edcies\"],\"inLanguage\":\"ca\"},{\"@type\":\"WebPage\",\"@id\":\"https:\\\/\\\/www.csantantoni.com\\\/ca\\\/2024\\\/02\\\/15\\\/exit-de-la-ii-jornada-sobre-terapia-compressiva-en-la-cura-de-ferides-de-lextremitat-inferior\\\/\",\"url\":\"https:\\\/\\\/www.csantantoni.com\\\/ca\\\/2024\\\/02\\\/15\\\/exit-de-la-ii-jornada-sobre-terapia-compressiva-en-la-cura-de-ferides-de-lextremitat-inferior\\\/\",\"name\":\"\u00c8xit de la II Jornada sobre Ter\u00e0pia Compressiva en la Cura de Ferides de l'Extremitat Inferior - Cl\u00ednica Sant Antoni\",\"isPartOf\":{\"@id\":\"https:\\\/\\\/www.csantantoni.com\\\/#website\"},\"primaryImageOfPage\":{\"@id\":\"https:\\\/\\\/www.csantantoni.com\\\/ca\\\/2024\\\/02\\\/15\\\/exit-de-la-ii-jornada-sobre-terapia-compressiva-en-la-cura-de-ferides-de-lextremitat-inferior\\\/#primaryimage\"},\"image\":{\"@id\":\"https:\\\/\\\/www.csantantoni.com\\\/ca\\\/2024\\\/02\\\/15\\\/exit-de-la-ii-jornada-sobre-terapia-compressiva-en-la-cura-de-ferides-de-lextremitat-inferior\\\/#primaryimage\"},\"thumbnailUrl\":\"https:\\\/\\\/www.csantantoni.com\\\/wp-content\\\/uploads\\\/2024\\\/02\\\/IMG_20240125_121109-1-scaled.jpg\",\"datePublished\":\"2024-02-15T12:19:05+00:00\",\"dateModified\":\"2024-02-15T13:36:52+00:00\",\"description\":\"La Cl\u00ednica Sant Antoni ha acollit la II Jornada sobre Ter\u00e0pia Compressiva en la Cura de Ferides de l'Extremitat Inferior.\",\"breadcrumb\":{\"@id\":\"https:\\\/\\\/www.csantantoni.com\\\/ca\\\/2024\\\/02\\\/15\\\/exit-de-la-ii-jornada-sobre-terapia-compressiva-en-la-cura-de-ferides-de-lextremitat-inferior\\\/#breadcrumb\"},\"inLanguage\":\"ca\",\"potentialAction\":[{\"@type\":\"ReadAction\",\"target\":[\"https:\\\/\\\/www.csantantoni.com\\\/ca\\\/2024\\\/02\\\/15\\\/exit-de-la-ii-jornada-sobre-terapia-compressiva-en-la-cura-de-ferides-de-lextremitat-inferior\\\/\"]}]},{\"@type\":\"ImageObject\",\"inLanguage\":\"ca\",\"@id\":\"https:\\\/\\\/www.csantantoni.com\\\/ca\\\/2024\\\/02\\\/15\\\/exit-de-la-ii-jornada-sobre-terapia-compressiva-en-la-cura-de-ferides-de-lextremitat-inferior\\\/#primaryimage\",\"url\":\"https:\\\/\\\/www.csantantoni.com\\\/wp-content\\\/uploads\\\/2024\\\/02\\\/IMG_20240125_121109-1-scaled.jpg\",\"contentUrl\":\"https:\\\/\\\/www.csantantoni.com\\\/wp-content\\\/uploads\\\/2024\\\/02\\\/IMG_20240125_121109-1-scaled.jpg\",\"width\":2560,\"height\":1440},{\"@type\":\"BreadcrumbList\",\"@id\":\"https:\\\/\\\/www.csantantoni.com\\\/ca\\\/2024\\\/02\\\/15\\\/exit-de-la-ii-jornada-sobre-terapia-compressiva-en-la-cura-de-ferides-de-lextremitat-inferior\\\/#breadcrumb\",\"itemListElement\":[{\"@type\":\"ListItem\",\"position\":1,\"name\":\"Portada\",\"item\":\"https:\\\/\\\/www.csantantoni.com\\\/\"},{\"@type\":\"ListItem\",\"position\":2,\"name\":\"Post interesante\"}]},{\"@type\":\"WebSite\",\"@id\":\"https:\\\/\\\/www.csantantoni.com\\\/#website\",\"url\":\"https:\\\/\\\/www.csantantoni.com\\\/\",\"name\":\"Cl\u00ednica Sant Antoni\",\"description\":\"Web de Cl\u00ednica Sant Antoni\",\"publisher\":{\"@id\":\"https:\\\/\\\/www.csantantoni.com\\\/#organization\"},\"potentialAction\":[{\"@type\":\"SearchAction\",\"target\":{\"@type\":\"EntryPoint\",\"urlTemplate\":\"https:\\\/\\\/www.csantantoni.com\\\/?s={search_term_string}\"},\"query-input\":{\"@type\":\"PropertyValueSpecification\",\"valueRequired\":true,\"valueName\":\"search_term_string\"}}],\"inLanguage\":\"ca\"},{\"@type\":\"Organization\",\"@id\":\"https:\\\/\\\/www.csantantoni.com\\\/#organization\",\"name\":\"Cl\u00ednica Sant Antoni\",\"url\":\"https:\\\/\\\/www.csantantoni.com\\\/\",\"logo\":{\"@type\":\"ImageObject\",\"inLanguage\":\"ca\",\"@id\":\"https:\\\/\\\/www.csantantoni.com\\\/#\\\/schema\\\/logo\\\/image\\\/\",\"url\":\"https:\\\/\\\/www.csantantoni.com\\\/wp-content\\\/uploads\\\/2022\\\/10\\\/clinica-sant-antoni-01.jpg\",\"contentUrl\":\"https:\\\/\\\/www.csantantoni.com\\\/wp-content\\\/uploads\\\/2022\\\/10\\\/clinica-sant-antoni-01.jpg\",\"width\":1980,\"height\":1315,\"caption\":\"Cl\u00ednica Sant Antoni\"},\"image\":{\"@id\":\"https:\\\/\\\/www.csantantoni.com\\\/#\\\/schema\\\/logo\\\/image\\\/\"}},{\"@type\":\"Person\",\"@id\":\"https:\\\/\\\/www.csantantoni.com\\\/#\\\/schema\\\/person\\\/1ac3bacc730030dd4af35da287c58da7\",\"name\":\"maria\",\"image\":{\"@type\":\"ImageObject\",\"inLanguage\":\"ca\",\"@id\":\"https:\\\/\\\/secure.gravatar.com\\\/avatar\\\/6976c4514c3f1e1daef2f5047bdeca80837d6cb7a7b437f151495dbc2b911500?s=96&d=mm&r=g\",\"url\":\"https:\\\/\\\/secure.gravatar.com\\\/avatar\\\/6976c4514c3f1e1daef2f5047bdeca80837d6cb7a7b437f151495dbc2b911500?s=96&d=mm&r=g\",\"contentUrl\":\"https:\\\/\\\/secure.gravatar.com\\\/avatar\\\/6976c4514c3f1e1daef2f5047bdeca80837d6cb7a7b437f151495dbc2b911500?s=96&d=mm&r=g\",\"caption\":\"maria\"},\"url\":\"https:\\\/\\\/www.csantantoni.com\\\/ca\\\/author\\\/maria\\\/\"}]}<\/script>\n<!-- \/ Yoast SEO plugin. -->","yoast_head_json":{"title":"\u00c8xit de la II Jornada sobre Ter\u00e0pia Compressiva en la Cura de Ferides de l'Extremitat Inferior - Cl\u00ednica Sant Antoni","description":"La Cl\u00ednica Sant Antoni ha acollit la II Jornada sobre Ter\u00e0pia Compressiva en la Cura de Ferides de l'Extremitat Inferior.","robots":{"index":"index","follow":"follow","max-snippet":"max-snippet:-1","max-video-preview":"max-video-preview:-1","imageindex":"noimageindex"},"canonical":"https:\/\/www.csantantoni.com\/ca\/2024\/02\/15\/exit-de-la-ii-jornada-sobre-terapia-compressiva-en-la-cura-de-ferides-de-lextremitat-inferior\/","og_locale":"ca_ES","og_type":"article","og_title":"II Jornada sobre Ter\u00e0pia Compressiva en la Cura de Ferides de l'Extremitat Inferior.","og_description":"El passat 25 de gener, a les instal\u00b7lacions de la Cl\u00ednica Sant Antoni, es va dur a terme la II Jornada sobre Ter\u00e0pia Compressiva en la Cura de Ferides de l'Extremitat Inferior.","og_url":"https:\/\/www.csantantoni.com\/ca\/2024\/02\/15\/exit-de-la-ii-jornada-sobre-terapia-compressiva-en-la-cura-de-ferides-de-lextremitat-inferior\/","og_site_name":"Cl\u00ednica Sant Antoni","article_published_time":"2024-02-15T12:19:05+00:00","article_modified_time":"2024-02-15T13:36:52+00:00","og_image":[{"width":2048,"height":1536,"url":"https:\/\/www.csantantoni.com\/wp-content\/uploads\/2024\/02\/GEtHRgcWQAAK0YQ.jpg","type":"image\/jpeg"}],"author":"maria","twitter_card":"summary_large_image","twitter_misc":{"Escrit per":"maria","Temps estimat de lectura":"3 minuts"},"schema":{"@context":"https:\/\/schema.org","@graph":[{"@type":"Article","@id":"https:\/\/www.csantantoni.com\/ca\/2024\/02\/15\/exit-de-la-ii-jornada-sobre-terapia-compressiva-en-la-cura-de-ferides-de-lextremitat-inferior\/#article","isPartOf":{"@id":"https:\/\/www.csantantoni.com\/ca\/2024\/02\/15\/exit-de-la-ii-jornada-sobre-terapia-compressiva-en-la-cura-de-ferides-de-lextremitat-inferior\/"},"author":{"name":"maria","@id":"https:\/\/www.csantantoni.com\/#\/schema\/person\/1ac3bacc730030dd4af35da287c58da7"},"headline":"\u00c8xit de la II Jornada sobre Ter\u00e0pia Compressiva en la Cura de Ferides de l&#8217;Extremitat Inferior","datePublished":"2024-02-15T12:19:05+00:00","dateModified":"2024-02-15T13:36:52+00:00","mainEntityOfPage":{"@id":"https:\/\/www.csantantoni.com\/ca\/2024\/02\/15\/exit-de-la-ii-jornada-sobre-terapia-compressiva-en-la-cura-de-ferides-de-lextremitat-inferior\/"},"wordCount":431,"publisher":{"@id":"https:\/\/www.csantantoni.com\/#organization"},"image":{"@id":"https:\/\/www.csantantoni.com\/ca\/2024\/02\/15\/exit-de-la-ii-jornada-sobre-terapia-compressiva-en-la-cura-de-ferides-de-lextremitat-inferior\/#primaryimage"},"thumbnailUrl":"https:\/\/www.csantantoni.com\/wp-content\/uploads\/2024\/02\/IMG_20240125_121109-1-scaled.jpg","keywords":["AISBE","ferides","jornada","salut","sanitat","sociosanitari","ter\u00e0pia compressiva","ulceres"],"articleSection":["Noticias","Not\u00edcies"],"inLanguage":"ca"},{"@type":"WebPage","@id":"https:\/\/www.csantantoni.com\/ca\/2024\/02\/15\/exit-de-la-ii-jornada-sobre-terapia-compressiva-en-la-cura-de-ferides-de-lextremitat-inferior\/","url":"https:\/\/www.csantantoni.com\/ca\/2024\/02\/15\/exit-de-la-ii-jornada-sobre-terapia-compressiva-en-la-cura-de-ferides-de-lextremitat-inferior\/","name":"\u00c8xit de la II Jornada sobre Ter\u00e0pia Compressiva en la Cura de Ferides de l'Extremitat Inferior - Cl\u00ednica Sant Antoni","isPartOf":{"@id":"https:\/\/www.csantantoni.com\/#website"},"primaryImageOfPage":{"@id":"https:\/\/www.csantantoni.com\/ca\/2024\/02\/15\/exit-de-la-ii-jornada-sobre-terapia-compressiva-en-la-cura-de-ferides-de-lextremitat-inferior\/#primaryimage"},"image":{"@id":"https:\/\/www.csantantoni.com\/ca\/2024\/02\/15\/exit-de-la-ii-jornada-sobre-terapia-compressiva-en-la-cura-de-ferides-de-lextremitat-inferior\/#primaryimage"},"thumbnailUrl":"https:\/\/www.csantantoni.com\/wp-content\/uploads\/2024\/02\/IMG_20240125_121109-1-scaled.jpg","datePublished":"2024-02-15T12:19:05+00:00","dateModified":"2024-02-15T13:36:52+00:00","description":"La Cl\u00ednica Sant Antoni ha acollit la II Jornada sobre Ter\u00e0pia Compressiva en la Cura de Ferides de l'Extremitat Inferior.","breadcrumb":{"@id":"https:\/\/www.csantantoni.com\/ca\/2024\/02\/15\/exit-de-la-ii-jornada-sobre-terapia-compressiva-en-la-cura-de-ferides-de-lextremitat-inferior\/#breadcrumb"},"inLanguage":"ca","potentialAction":[{"@type":"ReadAction","target":["https:\/\/www.csantantoni.com\/ca\/2024\/02\/15\/exit-de-la-ii-jornada-sobre-terapia-compressiva-en-la-cura-de-ferides-de-lextremitat-inferior\/"]}]},{"@type":"ImageObject","inLanguage":"ca","@id":"https:\/\/www.csantantoni.com\/ca\/2024\/02\/15\/exit-de-la-ii-jornada-sobre-terapia-compressiva-en-la-cura-de-ferides-de-lextremitat-inferior\/#primaryimage","url":"https:\/\/www.csantantoni.com\/wp-content\/uploads\/2024\/02\/IMG_20240125_121109-1-scaled.jpg","contentUrl":"https:\/\/www.csantantoni.com\/wp-content\/uploads\/2024\/02\/IMG_20240125_121109-1-scaled.jpg","width":2560,"height":1440},{"@type":"BreadcrumbList","@id":"https:\/\/www.csantantoni.com\/ca\/2024\/02\/15\/exit-de-la-ii-jornada-sobre-terapia-compressiva-en-la-cura-de-ferides-de-lextremitat-inferior\/#breadcrumb","itemListElement":[{"@type":"ListItem","position":1,"name":"Portada","item":"https:\/\/www.csantantoni.com\/"},{"@type":"ListItem","position":2,"name":"Post interesante"}]},{"@type":"WebSite","@id":"https:\/\/www.csantantoni.com\/#website","url":"https:\/\/www.csantantoni.com\/","name":"Cl\u00ednica Sant Antoni","description":"Web de Cl\u00ednica Sant Antoni","publisher":{"@id":"https:\/\/www.csantantoni.com\/#organization"},"potentialAction":[{"@type":"SearchAction","target":{"@type":"EntryPoint","urlTemplate":"https:\/\/www.csantantoni.com\/?s={search_term_string}"},"query-input":{"@type":"PropertyValueSpecification","valueRequired":true,"valueName":"search_term_string"}}],"inLanguage":"ca"},{"@type":"Organization","@id":"https:\/\/www.csantantoni.com\/#organization","name":"Cl\u00ednica Sant Antoni","url":"https:\/\/www.csantantoni.com\/","logo":{"@type":"ImageObject","inLanguage":"ca","@id":"https:\/\/www.csantantoni.com\/#\/schema\/logo\/image\/","url":"https:\/\/www.csantantoni.com\/wp-content\/uploads\/2022\/10\/clinica-sant-antoni-01.jpg","contentUrl":"https:\/\/www.csantantoni.com\/wp-content\/uploads\/2022\/10\/clinica-sant-antoni-01.jpg","width":1980,"height":1315,"caption":"Cl\u00ednica Sant Antoni"},"image":{"@id":"https:\/\/www.csantantoni.com\/#\/schema\/logo\/image\/"}},{"@type":"Person","@id":"https:\/\/www.csantantoni.com\/#\/schema\/person\/1ac3bacc730030dd4af35da287c58da7","name":"maria","image":{"@type":"ImageObject","inLanguage":"ca","@id":"https:\/\/secure.gravatar.com\/avatar\/6976c4514c3f1e1daef2f5047bdeca80837d6cb7a7b437f151495dbc2b911500?s=96&d=mm&r=g","url":"https:\/\/secure.gravatar.com\/avatar\/6976c4514c3f1e1daef2f5047bdeca80837d6cb7a7b437f151495dbc2b911500?s=96&d=mm&r=g","contentUrl":"https:\/\/secure.gravatar.com\/avatar\/6976c4514c3f1e1daef2f5047bdeca80837d6cb7a7b437f151495dbc2b911500?s=96&d=mm&r=g","caption":"maria"},"url":"https:\/\/www.csantantoni.com\/ca\/author\/maria\/"}]}},"_links":{"self":[{"href":"https:\/\/www.csantantoni.com\/ca\/wp-json\/wp\/v2\/posts\/244135","targetHints":{"allow":["GET"]}}],"collection":[{"href":"https:\/\/www.csantantoni.com\/ca\/wp-json\/wp\/v2\/posts"}],"about":[{"href":"https:\/\/www.csantantoni.com\/ca\/wp-json\/wp\/v2\/types\/post"}],"author":[{"embeddable":true,"href":"https:\/\/www.csantantoni.com\/ca\/wp-json\/wp\/v2\/users\/5"}],"replies":[{"embeddable":true,"href":"https:\/\/www.csantantoni.com\/ca\/wp-json\/wp\/v2\/comments?post=244135"}],"version-history":[{"count":7,"href":"https:\/\/www.csantantoni.com\/ca\/wp-json\/wp\/v2\/posts\/244135\/revisions"}],"predecessor-version":[{"id":244188,"href":"https:\/\/www.csantantoni.com\/ca\/wp-json\/wp\/v2\/posts\/244135\/revisions\/244188"}],"wp:featuredmedia":[{"embeddable":true,"href":"https:\/\/www.csantantoni.com\/ca\/wp-json\/wp\/v2\/media\/244172"}],"wp:attachment":[{"href":"https:\/\/www.csantantoni.com\/ca\/wp-json\/wp\/v2\/media?parent=244135"}],"wp:term":[{"taxonomy":"category","embeddable":true,"href":"https:\/\/www.csantantoni.com\/ca\/wp-json\/wp\/v2\/categories?post=244135"},{"taxonomy":"post_tag","embeddable":true,"href":"https:\/\/www.csantantoni.com\/ca\/wp-json\/wp\/v2\/tags?post=244135"}],"curies":[{"name":"wp","href":"https:\/\/api.w.org\/{rel}","templated":true}]}}