{"id":244186,"date":"2024-01-17T13:36:21","date_gmt":"2024-01-17T13:36:21","guid":{"rendered":"https:\/\/www.csantantoni.com\/2024\/01\/17\/jornada-especial-de-reis-a-la-clinica-sant-antoni\/"},"modified":"2024-08-01T12:40:52","modified_gmt":"2024-08-01T12:40:52","slug":"jornada-especial-de-reis-a-la-clinica-sant-antoni","status":"publish","type":"post","link":"https:\/\/www.csantantoni.com\/ca\/2024\/01\/17\/jornada-especial-de-reis-a-la-clinica-sant-antoni\/","title":{"rendered":"Jornada especial de Reis a la Cl\u00ednica Sant Antoni"},"content":{"rendered":"\n<figure class=\"wp-block-gallery has-nested-images columns-default is-cropped wp-block-gallery-1 is-layout-flex wp-block-gallery-is-layout-flex\">\n<figure class=\"wp-block-image size-large\"><img loading=\"lazy\" decoding=\"async\" width=\"1024\" height=\"312\" data-id=\"243808\" src=\"https:\/\/www.csantantoni.com\/wp-content\/uploads\/2024\/01\/capcalera-1024x312.png\" alt=\"\" class=\"wp-image-243808\" srcset=\"https:\/\/www.csantantoni.com\/wp-content\/uploads\/2024\/01\/capcalera-980x298.png 980w, https:\/\/www.csantantoni.com\/wp-content\/uploads\/2024\/01\/capcalera-480x146.png 480w\" sizes=\"(min-width: 0px) and (max-width: 480px) 480px, (min-width: 481px) and (max-width: 980px) 980px, (min-width: 981px) 1024px, 100vw\" \/><\/figure>\n<\/figure>\n\n<p><\/p>\n\n<p>La Cl\u00ednica Sant Antoni va viure un dia ple d&#8217;alegria i humanitat durant les festivitats de Reis gr\u00e0cies a dos esdeveniments especials que van il\u00b7luminar el cor de pacients i personal. La tarda del 5 de gener, les seves Majestats els Reis Mags van fer una visita sorpresa, seguida per la pres\u00e8ncia de C\u00e9sar, un especialista en risoter\u00e0pia, el dia de Reis.<\/p>\n\n<p>La m\u00e0gia va comen\u00e7ar en la tarda del 5 de gener quan els Reis Mags van decidir fer una parada especial en la <strong><a href=\"http:\/\/www.csantantoni.com\">Cl\u00ednica Sant Antoni.<\/a><\/strong> Van saludar als pacients i van compartir moments entranyables en la recepci\u00f3 i la cafeteria. Aquesta iniciativa, plena de tendresa i empatia, va ser possible gr\u00e0cies al suport fonamental d&#8217;\u00c0ncora Dona, una organitzaci\u00f3 compromesa amb la millora de la qualitat de vida dels qui travessen moments de salut delicats.<\/p>\n\n<figure class=\"wp-block-gallery has-nested-images columns-default is-cropped wp-block-gallery-2 is-layout-flex wp-block-gallery-is-layout-flex\">\n<figure class=\"wp-block-image size-large Sus Majestades con Juana y Encarna\" id=\"Sus-Majestades-con-Juana-y-Encarna\"><img loading=\"lazy\" decoding=\"async\" width=\"1024\" height=\"638\" data-id=\"243769\" src=\"https:\/\/www.csantantoni.com\/wp-content\/uploads\/2024\/01\/IMG_20240105_173317-1024x638.jpg\" alt=\"Ses Majestats amb Juana i Encarna\" class=\"wp-image-243769\" title=\"Ses Majestats amb Juana i Encarna\" srcset=\"https:\/\/www.csantantoni.com\/wp-content\/uploads\/2024\/01\/IMG_20240105_173317-980x610.jpg 980w, https:\/\/www.csantantoni.com\/wp-content\/uploads\/2024\/01\/IMG_20240105_173317-480x299.jpg 480w\" sizes=\"(min-width: 0px) and (max-width: 480px) 480px, (min-width: 481px) and (max-width: 980px) 980px, (min-width: 981px) 1024px, 100vw\" \/><\/figure>\n<\/figure>\n\n<p><\/p>\n\n<div class=\"wp-block-columns is-layout-flex wp-container-core-columns-is-layout-9d6595d7 wp-block-columns-is-layout-flex\">\n<div class=\"wp-block-column is-layout-flow wp-block-column-is-layout-flow\" style=\"flex-basis:33.33%\">\n<figure class=\"wp-block-image size-large is-resized\"><img loading=\"lazy\" decoding=\"async\" width=\"637\" height=\"1024\" src=\"https:\/\/www.csantantoni.com\/wp-content\/uploads\/2024\/01\/IMG_20240105_173010-637x1024.jpg\" alt=\"\" class=\"wp-image-243775\" style=\"width:261px;height:auto\"\/><\/figure>\n<\/div>\n\n\n\n<div class=\"wp-block-column is-layout-flow wp-block-column-is-layout-flow\" style=\"flex-basis:66.66%\">\n<figure class=\"wp-block-image size-full is-resized\"><img loading=\"lazy\" decoding=\"async\" width=\"511\" height=\"414\" src=\"https:\/\/www.csantantoni.com\/wp-content\/uploads\/2024\/01\/Captura-1.jpg\" alt=\"\" class=\"wp-image-243777\" style=\"width:515px;height:auto\" srcset=\"https:\/\/www.csantantoni.com\/wp-content\/uploads\/2024\/01\/Captura-1.jpg 511w, https:\/\/www.csantantoni.com\/wp-content\/uploads\/2024\/01\/Captura-1-480x389.jpg 480w\" sizes=\"(min-width: 0px) and (max-width: 480px) 480px, (min-width: 481px) 511px, 100vw\" \/><\/figure>\n<\/div>\n<\/div>\n\n<p>El Dia de Reis, C\u00e9sar, terapeuta en psicoter\u00e0pia i especialista en risoter\u00e0pia, va continuar la jornada dedicant-se a visitar als pacients a les seves habitacions. Amb la seva habilitat per a arrencar somriures, l&#8217;objectiu era clar: brindar moments d&#8217;alegria i optimisme en una festivitat tan especial. La pres\u00e8ncia de C\u00e9sar en la cl\u00ednica va ser rebuda amb gratitud i entusiasme per part dels pacients, els qui es van beneficiar d&#8217;uns moments \u00fanics i irrepetibles.<\/p>\n\n<figure class=\"wp-block-image size-large\"><img loading=\"lazy\" decoding=\"async\" width=\"1024\" height=\"757\" src=\"https:\/\/www.csantantoni.com\/wp-content\/uploads\/2024\/01\/image00039-1024x757.jpeg\" alt=\"\" class=\"wp-image-243779\" srcset=\"https:\/\/www.csantantoni.com\/wp-content\/uploads\/2024\/01\/image00039-980x724.jpeg 980w, https:\/\/www.csantantoni.com\/wp-content\/uploads\/2024\/01\/image00039-480x355.jpeg 480w\" sizes=\"(min-width: 0px) and (max-width: 480px) 480px, (min-width: 481px) and (max-width: 980px) 980px, (min-width: 981px) 1024px, 100vw\" \/><\/figure>\n\n<div class=\"wp-block-columns is-layout-flex wp-container-core-columns-is-layout-9d6595d7 wp-block-columns-is-layout-flex\"><\/div>\n\n<div class=\"wp-block-columns is-layout-flex wp-container-core-columns-is-layout-9d6595d7 wp-block-columns-is-layout-flex\">\n<div class=\"wp-block-column is-layout-flow wp-block-column-is-layout-flow\"><\/div>\n\n\n\n<div class=\"wp-block-column is-layout-flow wp-block-column-is-layout-flow\"><\/div>\n<\/div>\n\n<figure class=\"wp-block-image size-large\"><img loading=\"lazy\" decoding=\"async\" width=\"929\" height=\"1024\" src=\"https:\/\/www.csantantoni.com\/wp-content\/uploads\/2024\/01\/image00041-929x1024.jpeg\" alt=\"\" class=\"wp-image-243787\"\/><\/figure>\n\n<figure class=\"wp-block-image size-large\"><img loading=\"lazy\" decoding=\"async\" width=\"926\" height=\"1024\" src=\"https:\/\/www.csantantoni.com\/wp-content\/uploads\/2024\/01\/image00022-926x1024.jpeg\" alt=\"\" class=\"wp-image-243789\"\/><\/figure>\n\n<figure class=\"wp-block-image size-large\"><img loading=\"lazy\" decoding=\"async\" width=\"1024\" height=\"910\" src=\"https:\/\/www.csantantoni.com\/wp-content\/uploads\/2024\/01\/image00013-1024x910.jpeg\" alt=\"\" class=\"wp-image-243799\" srcset=\"https:\/\/www.csantantoni.com\/wp-content\/uploads\/2024\/01\/image00013-980x871.jpeg 980w, https:\/\/www.csantantoni.com\/wp-content\/uploads\/2024\/01\/image00013-480x427.jpeg 480w\" sizes=\"(min-width: 0px) and (max-width: 480px) 480px, (min-width: 481px) and (max-width: 980px) 980px, (min-width: 981px) 1024px, 100vw\" \/><\/figure>\n\n<figure class=\"wp-block-image size-large is-resized\"><img loading=\"lazy\" decoding=\"async\" width=\"768\" height=\"1024\" src=\"https:\/\/www.csantantoni.com\/wp-content\/uploads\/2024\/01\/image00065-768x1024.jpeg\" alt=\"\" class=\"wp-image-243801\" style=\"width:817px;height:auto\"\/><\/figure>\n\n<p>La Cl\u00ednica Sant Antoni agraeix sincerament a <strong><a href=\"http:\/\/ancoradona.es\/\">\u00c1ncora Dona<\/a><\/strong> per fer possible la visita dels Reis Mags, aix\u00ed com al <strong>C\u00e9sar<\/strong> per la seva contribuci\u00f3 inavaluable en el benestar emocional dels nostres pacients. Aquests esdeveniments extraordinaris reflecteixen el comprom\u00eds continu de la Cl\u00ednica Sant Antoni amb la humanitzaci\u00f3 de l&#8217;atenci\u00f3 m\u00e8dica i la import\u00e0ncia de brindar no sols cures cl\u00edniques, sin\u00f3 tamb\u00e9 moments de felicitat i esperan\u00e7a.<\/p>\n\n<p><\/p>\n\n<p>Fotos Reis Mags: Agust\u00edn Forteza<\/p>\n\n<p>Fotos C\u00e9sar: Claudia Dakhil <\/p>\n","protected":false},"excerpt":{"rendered":"<p>La Cl\u00ednica Sant Antoni va viure un dia ple d&#8217;alegria i humanitat durant les festivitats de Reis<\/p>\n","protected":false},"author":5,"featured_media":243780,"comment_status":"closed","ping_status":"closed","sticky":false,"template":"","format":"standard","meta":{"_et_pb_use_builder":"","_et_pb_old_content":"","_et_gb_content_width":"","footnotes":""},"categories":[347,67],"tags":[198,164,166,201,197,199,200],"class_list":["post-244186","post","type-post","status-publish","format-standard","has-post-thumbnail","hentry","category-actualitat","category-noticies","tag-celebracions","tag-clinica-sant-antoni-ca","tag-pacients","tag-patge","tag-reis","tag-visites-especials","tag-voluntaris"],"yoast_head":"<!-- This site is optimized with the Yoast SEO plugin v27.5 - https:\/\/yoast.com\/product\/yoast-seo-wordpress\/ -->\n<title>Jornada especial de Reis a la Cl\u00ednica Sant Antoni - Cl\u00ednica Sant Antoni<\/title>\n<meta name=\"robots\" content=\"index, follow, max-snippet:-1, max-image-preview:large, max-video-preview:-1\" \/>\n<link rel=\"canonical\" href=\"https:\/\/www.csantantoni.com\/ca\/2024\/01\/17\/jornada-especial-de-reis-a-la-clinica-sant-antoni\/\" \/>\n<meta property=\"og:locale\" content=\"ca_ES\" \/>\n<meta property=\"og:type\" content=\"article\" \/>\n<meta property=\"og:title\" content=\"Jornada especial de Reis a la Cl\u00ednica Sant Antoni - Cl\u00ednica Sant Antoni\" \/>\n<meta property=\"og:description\" content=\"La Cl\u00ednica Sant Antoni va viure un dia ple d&#039;alegria i humanitat durant les festivitats de Reis\" \/>\n<meta property=\"og:url\" content=\"https:\/\/www.csantantoni.com\/ca\/2024\/01\/17\/jornada-especial-de-reis-a-la-clinica-sant-antoni\/\" \/>\n<meta property=\"og:site_name\" content=\"Cl\u00ednica Sant Antoni\" \/>\n<meta property=\"article:published_time\" content=\"2024-01-17T13:36:21+00:00\" \/>\n<meta property=\"article:modified_time\" content=\"2024-08-01T12:40:52+00:00\" \/>\n<meta property=\"og:image\" content=\"https:\/\/www.csantantoni.com\/wp-content\/uploads\/2024\/01\/image00039.jpeg\" \/>\n\t<meta property=\"og:image:width\" content=\"1980\" \/>\n\t<meta property=\"og:image:height\" content=\"1463\" \/>\n\t<meta property=\"og:image:type\" content=\"image\/jpeg\" \/>\n<meta name=\"author\" content=\"maria\" \/>\n<meta name=\"twitter:card\" content=\"summary_large_image\" \/>\n<meta name=\"twitter:label1\" content=\"Escrit per\" \/>\n\t<meta name=\"twitter:data1\" content=\"maria\" \/>\n\t<meta name=\"twitter:label2\" content=\"Temps estimat de lectura\" \/>\n\t<meta name=\"twitter:data2\" content=\"4 minuts\" \/>\n<script type=\"application\/ld+json\" class=\"yoast-schema-graph\">{\"@context\":\"https:\\\/\\\/schema.org\",\"@graph\":[{\"@type\":\"Article\",\"@id\":\"https:\\\/\\\/www.csantantoni.com\\\/ca\\\/2024\\\/01\\\/17\\\/jornada-especial-de-reis-a-la-clinica-sant-antoni\\\/#article\",\"isPartOf\":{\"@id\":\"https:\\\/\\\/www.csantantoni.com\\\/ca\\\/2024\\\/01\\\/17\\\/jornada-especial-de-reis-a-la-clinica-sant-antoni\\\/\"},\"author\":{\"name\":\"maria\",\"@id\":\"https:\\\/\\\/www.csantantoni.com\\\/#\\\/schema\\\/person\\\/1ac3bacc730030dd4af35da287c58da7\"},\"headline\":\"Jornada especial de Reis a la Cl\u00ednica Sant Antoni\",\"datePublished\":\"2024-01-17T13:36:21+00:00\",\"dateModified\":\"2024-08-01T12:40:52+00:00\",\"mainEntityOfPage\":{\"@id\":\"https:\\\/\\\/www.csantantoni.com\\\/ca\\\/2024\\\/01\\\/17\\\/jornada-especial-de-reis-a-la-clinica-sant-antoni\\\/\"},\"wordCount\":327,\"publisher\":{\"@id\":\"https:\\\/\\\/www.csantantoni.com\\\/#organization\"},\"image\":{\"@id\":\"https:\\\/\\\/www.csantantoni.com\\\/ca\\\/2024\\\/01\\\/17\\\/jornada-especial-de-reis-a-la-clinica-sant-antoni\\\/#primaryimage\"},\"thumbnailUrl\":\"https:\\\/\\\/www.csantantoni.com\\\/wp-content\\\/uploads\\\/2024\\\/01\\\/image00039.jpeg\",\"keywords\":[\"Celebracions\",\"Clinica Sant Antoni\",\"pacients\",\"Patge\",\"Reis\",\"Visites especials\",\"Voluntaris\"],\"articleSection\":[\"Actualitat\",\"Not\u00edcies\"],\"inLanguage\":\"ca\"},{\"@type\":\"WebPage\",\"@id\":\"https:\\\/\\\/www.csantantoni.com\\\/ca\\\/2024\\\/01\\\/17\\\/jornada-especial-de-reis-a-la-clinica-sant-antoni\\\/\",\"url\":\"https:\\\/\\\/www.csantantoni.com\\\/ca\\\/2024\\\/01\\\/17\\\/jornada-especial-de-reis-a-la-clinica-sant-antoni\\\/\",\"name\":\"Jornada especial de Reis a la Cl\u00ednica Sant Antoni - Cl\u00ednica Sant Antoni\",\"isPartOf\":{\"@id\":\"https:\\\/\\\/www.csantantoni.com\\\/#website\"},\"primaryImageOfPage\":{\"@id\":\"https:\\\/\\\/www.csantantoni.com\\\/ca\\\/2024\\\/01\\\/17\\\/jornada-especial-de-reis-a-la-clinica-sant-antoni\\\/#primaryimage\"},\"image\":{\"@id\":\"https:\\\/\\\/www.csantantoni.com\\\/ca\\\/2024\\\/01\\\/17\\\/jornada-especial-de-reis-a-la-clinica-sant-antoni\\\/#primaryimage\"},\"thumbnailUrl\":\"https:\\\/\\\/www.csantantoni.com\\\/wp-content\\\/uploads\\\/2024\\\/01\\\/image00039.jpeg\",\"datePublished\":\"2024-01-17T13:36:21+00:00\",\"dateModified\":\"2024-08-01T12:40:52+00:00\",\"breadcrumb\":{\"@id\":\"https:\\\/\\\/www.csantantoni.com\\\/ca\\\/2024\\\/01\\\/17\\\/jornada-especial-de-reis-a-la-clinica-sant-antoni\\\/#breadcrumb\"},\"inLanguage\":\"ca\",\"potentialAction\":[{\"@type\":\"ReadAction\",\"target\":[\"https:\\\/\\\/www.csantantoni.com\\\/ca\\\/2024\\\/01\\\/17\\\/jornada-especial-de-reis-a-la-clinica-sant-antoni\\\/\"]}]},{\"@type\":\"ImageObject\",\"inLanguage\":\"ca\",\"@id\":\"https:\\\/\\\/www.csantantoni.com\\\/ca\\\/2024\\\/01\\\/17\\\/jornada-especial-de-reis-a-la-clinica-sant-antoni\\\/#primaryimage\",\"url\":\"https:\\\/\\\/www.csantantoni.com\\\/wp-content\\\/uploads\\\/2024\\\/01\\\/image00039.jpeg\",\"contentUrl\":\"https:\\\/\\\/www.csantantoni.com\\\/wp-content\\\/uploads\\\/2024\\\/01\\\/image00039.jpeg\",\"width\":1980,\"height\":1463},{\"@type\":\"BreadcrumbList\",\"@id\":\"https:\\\/\\\/www.csantantoni.com\\\/ca\\\/2024\\\/01\\\/17\\\/jornada-especial-de-reis-a-la-clinica-sant-antoni\\\/#breadcrumb\",\"itemListElement\":[{\"@type\":\"ListItem\",\"position\":1,\"name\":\"Portada\",\"item\":\"https:\\\/\\\/www.csantantoni.com\\\/\"},{\"@type\":\"ListItem\",\"position\":2,\"name\":\"Jornada especial de Reis a la Cl\u00ednica Sant Antoni\"}]},{\"@type\":\"WebSite\",\"@id\":\"https:\\\/\\\/www.csantantoni.com\\\/#website\",\"url\":\"https:\\\/\\\/www.csantantoni.com\\\/\",\"name\":\"Cl\u00ednica Sant Antoni\",\"description\":\"Web de Cl\u00ednica Sant Antoni\",\"publisher\":{\"@id\":\"https:\\\/\\\/www.csantantoni.com\\\/#organization\"},\"potentialAction\":[{\"@type\":\"SearchAction\",\"target\":{\"@type\":\"EntryPoint\",\"urlTemplate\":\"https:\\\/\\\/www.csantantoni.com\\\/?s={search_term_string}\"},\"query-input\":{\"@type\":\"PropertyValueSpecification\",\"valueRequired\":true,\"valueName\":\"search_term_string\"}}],\"inLanguage\":\"ca\"},{\"@type\":\"Organization\",\"@id\":\"https:\\\/\\\/www.csantantoni.com\\\/#organization\",\"name\":\"Cl\u00ednica Sant Antoni\",\"url\":\"https:\\\/\\\/www.csantantoni.com\\\/\",\"logo\":{\"@type\":\"ImageObject\",\"inLanguage\":\"ca\",\"@id\":\"https:\\\/\\\/www.csantantoni.com\\\/#\\\/schema\\\/logo\\\/image\\\/\",\"url\":\"https:\\\/\\\/www.csantantoni.com\\\/wp-content\\\/uploads\\\/2022\\\/10\\\/clinica-sant-antoni-01.jpg\",\"contentUrl\":\"https:\\\/\\\/www.csantantoni.com\\\/wp-content\\\/uploads\\\/2022\\\/10\\\/clinica-sant-antoni-01.jpg\",\"width\":1980,\"height\":1315,\"caption\":\"Cl\u00ednica Sant Antoni\"},\"image\":{\"@id\":\"https:\\\/\\\/www.csantantoni.com\\\/#\\\/schema\\\/logo\\\/image\\\/\"}},{\"@type\":\"Person\",\"@id\":\"https:\\\/\\\/www.csantantoni.com\\\/#\\\/schema\\\/person\\\/1ac3bacc730030dd4af35da287c58da7\",\"name\":\"maria\",\"image\":{\"@type\":\"ImageObject\",\"inLanguage\":\"ca\",\"@id\":\"https:\\\/\\\/secure.gravatar.com\\\/avatar\\\/6976c4514c3f1e1daef2f5047bdeca80837d6cb7a7b437f151495dbc2b911500?s=96&d=mm&r=g\",\"url\":\"https:\\\/\\\/secure.gravatar.com\\\/avatar\\\/6976c4514c3f1e1daef2f5047bdeca80837d6cb7a7b437f151495dbc2b911500?s=96&d=mm&r=g\",\"contentUrl\":\"https:\\\/\\\/secure.gravatar.com\\\/avatar\\\/6976c4514c3f1e1daef2f5047bdeca80837d6cb7a7b437f151495dbc2b911500?s=96&d=mm&r=g\",\"caption\":\"maria\"},\"url\":\"https:\\\/\\\/www.csantantoni.com\\\/ca\\\/author\\\/maria\\\/\"}]}<\/script>\n<!-- \/ Yoast SEO plugin. -->","yoast_head_json":{"title":"Jornada especial de Reis a la Cl\u00ednica Sant Antoni - Cl\u00ednica Sant Antoni","robots":{"index":"index","follow":"follow","max-snippet":"max-snippet:-1","max-image-preview":"max-image-preview:large","max-video-preview":"max-video-preview:-1"},"canonical":"https:\/\/www.csantantoni.com\/ca\/2024\/01\/17\/jornada-especial-de-reis-a-la-clinica-sant-antoni\/","og_locale":"ca_ES","og_type":"article","og_title":"Jornada especial de Reis a la Cl\u00ednica Sant Antoni - Cl\u00ednica Sant Antoni","og_description":"La Cl\u00ednica Sant Antoni va viure un dia ple d'alegria i humanitat durant les festivitats de Reis","og_url":"https:\/\/www.csantantoni.com\/ca\/2024\/01\/17\/jornada-especial-de-reis-a-la-clinica-sant-antoni\/","og_site_name":"Cl\u00ednica Sant Antoni","article_published_time":"2024-01-17T13:36:21+00:00","article_modified_time":"2024-08-01T12:40:52+00:00","og_image":[{"width":1980,"height":1463,"url":"https:\/\/www.csantantoni.com\/wp-content\/uploads\/2024\/01\/image00039.jpeg","type":"image\/jpeg"}],"author":"maria","twitter_card":"summary_large_image","twitter_misc":{"Escrit per":"maria","Temps estimat de lectura":"4 minuts"},"schema":{"@context":"https:\/\/schema.org","@graph":[{"@type":"Article","@id":"https:\/\/www.csantantoni.com\/ca\/2024\/01\/17\/jornada-especial-de-reis-a-la-clinica-sant-antoni\/#article","isPartOf":{"@id":"https:\/\/www.csantantoni.com\/ca\/2024\/01\/17\/jornada-especial-de-reis-a-la-clinica-sant-antoni\/"},"author":{"name":"maria","@id":"https:\/\/www.csantantoni.com\/#\/schema\/person\/1ac3bacc730030dd4af35da287c58da7"},"headline":"Jornada especial de Reis a la Cl\u00ednica Sant Antoni","datePublished":"2024-01-17T13:36:21+00:00","dateModified":"2024-08-01T12:40:52+00:00","mainEntityOfPage":{"@id":"https:\/\/www.csantantoni.com\/ca\/2024\/01\/17\/jornada-especial-de-reis-a-la-clinica-sant-antoni\/"},"wordCount":327,"publisher":{"@id":"https:\/\/www.csantantoni.com\/#organization"},"image":{"@id":"https:\/\/www.csantantoni.com\/ca\/2024\/01\/17\/jornada-especial-de-reis-a-la-clinica-sant-antoni\/#primaryimage"},"thumbnailUrl":"https:\/\/www.csantantoni.com\/wp-content\/uploads\/2024\/01\/image00039.jpeg","keywords":["Celebracions","Clinica Sant Antoni","pacients","Patge","Reis","Visites especials","Voluntaris"],"articleSection":["Actualitat","Not\u00edcies"],"inLanguage":"ca"},{"@type":"WebPage","@id":"https:\/\/www.csantantoni.com\/ca\/2024\/01\/17\/jornada-especial-de-reis-a-la-clinica-sant-antoni\/","url":"https:\/\/www.csantantoni.com\/ca\/2024\/01\/17\/jornada-especial-de-reis-a-la-clinica-sant-antoni\/","name":"Jornada especial de Reis a la Cl\u00ednica Sant Antoni - Cl\u00ednica Sant Antoni","isPartOf":{"@id":"https:\/\/www.csantantoni.com\/#website"},"primaryImageOfPage":{"@id":"https:\/\/www.csantantoni.com\/ca\/2024\/01\/17\/jornada-especial-de-reis-a-la-clinica-sant-antoni\/#primaryimage"},"image":{"@id":"https:\/\/www.csantantoni.com\/ca\/2024\/01\/17\/jornada-especial-de-reis-a-la-clinica-sant-antoni\/#primaryimage"},"thumbnailUrl":"https:\/\/www.csantantoni.com\/wp-content\/uploads\/2024\/01\/image00039.jpeg","datePublished":"2024-01-17T13:36:21+00:00","dateModified":"2024-08-01T12:40:52+00:00","breadcrumb":{"@id":"https:\/\/www.csantantoni.com\/ca\/2024\/01\/17\/jornada-especial-de-reis-a-la-clinica-sant-antoni\/#breadcrumb"},"inLanguage":"ca","potentialAction":[{"@type":"ReadAction","target":["https:\/\/www.csantantoni.com\/ca\/2024\/01\/17\/jornada-especial-de-reis-a-la-clinica-sant-antoni\/"]}]},{"@type":"ImageObject","inLanguage":"ca","@id":"https:\/\/www.csantantoni.com\/ca\/2024\/01\/17\/jornada-especial-de-reis-a-la-clinica-sant-antoni\/#primaryimage","url":"https:\/\/www.csantantoni.com\/wp-content\/uploads\/2024\/01\/image00039.jpeg","contentUrl":"https:\/\/www.csantantoni.com\/wp-content\/uploads\/2024\/01\/image00039.jpeg","width":1980,"height":1463},{"@type":"BreadcrumbList","@id":"https:\/\/www.csantantoni.com\/ca\/2024\/01\/17\/jornada-especial-de-reis-a-la-clinica-sant-antoni\/#breadcrumb","itemListElement":[{"@type":"ListItem","position":1,"name":"Portada","item":"https:\/\/www.csantantoni.com\/"},{"@type":"ListItem","position":2,"name":"Jornada especial de Reis a la Cl\u00ednica Sant Antoni"}]},{"@type":"WebSite","@id":"https:\/\/www.csantantoni.com\/#website","url":"https:\/\/www.csantantoni.com\/","name":"Cl\u00ednica Sant Antoni","description":"Web de Cl\u00ednica Sant Antoni","publisher":{"@id":"https:\/\/www.csantantoni.com\/#organization"},"potentialAction":[{"@type":"SearchAction","target":{"@type":"EntryPoint","urlTemplate":"https:\/\/www.csantantoni.com\/?s={search_term_string}"},"query-input":{"@type":"PropertyValueSpecification","valueRequired":true,"valueName":"search_term_string"}}],"inLanguage":"ca"},{"@type":"Organization","@id":"https:\/\/www.csantantoni.com\/#organization","name":"Cl\u00ednica Sant Antoni","url":"https:\/\/www.csantantoni.com\/","logo":{"@type":"ImageObject","inLanguage":"ca","@id":"https:\/\/www.csantantoni.com\/#\/schema\/logo\/image\/","url":"https:\/\/www.csantantoni.com\/wp-content\/uploads\/2022\/10\/clinica-sant-antoni-01.jpg","contentUrl":"https:\/\/www.csantantoni.com\/wp-content\/uploads\/2022\/10\/clinica-sant-antoni-01.jpg","width":1980,"height":1315,"caption":"Cl\u00ednica Sant Antoni"},"image":{"@id":"https:\/\/www.csantantoni.com\/#\/schema\/logo\/image\/"}},{"@type":"Person","@id":"https:\/\/www.csantantoni.com\/#\/schema\/person\/1ac3bacc730030dd4af35da287c58da7","name":"maria","image":{"@type":"ImageObject","inLanguage":"ca","@id":"https:\/\/secure.gravatar.com\/avatar\/6976c4514c3f1e1daef2f5047bdeca80837d6cb7a7b437f151495dbc2b911500?s=96&d=mm&r=g","url":"https:\/\/secure.gravatar.com\/avatar\/6976c4514c3f1e1daef2f5047bdeca80837d6cb7a7b437f151495dbc2b911500?s=96&d=mm&r=g","contentUrl":"https:\/\/secure.gravatar.com\/avatar\/6976c4514c3f1e1daef2f5047bdeca80837d6cb7a7b437f151495dbc2b911500?s=96&d=mm&r=g","caption":"maria"},"url":"https:\/\/www.csantantoni.com\/ca\/author\/maria\/"}]}},"_links":{"self":[{"href":"https:\/\/www.csantantoni.com\/ca\/wp-json\/wp\/v2\/posts\/244186","targetHints":{"allow":["GET"]}}],"collection":[{"href":"https:\/\/www.csantantoni.com\/ca\/wp-json\/wp\/v2\/posts"}],"about":[{"href":"https:\/\/www.csantantoni.com\/ca\/wp-json\/wp\/v2\/types\/post"}],"author":[{"embeddable":true,"href":"https:\/\/www.csantantoni.com\/ca\/wp-json\/wp\/v2\/users\/5"}],"replies":[{"embeddable":true,"href":"https:\/\/www.csantantoni.com\/ca\/wp-json\/wp\/v2\/comments?post=244186"}],"version-history":[{"count":2,"href":"https:\/\/www.csantantoni.com\/ca\/wp-json\/wp\/v2\/posts\/244186\/revisions"}],"predecessor-version":[{"id":245579,"href":"https:\/\/www.csantantoni.com\/ca\/wp-json\/wp\/v2\/posts\/244186\/revisions\/245579"}],"wp:featuredmedia":[{"embeddable":true,"href":"https:\/\/www.csantantoni.com\/ca\/wp-json\/wp\/v2\/media\/243780"}],"wp:attachment":[{"href":"https:\/\/www.csantantoni.com\/ca\/wp-json\/wp\/v2\/media?parent=244186"}],"wp:term":[{"taxonomy":"category","embeddable":true,"href":"https:\/\/www.csantantoni.com\/ca\/wp-json\/wp\/v2\/categories?post=244186"},{"taxonomy":"post_tag","embeddable":true,"href":"https:\/\/www.csantantoni.com\/ca\/wp-json\/wp\/v2\/tags?post=244186"}],"curies":[{"name":"wp","href":"https:\/\/api.w.org\/{rel}","templated":true}]}}