{"id":245165,"date":"2024-07-05T11:21:06","date_gmt":"2024-07-05T11:21:06","guid":{"rendered":"https:\/\/www.csantantoni.com\/?p=245165"},"modified":"2024-08-01T12:38:56","modified_gmt":"2024-08-01T12:38:56","slug":"nuestra-festividad-sant-antoni","status":"publish","type":"post","link":"https:\/\/www.csantantoni.com\/ca\/2024\/07\/05\/nuestra-festividad-sant-antoni\/","title":{"rendered":"La nostra festivitat, Sant Antoni"},"content":{"rendered":"\n<figure class=\"wp-block-image size-large\"><img loading=\"lazy\" decoding=\"async\" width=\"1024\" height=\"315\" src=\"https:\/\/www.csantantoni.com\/wp-content\/uploads\/2024\/07\/Festa-Clinica-Sant-Antoni-1024x315.png\" alt=\"\" class=\"wp-image-245177\" srcset=\"https:\/\/www.csantantoni.com\/wp-content\/uploads\/2024\/07\/Festa-Clinica-Sant-Antoni-980x302.png 980w, https:\/\/www.csantantoni.com\/wp-content\/uploads\/2024\/07\/Festa-Clinica-Sant-Antoni-480x148.png 480w\" sizes=\"(min-width: 0px) and (max-width: 480px) 480px, (min-width: 481px) and (max-width: 980px) 980px, (min-width: 981px) 1024px, 100vw\" \/><\/figure>\n\n\n\n<p>El passat 13 de juny, vam celebrar la nostra festa anual coincidint amb el dia de Sant Antoni, un esdeveniment que marca un moment especial per a tots en el nostre centre. Amb l&#8217;objectiu de continuar proporcionant moments d&#8217;alegria i benestar als nostres pacients: la jornada va comen\u00e7ar amb una agradable sorpresa per a ells rebent un obsequi d&#8217;un kit de necesser juntament amb el desdejuni. Aquest detall no sols va ser un gest de cortesia, sin\u00f3 tamb\u00e9 una manera d&#8217;expressar els nostres millors desitjos, desitjant-los un feli\u00e7 dia de Sant Antoni.<\/p>\n\n\n\n<p>La distribuci\u00f3 del kit de necesser, acuradament preparat per a atendre les necessitats di\u00e0ries dels nostres pacients, va incloure articles essencials que van aportar comoditat i practicitat a la seva estada. La reacci\u00f3 dels pacients va ser summament positiva, generant un ambient de felicitat i gratitud entre tots els presents. Des de primeres hores del mat\u00ed, es podia percebre una atmosfera d&#8217;alegria i celebraci\u00f3 que es va estendre al llarg de tot el dia.<\/p>\n\n\n\n<p>L&#8217;\u00e8xit d&#8217;aquesta iniciativa es va reflectir en els somriures i els comentaris agra\u00efts dels pacients, els qui van apreciar tant el contingut de l&#8217;obsequi com el gest de consideraci\u00f3 i cura per part del personal del centre. La festa anual de Sant Antoni no sols \u00e9s una tradici\u00f3 per a celebrar, sin\u00f3 tamb\u00e9 una oportunitat per a refor\u00e7ar els lla\u00e7os de comunitat i suport entre pacients i personal.<\/p>\n\n\n\n<p><\/p>\n\n\n\n<div class=\"wp-block-columns is-layout-flex wp-container-core-columns-is-layout-9d6595d7 wp-block-columns-is-layout-flex\">\n<div class=\"wp-block-column is-layout-flow wp-block-column-is-layout-flow\">\n<figure class=\"wp-block-image size-large\"><img loading=\"lazy\" decoding=\"async\" width=\"458\" height=\"1024\" src=\"https:\/\/www.csantantoni.com\/wp-content\/uploads\/2024\/07\/Sant-Antoni-2024-1-458x1024.jpeg\" alt=\"Pacient Clinica Sant Antoni\" class=\"wp-image-245135\"\/><\/figure>\n<\/div>\n\n\n\n<div class=\"wp-block-column is-layout-flow wp-block-column-is-layout-flow\">\n<figure class=\"wp-block-image size-large\"><img loading=\"lazy\" decoding=\"async\" width=\"458\" height=\"1024\" src=\"https:\/\/www.csantantoni.com\/wp-content\/uploads\/2024\/07\/Sant-Antoni-2024-2-458x1024.jpeg\" alt=\"Pacient Clinica Sant Antoni\" class=\"wp-image-245137\"\/><\/figure>\n<\/div>\n\n\n\n<div class=\"wp-block-column is-layout-flow wp-block-column-is-layout-flow\">\n<figure class=\"wp-block-image size-large\"><img loading=\"lazy\" decoding=\"async\" width=\"458\" height=\"1024\" src=\"https:\/\/www.csantantoni.com\/wp-content\/uploads\/2024\/07\/Sant-Antoni-2024-3-458x1024.jpeg\" alt=\"Pacient Clinica Sant Antoni\" class=\"wp-image-245139\"\/><\/figure>\n<\/div>\n<\/div>\n\n\n\n<p><\/p>\n\n\n\n<p>A la tarda va haver-hi una altra sorpresa, els nostres pacients van poder gaudir d&#8217;un mon\u00f2leg de Toni Climent, interpretant al m\u00edtic Eugenio al pati de la<a href=\"http:\/\/www.csantantoni.com\"> <strong>Cl\u00ednica Sant Antoni.<\/strong><\/a><\/p>\n\n\n\n<div class=\"wp-block-columns is-layout-flex wp-container-core-columns-is-layout-9d6595d7 wp-block-columns-is-layout-flex\">\n<div class=\"wp-block-column is-layout-flow wp-block-column-is-layout-flow\">\n<figure class=\"wp-block-image size-large\"><img loading=\"lazy\" decoding=\"async\" width=\"576\" height=\"1024\" src=\"https:\/\/www.csantantoni.com\/wp-content\/uploads\/2024\/07\/Diseno-sin-titulo-1-1-576x1024.png\" alt=\"Toni Climent actuant a la cl\u00ednica Sant Antoni \" class=\"wp-image-245159\"\/><\/figure>\n<\/div>\n\n\n\n<div class=\"wp-block-column is-layout-flow wp-block-column-is-layout-flow\">\n<p>L&#8217;actuaci\u00f3 de Toni Climent va ser molt ben rebuda pels pacients, els qui van riure i van gaudir d&#8217;una tarda diferent i memorable. Aquest tipus d&#8217;iniciatives, que tant aporten al benestar dels nostres usuaris, no serien possibles sense el suport constant de\u00a0\u00c1ltima, amb qui col\u00b7laborem des de fa anys. <\/p>\n\n\n\n<p>La participaci\u00f3 de Toni Climent, conegut pel seu talent en l&#8217;humor i la seva capacitat de connectar amb el p\u00fablic, va ser un dels moments m\u00e9s destacats de la jornada, oferint un espectacle que va alegrar els cors de tots els assistents.<\/p>\n\n\n\n<p>L&#8217;esdeveniment, organitzat amb la intenci\u00f3 de brindar un moment d&#8217;alegria i distracci\u00f3 als pacients, va aconseguir el seu objectiu amb escreix. <strong><a href=\"https:\/\/www.instagram.com\/climent.t\/\">Toni Climent<\/a>, <\/strong>amb el seu caracter\u00edstic estil c\u00f2mic i la seva habilitat per a involucrar a l&#8217;audi\u00e8ncia, va crear un ambient c\u00e0lid i ple de riures, la qual cosa va ajudar els pacients a oblidar-se per una estona de les seves preocupacions quotidianes i gaudir d&#8217;una experi\u00e8ncia \u00fanica i\u00a0revitalizante.<\/p>\n<\/div>\n<\/div>\n\n\n\n<p>La col\u00b7laboraci\u00f3 amb *\u00c1ltima ha estat crucial per a la realitzaci\u00f3 d&#8217;aquests esdeveniments. *\u00c1ltima, una empresa compromesa amb el benestar social, ha secundat consistentment les nostres activitats, permetent-nos oferir als nostres usuaris moments de felicitat i esplai.<\/p>\n\n\n\n<p>El seu suport no sols facilita la log\u00edstica i organitzaci\u00f3, sin\u00f3 que tamb\u00e9 subratlla la import\u00e0ncia d&#8217;iniciatives que promoguin la salut emocional i el benestar integral dels pacients.<\/p>\n\n\n\n<p>En resum, l&#8217;actuaci\u00f3 de Toni Climent no sols va ser un \u00e8xit per l&#8217;entreteniment proporcionat, sin\u00f3 tamb\u00e9 per l&#8217;impacte positiu en l&#8217;estat d&#8217;\u00e0nim dels pacients. Aquest tipus d&#8217;esdeveniments s\u00f3n essencials per a crear un entorn hospitalari m\u00e9s hum\u00e0 i acollidor, demostrant que el riure i l&#8217;humor s\u00f3n components importants en el proc\u00e9s de recuperaci\u00f3 i benestar.<\/p>\n\n\n\n<p>En representaci\u00f3 de *\u00c1ltima, van assistir Montse *Reymond\u00e9z i Yolanda Gallego, que van dirigir unes paraules molt emotives tant a la nostra cl\u00ednica com als nostres pacients, destacant la import\u00e0ncia de mantenir aquestes iniciatives de col\u00b7laboraci\u00f3. Les seves paraules van ressaltar la dedicaci\u00f3 i el comprom\u00eds de *\u00c1ltima amb la comunitat, subratllant la import\u00e0ncia de crear moments de benestar i felicitat per a aquells que es troben en situacions delicades de salut.<\/p>\n\n\n\n<p>Durant el tancament de la festa, el nostre director gerent, el Sr. Pedro *Ayesa, i la nostra directora financera, Sonia *Suescun, van agrair sincerament a *\u00c1ltima la seva aportaci\u00f3 i suport continuat, que fan possibles aquests moments d&#8217;alegria i diversi\u00f3 per als pacients. El Sr. *Ayesa va destacar que esdeveniments com aquest s\u00f3n fonamentals per a la recuperaci\u00f3 emocional dels pacients, ja que el benestar emocional \u00e9s una part essencial del proc\u00e9s de curaci\u00f3.<\/p>\n\n\n\n<p>L&#8217;\u00e8xit de la festa anual reafirma el nostre comprom\u00eds de proporcionar no sols una atenci\u00f3 m\u00e8dica de qualitat, sin\u00f3 tamb\u00e9 moments de felicitat i benestar per als nostres pacients. Continuem treballant per a oferir un servei integral que tingui en compte totes les necessitats dels pacients, incloent-hi el seu benestar emocional. Aix\u00f2 \u00e9s possible gr\u00e0cies a la col\u00b7laboraci\u00f3 amb entitats com *\u00c1ltima, que comparteixen la nostra visi\u00f3 de millorar la qualitat de vida dels pacients.<\/p>\n\n\n\n<p>Aquest esdeveniment no sols \u00e9s un testimoniatge del treball conjunt entre nosaltres i *\u00c1ltima, sin\u00f3 tamb\u00e9 una mostra de com la col\u00b7laboraci\u00f3 entre diferents sectors pot contribuir positivament a la societat. La nostra festa anual \u00e9s un exemple brillant de com les institucions poden unir esfor\u00e7os per a crear experi\u00e8ncies significatives que deixen una petjada duradora en les vides de les persones.<\/p>\n\n\n\n<p>Esperem continuar aquesta tradici\u00f3 en els pr\u00f2xims anys, amb el suport inestimable de *\u00c1ltima i altres col\u00b7laboradors, per a continuar proporcionant moments d&#8217;alegria i benestar als nostres pacients.<\/p>\n\n\n\n<p><\/p>\n\n\n\n<p>Font: Elaboraci\u00f3 pr\u00f2pia<\/p>\n","protected":false},"excerpt":{"rendered":"<p>El passat 13 de juny vam celebrar l&#8217;habitual Festa de Sant Antoni. Els pacients van rebre nombroses sorpresa<\/p>\n","protected":false},"author":5,"featured_media":245146,"comment_status":"closed","ping_status":"closed","sticky":false,"template":"","format":"standard","meta":{"_et_pb_use_builder":"off","_et_pb_old_content":"","_et_gb_content_width":"","footnotes":""},"categories":[347,67],"tags":[254,255,136,157,263,264,257,258,265,259,260,166,111,38,261,253,262],"class_list":["post-245165","post","type-post","status-publish","format-standard","has-post-thumbnail","hentry","category-actualitat","category-noticies","tag-altima","tag-altima-ca","tag-barcelona","tag-clinica-sant-antoni","tag-festa","tag-festa-anual","tag-fiesta-anual-ca","tag-hospital-atencion-intermedia-ca","tag-hospital-datencio-intermedia","tag-monolog-ca","tag-monologo-ca","tag-pacients","tag-salut","tag-sociosanitari","tag-sociosanitario-barcelona-ca","tag-toni-climent","tag-toni-climent-ca"],"yoast_head":"<!-- This site is optimized with the Yoast SEO plugin v27.5 - https:\/\/yoast.com\/product\/yoast-seo-wordpress\/ -->\n<title>La nostra festivitat, Sant Antoni - Cl\u00ednica Sant Antoni<\/title>\n<meta name=\"robots\" content=\"index, follow, max-snippet:-1, max-image-preview:large, max-video-preview:-1\" \/>\n<link rel=\"canonical\" href=\"https:\/\/www.csantantoni.com\/ca\/2024\/07\/05\/nuestra-festividad-sant-antoni\/\" \/>\n<meta property=\"og:locale\" content=\"ca_ES\" \/>\n<meta property=\"og:type\" content=\"article\" \/>\n<meta property=\"og:title\" content=\"La nostra festivitat, Sant Antoni - Cl\u00ednica Sant Antoni\" \/>\n<meta property=\"og:description\" content=\"El passat 13 de juny vam celebrar l&#039;habitual Festa de Sant Antoni. Els pacients van rebre nombroses sorpresa\" \/>\n<meta property=\"og:url\" content=\"https:\/\/www.csantantoni.com\/ca\/2024\/07\/05\/nuestra-festividad-sant-antoni\/\" \/>\n<meta property=\"og:site_name\" content=\"Cl\u00ednica Sant Antoni\" \/>\n<meta property=\"article:published_time\" content=\"2024-07-05T11:21:06+00:00\" \/>\n<meta property=\"article:modified_time\" content=\"2024-08-01T12:38:56+00:00\" \/>\n<meta property=\"og:image\" content=\"https:\/\/www.csantantoni.com\/wp-content\/uploads\/2024\/07\/Toni-Climent-2-1.jpg\" \/>\n\t<meta property=\"og:image:width\" content=\"1080\" \/>\n\t<meta property=\"og:image:height\" content=\"1920\" \/>\n\t<meta property=\"og:image:type\" content=\"image\/jpeg\" \/>\n<meta name=\"author\" content=\"maria\" \/>\n<meta name=\"twitter:card\" content=\"summary_large_image\" \/>\n<meta name=\"twitter:label1\" content=\"Escrit per\" \/>\n\t<meta name=\"twitter:data1\" content=\"maria\" \/>\n\t<meta name=\"twitter:label2\" content=\"Temps estimat de lectura\" \/>\n\t<meta name=\"twitter:data2\" content=\"6 minuts\" \/>\n<script type=\"application\/ld+json\" class=\"yoast-schema-graph\">{\"@context\":\"https:\\\/\\\/schema.org\",\"@graph\":[{\"@type\":\"Article\",\"@id\":\"https:\\\/\\\/www.csantantoni.com\\\/ca\\\/2024\\\/07\\\/05\\\/nuestra-festividad-sant-antoni\\\/#article\",\"isPartOf\":{\"@id\":\"https:\\\/\\\/www.csantantoni.com\\\/ca\\\/2024\\\/07\\\/05\\\/nuestra-festividad-sant-antoni\\\/\"},\"author\":{\"name\":\"maria\",\"@id\":\"https:\\\/\\\/www.csantantoni.com\\\/#\\\/schema\\\/person\\\/1ac3bacc730030dd4af35da287c58da7\"},\"headline\":\"La nostra festivitat, Sant Antoni\",\"datePublished\":\"2024-07-05T11:21:06+00:00\",\"dateModified\":\"2024-08-01T12:38:56+00:00\",\"mainEntityOfPage\":{\"@id\":\"https:\\\/\\\/www.csantantoni.com\\\/ca\\\/2024\\\/07\\\/05\\\/nuestra-festividad-sant-antoni\\\/\"},\"wordCount\":936,\"publisher\":{\"@id\":\"https:\\\/\\\/www.csantantoni.com\\\/#organization\"},\"image\":{\"@id\":\"https:\\\/\\\/www.csantantoni.com\\\/ca\\\/2024\\\/07\\\/05\\\/nuestra-festividad-sant-antoni\\\/#primaryimage\"},\"thumbnailUrl\":\"https:\\\/\\\/www.csantantoni.com\\\/wp-content\\\/uploads\\\/2024\\\/07\\\/Toni-Climent-2-1.jpg\",\"keywords\":[\"\u00c1ltima\",\"\u00c1ltima\",\"Barcelona\",\"Clinica Sant Antoni\",\"Festa\",\"Festa anual\",\"Fiesta Anual\",\"Hospital Atenci\u00f3n intermedia\",\"Hospital d'Atenci\u00f3 Interm\u00e8dia\",\"Monolog\",\"Monologo\",\"pacients\",\"salut\",\"sociosanitari\",\"Sociosanitario Barcelona\",\"Toni Climent\",\"Toni Climent\"],\"articleSection\":[\"Actualitat\",\"Not\u00edcies\"],\"inLanguage\":\"ca\"},{\"@type\":\"WebPage\",\"@id\":\"https:\\\/\\\/www.csantantoni.com\\\/ca\\\/2024\\\/07\\\/05\\\/nuestra-festividad-sant-antoni\\\/\",\"url\":\"https:\\\/\\\/www.csantantoni.com\\\/ca\\\/2024\\\/07\\\/05\\\/nuestra-festividad-sant-antoni\\\/\",\"name\":\"La nostra festivitat, Sant Antoni - Cl\u00ednica Sant Antoni\",\"isPartOf\":{\"@id\":\"https:\\\/\\\/www.csantantoni.com\\\/#website\"},\"primaryImageOfPage\":{\"@id\":\"https:\\\/\\\/www.csantantoni.com\\\/ca\\\/2024\\\/07\\\/05\\\/nuestra-festividad-sant-antoni\\\/#primaryimage\"},\"image\":{\"@id\":\"https:\\\/\\\/www.csantantoni.com\\\/ca\\\/2024\\\/07\\\/05\\\/nuestra-festividad-sant-antoni\\\/#primaryimage\"},\"thumbnailUrl\":\"https:\\\/\\\/www.csantantoni.com\\\/wp-content\\\/uploads\\\/2024\\\/07\\\/Toni-Climent-2-1.jpg\",\"datePublished\":\"2024-07-05T11:21:06+00:00\",\"dateModified\":\"2024-08-01T12:38:56+00:00\",\"breadcrumb\":{\"@id\":\"https:\\\/\\\/www.csantantoni.com\\\/ca\\\/2024\\\/07\\\/05\\\/nuestra-festividad-sant-antoni\\\/#breadcrumb\"},\"inLanguage\":\"ca\",\"potentialAction\":[{\"@type\":\"ReadAction\",\"target\":[\"https:\\\/\\\/www.csantantoni.com\\\/ca\\\/2024\\\/07\\\/05\\\/nuestra-festividad-sant-antoni\\\/\"]}]},{\"@type\":\"ImageObject\",\"inLanguage\":\"ca\",\"@id\":\"https:\\\/\\\/www.csantantoni.com\\\/ca\\\/2024\\\/07\\\/05\\\/nuestra-festividad-sant-antoni\\\/#primaryimage\",\"url\":\"https:\\\/\\\/www.csantantoni.com\\\/wp-content\\\/uploads\\\/2024\\\/07\\\/Toni-Climent-2-1.jpg\",\"contentUrl\":\"https:\\\/\\\/www.csantantoni.com\\\/wp-content\\\/uploads\\\/2024\\\/07\\\/Toni-Climent-2-1.jpg\",\"width\":1080,\"height\":1920,\"caption\":\"Toni Climent actuando en Clinica Sant Antoni\"},{\"@type\":\"BreadcrumbList\",\"@id\":\"https:\\\/\\\/www.csantantoni.com\\\/ca\\\/2024\\\/07\\\/05\\\/nuestra-festividad-sant-antoni\\\/#breadcrumb\",\"itemListElement\":[{\"@type\":\"ListItem\",\"position\":1,\"name\":\"Portada\",\"item\":\"https:\\\/\\\/www.csantantoni.com\\\/\"},{\"@type\":\"ListItem\",\"position\":2,\"name\":\"La nostra festivitat, Sant Antoni\"}]},{\"@type\":\"WebSite\",\"@id\":\"https:\\\/\\\/www.csantantoni.com\\\/#website\",\"url\":\"https:\\\/\\\/www.csantantoni.com\\\/\",\"name\":\"Cl\u00ednica Sant Antoni\",\"description\":\"Web de Cl\u00ednica Sant Antoni\",\"publisher\":{\"@id\":\"https:\\\/\\\/www.csantantoni.com\\\/#organization\"},\"potentialAction\":[{\"@type\":\"SearchAction\",\"target\":{\"@type\":\"EntryPoint\",\"urlTemplate\":\"https:\\\/\\\/www.csantantoni.com\\\/?s={search_term_string}\"},\"query-input\":{\"@type\":\"PropertyValueSpecification\",\"valueRequired\":true,\"valueName\":\"search_term_string\"}}],\"inLanguage\":\"ca\"},{\"@type\":\"Organization\",\"@id\":\"https:\\\/\\\/www.csantantoni.com\\\/#organization\",\"name\":\"Cl\u00ednica Sant Antoni\",\"url\":\"https:\\\/\\\/www.csantantoni.com\\\/\",\"logo\":{\"@type\":\"ImageObject\",\"inLanguage\":\"ca\",\"@id\":\"https:\\\/\\\/www.csantantoni.com\\\/#\\\/schema\\\/logo\\\/image\\\/\",\"url\":\"https:\\\/\\\/www.csantantoni.com\\\/wp-content\\\/uploads\\\/2022\\\/10\\\/clinica-sant-antoni-01.jpg\",\"contentUrl\":\"https:\\\/\\\/www.csantantoni.com\\\/wp-content\\\/uploads\\\/2022\\\/10\\\/clinica-sant-antoni-01.jpg\",\"width\":1980,\"height\":1315,\"caption\":\"Cl\u00ednica Sant Antoni\"},\"image\":{\"@id\":\"https:\\\/\\\/www.csantantoni.com\\\/#\\\/schema\\\/logo\\\/image\\\/\"}},{\"@type\":\"Person\",\"@id\":\"https:\\\/\\\/www.csantantoni.com\\\/#\\\/schema\\\/person\\\/1ac3bacc730030dd4af35da287c58da7\",\"name\":\"maria\",\"image\":{\"@type\":\"ImageObject\",\"inLanguage\":\"ca\",\"@id\":\"https:\\\/\\\/secure.gravatar.com\\\/avatar\\\/6976c4514c3f1e1daef2f5047bdeca80837d6cb7a7b437f151495dbc2b911500?s=96&d=mm&r=g\",\"url\":\"https:\\\/\\\/secure.gravatar.com\\\/avatar\\\/6976c4514c3f1e1daef2f5047bdeca80837d6cb7a7b437f151495dbc2b911500?s=96&d=mm&r=g\",\"contentUrl\":\"https:\\\/\\\/secure.gravatar.com\\\/avatar\\\/6976c4514c3f1e1daef2f5047bdeca80837d6cb7a7b437f151495dbc2b911500?s=96&d=mm&r=g\",\"caption\":\"maria\"},\"url\":\"https:\\\/\\\/www.csantantoni.com\\\/ca\\\/author\\\/maria\\\/\"}]}<\/script>\n<!-- \/ Yoast SEO plugin. -->","yoast_head_json":{"title":"La nostra festivitat, Sant Antoni - Cl\u00ednica Sant Antoni","robots":{"index":"index","follow":"follow","max-snippet":"max-snippet:-1","max-image-preview":"max-image-preview:large","max-video-preview":"max-video-preview:-1"},"canonical":"https:\/\/www.csantantoni.com\/ca\/2024\/07\/05\/nuestra-festividad-sant-antoni\/","og_locale":"ca_ES","og_type":"article","og_title":"La nostra festivitat, Sant Antoni - Cl\u00ednica Sant Antoni","og_description":"El passat 13 de juny vam celebrar l'habitual Festa de Sant Antoni. Els pacients van rebre nombroses sorpresa","og_url":"https:\/\/www.csantantoni.com\/ca\/2024\/07\/05\/nuestra-festividad-sant-antoni\/","og_site_name":"Cl\u00ednica Sant Antoni","article_published_time":"2024-07-05T11:21:06+00:00","article_modified_time":"2024-08-01T12:38:56+00:00","og_image":[{"width":1080,"height":1920,"url":"https:\/\/www.csantantoni.com\/wp-content\/uploads\/2024\/07\/Toni-Climent-2-1.jpg","type":"image\/jpeg"}],"author":"maria","twitter_card":"summary_large_image","twitter_misc":{"Escrit per":"maria","Temps estimat de lectura":"6 minuts"},"schema":{"@context":"https:\/\/schema.org","@graph":[{"@type":"Article","@id":"https:\/\/www.csantantoni.com\/ca\/2024\/07\/05\/nuestra-festividad-sant-antoni\/#article","isPartOf":{"@id":"https:\/\/www.csantantoni.com\/ca\/2024\/07\/05\/nuestra-festividad-sant-antoni\/"},"author":{"name":"maria","@id":"https:\/\/www.csantantoni.com\/#\/schema\/person\/1ac3bacc730030dd4af35da287c58da7"},"headline":"La nostra festivitat, Sant Antoni","datePublished":"2024-07-05T11:21:06+00:00","dateModified":"2024-08-01T12:38:56+00:00","mainEntityOfPage":{"@id":"https:\/\/www.csantantoni.com\/ca\/2024\/07\/05\/nuestra-festividad-sant-antoni\/"},"wordCount":936,"publisher":{"@id":"https:\/\/www.csantantoni.com\/#organization"},"image":{"@id":"https:\/\/www.csantantoni.com\/ca\/2024\/07\/05\/nuestra-festividad-sant-antoni\/#primaryimage"},"thumbnailUrl":"https:\/\/www.csantantoni.com\/wp-content\/uploads\/2024\/07\/Toni-Climent-2-1.jpg","keywords":["\u00c1ltima","\u00c1ltima","Barcelona","Clinica Sant Antoni","Festa","Festa anual","Fiesta Anual","Hospital Atenci\u00f3n intermedia","Hospital d'Atenci\u00f3 Interm\u00e8dia","Monolog","Monologo","pacients","salut","sociosanitari","Sociosanitario Barcelona","Toni Climent","Toni Climent"],"articleSection":["Actualitat","Not\u00edcies"],"inLanguage":"ca"},{"@type":"WebPage","@id":"https:\/\/www.csantantoni.com\/ca\/2024\/07\/05\/nuestra-festividad-sant-antoni\/","url":"https:\/\/www.csantantoni.com\/ca\/2024\/07\/05\/nuestra-festividad-sant-antoni\/","name":"La nostra festivitat, Sant Antoni - Cl\u00ednica Sant Antoni","isPartOf":{"@id":"https:\/\/www.csantantoni.com\/#website"},"primaryImageOfPage":{"@id":"https:\/\/www.csantantoni.com\/ca\/2024\/07\/05\/nuestra-festividad-sant-antoni\/#primaryimage"},"image":{"@id":"https:\/\/www.csantantoni.com\/ca\/2024\/07\/05\/nuestra-festividad-sant-antoni\/#primaryimage"},"thumbnailUrl":"https:\/\/www.csantantoni.com\/wp-content\/uploads\/2024\/07\/Toni-Climent-2-1.jpg","datePublished":"2024-07-05T11:21:06+00:00","dateModified":"2024-08-01T12:38:56+00:00","breadcrumb":{"@id":"https:\/\/www.csantantoni.com\/ca\/2024\/07\/05\/nuestra-festividad-sant-antoni\/#breadcrumb"},"inLanguage":"ca","potentialAction":[{"@type":"ReadAction","target":["https:\/\/www.csantantoni.com\/ca\/2024\/07\/05\/nuestra-festividad-sant-antoni\/"]}]},{"@type":"ImageObject","inLanguage":"ca","@id":"https:\/\/www.csantantoni.com\/ca\/2024\/07\/05\/nuestra-festividad-sant-antoni\/#primaryimage","url":"https:\/\/www.csantantoni.com\/wp-content\/uploads\/2024\/07\/Toni-Climent-2-1.jpg","contentUrl":"https:\/\/www.csantantoni.com\/wp-content\/uploads\/2024\/07\/Toni-Climent-2-1.jpg","width":1080,"height":1920,"caption":"Toni Climent actuando en Clinica Sant Antoni"},{"@type":"BreadcrumbList","@id":"https:\/\/www.csantantoni.com\/ca\/2024\/07\/05\/nuestra-festividad-sant-antoni\/#breadcrumb","itemListElement":[{"@type":"ListItem","position":1,"name":"Portada","item":"https:\/\/www.csantantoni.com\/"},{"@type":"ListItem","position":2,"name":"La nostra festivitat, Sant Antoni"}]},{"@type":"WebSite","@id":"https:\/\/www.csantantoni.com\/#website","url":"https:\/\/www.csantantoni.com\/","name":"Cl\u00ednica Sant Antoni","description":"Web de Cl\u00ednica Sant Antoni","publisher":{"@id":"https:\/\/www.csantantoni.com\/#organization"},"potentialAction":[{"@type":"SearchAction","target":{"@type":"EntryPoint","urlTemplate":"https:\/\/www.csantantoni.com\/?s={search_term_string}"},"query-input":{"@type":"PropertyValueSpecification","valueRequired":true,"valueName":"search_term_string"}}],"inLanguage":"ca"},{"@type":"Organization","@id":"https:\/\/www.csantantoni.com\/#organization","name":"Cl\u00ednica Sant Antoni","url":"https:\/\/www.csantantoni.com\/","logo":{"@type":"ImageObject","inLanguage":"ca","@id":"https:\/\/www.csantantoni.com\/#\/schema\/logo\/image\/","url":"https:\/\/www.csantantoni.com\/wp-content\/uploads\/2022\/10\/clinica-sant-antoni-01.jpg","contentUrl":"https:\/\/www.csantantoni.com\/wp-content\/uploads\/2022\/10\/clinica-sant-antoni-01.jpg","width":1980,"height":1315,"caption":"Cl\u00ednica Sant Antoni"},"image":{"@id":"https:\/\/www.csantantoni.com\/#\/schema\/logo\/image\/"}},{"@type":"Person","@id":"https:\/\/www.csantantoni.com\/#\/schema\/person\/1ac3bacc730030dd4af35da287c58da7","name":"maria","image":{"@type":"ImageObject","inLanguage":"ca","@id":"https:\/\/secure.gravatar.com\/avatar\/6976c4514c3f1e1daef2f5047bdeca80837d6cb7a7b437f151495dbc2b911500?s=96&d=mm&r=g","url":"https:\/\/secure.gravatar.com\/avatar\/6976c4514c3f1e1daef2f5047bdeca80837d6cb7a7b437f151495dbc2b911500?s=96&d=mm&r=g","contentUrl":"https:\/\/secure.gravatar.com\/avatar\/6976c4514c3f1e1daef2f5047bdeca80837d6cb7a7b437f151495dbc2b911500?s=96&d=mm&r=g","caption":"maria"},"url":"https:\/\/www.csantantoni.com\/ca\/author\/maria\/"}]}},"_links":{"self":[{"href":"https:\/\/www.csantantoni.com\/ca\/wp-json\/wp\/v2\/posts\/245165","targetHints":{"allow":["GET"]}}],"collection":[{"href":"https:\/\/www.csantantoni.com\/ca\/wp-json\/wp\/v2\/posts"}],"about":[{"href":"https:\/\/www.csantantoni.com\/ca\/wp-json\/wp\/v2\/types\/post"}],"author":[{"embeddable":true,"href":"https:\/\/www.csantantoni.com\/ca\/wp-json\/wp\/v2\/users\/5"}],"replies":[{"embeddable":true,"href":"https:\/\/www.csantantoni.com\/ca\/wp-json\/wp\/v2\/comments?post=245165"}],"version-history":[{"count":5,"href":"https:\/\/www.csantantoni.com\/ca\/wp-json\/wp\/v2\/posts\/245165\/revisions"}],"predecessor-version":[{"id":245576,"href":"https:\/\/www.csantantoni.com\/ca\/wp-json\/wp\/v2\/posts\/245165\/revisions\/245576"}],"wp:featuredmedia":[{"embeddable":true,"href":"https:\/\/www.csantantoni.com\/ca\/wp-json\/wp\/v2\/media\/245146"}],"wp:attachment":[{"href":"https:\/\/www.csantantoni.com\/ca\/wp-json\/wp\/v2\/media?parent=245165"}],"wp:term":[{"taxonomy":"category","embeddable":true,"href":"https:\/\/www.csantantoni.com\/ca\/wp-json\/wp\/v2\/categories?post=245165"},{"taxonomy":"post_tag","embeddable":true,"href":"https:\/\/www.csantantoni.com\/ca\/wp-json\/wp\/v2\/tags?post=245165"}],"curies":[{"name":"wp","href":"https:\/\/api.w.org\/{rel}","templated":true}]}}