{"id":245219,"date":"2024-07-09T12:44:03","date_gmt":"2024-07-09T12:44:03","guid":{"rendered":"https:\/\/www.csantantoni.com\/?p=245219"},"modified":"2024-08-01T12:38:27","modified_gmt":"2024-08-01T12:38:27","slug":"punto-de-refugio-climatico-en-la-clinica-sant-antoni","status":"publish","type":"post","link":"https:\/\/www.csantantoni.com\/ca\/2024\/07\/09\/punto-de-refugio-climatico-en-la-clinica-sant-antoni\/","title":{"rendered":"Punt de refugi clim\u00e0tic a la Cl\u00ednica Sant Antoni"},"content":{"rendered":"\n<figure class=\"wp-block-image size-full\"><img loading=\"lazy\" decoding=\"async\" width=\"915\" height=\"276\" src=\"https:\/\/www.csantantoni.com\/wp-content\/uploads\/2024\/07\/capcalera-refugis-climatics.jpg\" alt=\"refugis clim\u00e0tics\" class=\"wp-image-245212\" srcset=\"https:\/\/www.csantantoni.com\/wp-content\/uploads\/2024\/07\/capcalera-refugis-climatics.jpg 915w, https:\/\/www.csantantoni.com\/wp-content\/uploads\/2024\/07\/capcalera-refugis-climatics-480x145.jpg 480w\" sizes=\"(min-width: 0px) and (max-width: 480px) 480px, (min-width: 481px) 915px, 100vw\" \/><\/figure>\n\n\n\n<p><\/p>\n\n\n\n<p class=\"has-medium-font-size\">A partir d&#8217;avui, ens complau anunciar que la Cl\u00ednica Sant Antoni s&#8217;ha convertit en un Punt de Refugi Clim\u00e0tic, una iniciativa impulsada per l&#8217;Ajuntament de Barcelona per a oferir un espai segur i fresc a tota la ciutadania durant les onades de calor.<\/p>\n\n\n\n<p class=\"has-text-align-center has-white-color has-text-color has-background has-link-color has-medium-font-size wp-elements-328b90cfa6d1095a30cb4931e2d7dab0\" style=\"background-color:#00632e\"><strong><mark style=\"background-color:rgba(0, 0, 0, 0)\" class=\"has-inline-color has-white-color\">Qu\u00e8 \u00e9s un Punt de Refugi Clim\u00e0tic?<\/mark><\/strong><\/p>\n\n\n\n<p><\/p>\n\n\n\n<p>Els Punts de Refugi Clim\u00e0tic s\u00f3n llocs designats on les persones poden resguardar-se de les temperatures extremes, mantenir-se hidratades i gaudir d&#8217;un ambient c\u00f2mode i refrigerat. Aquesta iniciativa t\u00e9 com a objectiu principal protegir la salut de la poblaci\u00f3 m\u00e9s vulnerable, com per exemple persones grans, nens i aquells amb condicions de salut que els fan m\u00e9s susceptibles a l&#8217;efecte de la calor extrema.<\/p>\n\n\n\n<p><\/p>\n\n\n\n<p class=\"has-text-align-center has-white-color has-text-color has-background has-link-color has-medium-font-size wp-elements-912c9889b08ccda1fcab514292638280\" style=\"background-color:#00632e\"><strong>On estem situats?<\/strong><\/p>\n\n\n\n<p><\/p>\n\n\n\n<p>Ens podeu trobar a: <br>\ud83d\udccd<a href=\"http:\/\/csantantoni.com\"> <strong>Cl\u00ednica Sant Antoni, <\/strong><\/a><strong>Carrer de Sant Eloi, 6-8 Barcelona<\/strong><\/p>\n\n\n\n<p><\/p>\n\n\n\n<p class=\"has-text-align-center has-white-color has-text-color has-background has-link-color has-medium-font-size wp-elements-48f433f114cff6f80ca3279163f11739\" style=\"background-color:#00632e\"><strong>Horari d&#8217;atenci\u00f3:<\/strong><\/p>\n\n\n\n<p><\/p>\n\n\n\n<p>Estem oberts per vosaltres en els seg\u00fcents horaris: <br>\ud83d\udd58 <strong>De dilluns a divendres, de 9:00 a 18:00 h<\/strong><\/p>\n\n\n\n<p><\/p>\n\n\n\n<p class=\"has-text-align-center has-white-color has-text-color has-background has-link-color has-medium-font-size wp-elements-109f3e90057135b03aa99f69f778cd99\" style=\"background-color:#00632e\"><strong>Qu\u00e8 oferim?<\/strong><\/p>\n\n\n\n<p><\/p>\n\n\n\n<ul class=\"wp-block-list\">\n<li><strong>Espais amb aire condicionat<\/strong> per a descansar i refrescar-se.<\/li>\n\n\n\n<li><strong>Punts d&#8217;hidrataci\u00f3 <\/strong>amb aigua fresca gratu\u00efta.<\/li>\n\n\n\n<li><strong>Informaci\u00f3 i consells<\/strong> sobre com protegir-se de la calor.<\/li>\n<\/ul>\n\n\n\n<p class=\"has-text-align-center has-white-color has-text-color has-background has-link-color has-medium-font-size wp-elements-ad517d4cf69c6a837f0bd281194eb888\" style=\"background-color:#00632e\"><strong>A qui est\u00e0 dirigit?<\/strong><\/p>\n\n\n\n<p><\/p>\n\n\n\n<p>Aquest servei est\u00e0 <strong>obert a tota la ciutadania<\/strong>,<em> especialment a aquelles persones que no tenen acc\u00e9s en un espai refrigerat a casa seva o que necessiten un lloc segur durant les hores de m\u00e0xima calor.<\/em><\/p>\n\n\n\n<p><\/p>\n\n\n\n<p class=\"has-text-align-center has-white-color has-text-color has-background has-link-color has-medium-font-size wp-elements-3f13eb133eae2fe7c4b7ae81f97833d8\" style=\"background-color:#00632e\"><strong>On hi ha m\u00e9s refugis clim\u00e0tics?<\/strong><\/p>\n\n\n\n<figure class=\"wp-block-image size-full\"><img loading=\"lazy\" decoding=\"async\" width=\"975\" height=\"654\" src=\"https:\/\/www.csantantoni.com\/wp-content\/uploads\/2024\/07\/XARXA-DE-REFUGIS-CLIMATICS-BARCELONA.jpg\" alt=\"\" class=\"wp-image-245216\" srcset=\"https:\/\/www.csantantoni.com\/wp-content\/uploads\/2024\/07\/XARXA-DE-REFUGIS-CLIMATICS-BARCELONA.jpg 975w, https:\/\/www.csantantoni.com\/wp-content\/uploads\/2024\/07\/XARXA-DE-REFUGIS-CLIMATICS-BARCELONA-480x322.jpg 480w\" sizes=\"(min-width: 0px) and (max-width: 480px) 480px, (min-width: 481px) 975px, 100vw\" \/><\/figure>\n\n\n\n<p><\/p>\n\n\n\n<p class=\"has-text-align-center has-white-color has-text-color has-background has-link-color has-medium-font-size wp-elements-17451b4c21bfc04d150429b22d8856b0\" style=\"background-color:#00632e\"><strong>Participa i protegeix la teva salut!<\/strong><\/p>\n\n\n\n<p><\/p>\n\n\n\n<p>Aquesta iniciativa forma part del comprom\u00eds de l&#8217;Ajuntament de Barcelona amb la salut p\u00fablica i el benestar de tots els seus ciutadans. Us animem a fer \u00fas d&#8217;aquest servei i a compartir aquesta informaci\u00f3 amb aquells que creieu que podrien beneficiar.<\/p>\n\n\n\n<p>Tal com hem esmentat, a partir d&#8217;avui Cl\u00ednica Sant Antoni passa a ser un refugi clim\u00e0tic a la ciutat de Barcelona, aix\u00ed que si coneixes a alg\u00fa que li pugui interessar, Nom\u00e9s has de dir-li-ho!<\/p>\n\n\n\n<hr class=\"wp-block-separator has-alpha-channel-opacity\"\/>\n\n\n\n<p><strong>\ud83d\udd17 M\u00e9s informaci\u00f3 a la p\u00e0gina web de l&#8217;Ajuntament de Barcelona sobre <a href=\"https:\/\/www.barcelona.cat\/barcelona-pel-clima\/ca\/accions-concretes\/xarxa-de-refugis-climatic\">Refugis Clim\u00e0tics<\/a><\/strong><\/p>\n\n\n\n<p>Font: elaboraci\u00f3n propia<\/p>\n","protected":false},"excerpt":{"rendered":"<p>A partir d&#8217;aquest mes de juliol, la Cl\u00ednica Sant Antoni es suma a la iniciativa de l&#8217;Ajuntament de Barcelona en convertir-se en un refugi clim\u00e0tic del barri de Sants &#8211; Montju\u00efc.<\/p>\n","protected":false},"author":5,"featured_media":245228,"comment_status":"closed","ping_status":"closed","sticky":false,"template":"","format":"standard","meta":{"_et_pb_use_builder":"off","_et_pb_old_content":"","_et_gb_content_width":"","footnotes":""},"categories":[347,67],"tags":[269,220,164,222,81,166,272,270,271,111,49],"class_list":["post-245219","post","type-post","status-publish","format-standard","has-post-thumbnail","hentry","category-actualitat","category-noticies","tag-barrio-la-marina-ca","tag-benestar","tag-clinica-sant-antoni-ca","tag-csa-ca","tag-estiu","tag-pacients","tag-refugi-climatic","tag-refugio-ca","tag-refugio-climatico-ca","tag-salut","tag-sociosanitari-ca"],"yoast_head":"<!-- This site is optimized with the Yoast SEO plugin v27.5 - https:\/\/yoast.com\/product\/yoast-seo-wordpress\/ -->\n<title>Punt de refugi clim\u00e0tic a la Cl\u00ednica Sant Antoni - Cl\u00ednica Sant Antoni<\/title>\n<meta name=\"robots\" content=\"index, follow, max-snippet:-1, max-image-preview:large, max-video-preview:-1\" \/>\n<link rel=\"canonical\" href=\"https:\/\/www.csantantoni.com\/ca\/2024\/07\/09\/punto-de-refugio-climatico-en-la-clinica-sant-antoni\/\" \/>\n<meta property=\"og:locale\" content=\"ca_ES\" \/>\n<meta property=\"og:type\" content=\"article\" \/>\n<meta property=\"og:title\" content=\"Punt de refugi clim\u00e0tic a la Cl\u00ednica Sant Antoni - Cl\u00ednica Sant Antoni\" \/>\n<meta property=\"og:description\" content=\"A partir d&#039;aquest mes de juliol, la Cl\u00ednica Sant Antoni es suma a la iniciativa de l&#039;Ajuntament de Barcelona en convertir-se en un refugi clim\u00e0tic del barri de Sants - Montju\u00efc.\" \/>\n<meta property=\"og:url\" content=\"https:\/\/www.csantantoni.com\/ca\/2024\/07\/09\/punto-de-refugio-climatico-en-la-clinica-sant-antoni\/\" \/>\n<meta property=\"og:site_name\" content=\"Cl\u00ednica Sant Antoni\" \/>\n<meta property=\"article:published_time\" content=\"2024-07-09T12:44:03+00:00\" \/>\n<meta property=\"article:modified_time\" content=\"2024-08-01T12:38:27+00:00\" \/>\n<meta property=\"og:image\" content=\"https:\/\/www.csantantoni.com\/wp-content\/uploads\/2024\/07\/35-1024x724.png\" \/>\n\t<meta property=\"og:image:width\" content=\"1024\" \/>\n\t<meta property=\"og:image:height\" content=\"724\" \/>\n\t<meta property=\"og:image:type\" content=\"image\/png\" \/>\n<meta name=\"author\" content=\"maria\" \/>\n<meta name=\"twitter:card\" content=\"summary_large_image\" \/>\n<meta name=\"twitter:label1\" content=\"Escrit per\" \/>\n\t<meta name=\"twitter:data1\" content=\"maria\" \/>\n\t<meta name=\"twitter:label2\" content=\"Temps estimat de lectura\" \/>\n\t<meta name=\"twitter:data2\" content=\"3 minuts\" \/>\n<script type=\"application\/ld+json\" class=\"yoast-schema-graph\">{\"@context\":\"https:\\\/\\\/schema.org\",\"@graph\":[{\"@type\":\"Article\",\"@id\":\"https:\\\/\\\/www.csantantoni.com\\\/ca\\\/2024\\\/07\\\/09\\\/punto-de-refugio-climatico-en-la-clinica-sant-antoni\\\/#article\",\"isPartOf\":{\"@id\":\"https:\\\/\\\/www.csantantoni.com\\\/ca\\\/2024\\\/07\\\/09\\\/punto-de-refugio-climatico-en-la-clinica-sant-antoni\\\/\"},\"author\":{\"name\":\"maria\",\"@id\":\"https:\\\/\\\/www.csantantoni.com\\\/#\\\/schema\\\/person\\\/1ac3bacc730030dd4af35da287c58da7\"},\"headline\":\"Punt de refugi clim\u00e0tic a la Cl\u00ednica Sant Antoni\",\"datePublished\":\"2024-07-09T12:44:03+00:00\",\"dateModified\":\"2024-08-01T12:38:27+00:00\",\"mainEntityOfPage\":{\"@id\":\"https:\\\/\\\/www.csantantoni.com\\\/ca\\\/2024\\\/07\\\/09\\\/punto-de-refugio-climatico-en-la-clinica-sant-antoni\\\/\"},\"wordCount\":362,\"publisher\":{\"@id\":\"https:\\\/\\\/www.csantantoni.com\\\/#organization\"},\"image\":{\"@id\":\"https:\\\/\\\/www.csantantoni.com\\\/ca\\\/2024\\\/07\\\/09\\\/punto-de-refugio-climatico-en-la-clinica-sant-antoni\\\/#primaryimage\"},\"thumbnailUrl\":\"https:\\\/\\\/www.csantantoni.com\\\/wp-content\\\/uploads\\\/2024\\\/07\\\/35.png\",\"keywords\":[\"barrio la marina\",\"BENESTAR\",\"Clinica Sant Antoni\",\"CSA\",\"estiu\",\"pacients\",\"refugi clim\u00e0tic\",\"refugio\",\"refugio clim\u00e1tico\",\"salut\",\"sociosanitari\"],\"articleSection\":[\"Actualitat\",\"Not\u00edcies\"],\"inLanguage\":\"ca\"},{\"@type\":\"WebPage\",\"@id\":\"https:\\\/\\\/www.csantantoni.com\\\/ca\\\/2024\\\/07\\\/09\\\/punto-de-refugio-climatico-en-la-clinica-sant-antoni\\\/\",\"url\":\"https:\\\/\\\/www.csantantoni.com\\\/ca\\\/2024\\\/07\\\/09\\\/punto-de-refugio-climatico-en-la-clinica-sant-antoni\\\/\",\"name\":\"Punt de refugi clim\u00e0tic a la Cl\u00ednica Sant Antoni - Cl\u00ednica Sant Antoni\",\"isPartOf\":{\"@id\":\"https:\\\/\\\/www.csantantoni.com\\\/#website\"},\"primaryImageOfPage\":{\"@id\":\"https:\\\/\\\/www.csantantoni.com\\\/ca\\\/2024\\\/07\\\/09\\\/punto-de-refugio-climatico-en-la-clinica-sant-antoni\\\/#primaryimage\"},\"image\":{\"@id\":\"https:\\\/\\\/www.csantantoni.com\\\/ca\\\/2024\\\/07\\\/09\\\/punto-de-refugio-climatico-en-la-clinica-sant-antoni\\\/#primaryimage\"},\"thumbnailUrl\":\"https:\\\/\\\/www.csantantoni.com\\\/wp-content\\\/uploads\\\/2024\\\/07\\\/35.png\",\"datePublished\":\"2024-07-09T12:44:03+00:00\",\"dateModified\":\"2024-08-01T12:38:27+00:00\",\"breadcrumb\":{\"@id\":\"https:\\\/\\\/www.csantantoni.com\\\/ca\\\/2024\\\/07\\\/09\\\/punto-de-refugio-climatico-en-la-clinica-sant-antoni\\\/#breadcrumb\"},\"inLanguage\":\"ca\",\"potentialAction\":[{\"@type\":\"ReadAction\",\"target\":[\"https:\\\/\\\/www.csantantoni.com\\\/ca\\\/2024\\\/07\\\/09\\\/punto-de-refugio-climatico-en-la-clinica-sant-antoni\\\/\"]}]},{\"@type\":\"ImageObject\",\"inLanguage\":\"ca\",\"@id\":\"https:\\\/\\\/www.csantantoni.com\\\/ca\\\/2024\\\/07\\\/09\\\/punto-de-refugio-climatico-en-la-clinica-sant-antoni\\\/#primaryimage\",\"url\":\"https:\\\/\\\/www.csantantoni.com\\\/wp-content\\\/uploads\\\/2024\\\/07\\\/35.png\",\"contentUrl\":\"https:\\\/\\\/www.csantantoni.com\\\/wp-content\\\/uploads\\\/2024\\\/07\\\/35.png\",\"width\":2000,\"height\":1414,\"caption\":\"Som un refugi clim\u00e0tic\"},{\"@type\":\"BreadcrumbList\",\"@id\":\"https:\\\/\\\/www.csantantoni.com\\\/ca\\\/2024\\\/07\\\/09\\\/punto-de-refugio-climatico-en-la-clinica-sant-antoni\\\/#breadcrumb\",\"itemListElement\":[{\"@type\":\"ListItem\",\"position\":1,\"name\":\"Portada\",\"item\":\"https:\\\/\\\/www.csantantoni.com\\\/\"},{\"@type\":\"ListItem\",\"position\":2,\"name\":\"Punt de refugi clim\u00e0tic a la Cl\u00ednica Sant Antoni\"}]},{\"@type\":\"WebSite\",\"@id\":\"https:\\\/\\\/www.csantantoni.com\\\/#website\",\"url\":\"https:\\\/\\\/www.csantantoni.com\\\/\",\"name\":\"Cl\u00ednica Sant Antoni\",\"description\":\"Web de Cl\u00ednica Sant Antoni\",\"publisher\":{\"@id\":\"https:\\\/\\\/www.csantantoni.com\\\/#organization\"},\"potentialAction\":[{\"@type\":\"SearchAction\",\"target\":{\"@type\":\"EntryPoint\",\"urlTemplate\":\"https:\\\/\\\/www.csantantoni.com\\\/?s={search_term_string}\"},\"query-input\":{\"@type\":\"PropertyValueSpecification\",\"valueRequired\":true,\"valueName\":\"search_term_string\"}}],\"inLanguage\":\"ca\"},{\"@type\":\"Organization\",\"@id\":\"https:\\\/\\\/www.csantantoni.com\\\/#organization\",\"name\":\"Cl\u00ednica Sant Antoni\",\"url\":\"https:\\\/\\\/www.csantantoni.com\\\/\",\"logo\":{\"@type\":\"ImageObject\",\"inLanguage\":\"ca\",\"@id\":\"https:\\\/\\\/www.csantantoni.com\\\/#\\\/schema\\\/logo\\\/image\\\/\",\"url\":\"https:\\\/\\\/www.csantantoni.com\\\/wp-content\\\/uploads\\\/2022\\\/10\\\/clinica-sant-antoni-01.jpg\",\"contentUrl\":\"https:\\\/\\\/www.csantantoni.com\\\/wp-content\\\/uploads\\\/2022\\\/10\\\/clinica-sant-antoni-01.jpg\",\"width\":1980,\"height\":1315,\"caption\":\"Cl\u00ednica Sant Antoni\"},\"image\":{\"@id\":\"https:\\\/\\\/www.csantantoni.com\\\/#\\\/schema\\\/logo\\\/image\\\/\"}},{\"@type\":\"Person\",\"@id\":\"https:\\\/\\\/www.csantantoni.com\\\/#\\\/schema\\\/person\\\/1ac3bacc730030dd4af35da287c58da7\",\"name\":\"maria\",\"image\":{\"@type\":\"ImageObject\",\"inLanguage\":\"ca\",\"@id\":\"https:\\\/\\\/secure.gravatar.com\\\/avatar\\\/6976c4514c3f1e1daef2f5047bdeca80837d6cb7a7b437f151495dbc2b911500?s=96&d=mm&r=g\",\"url\":\"https:\\\/\\\/secure.gravatar.com\\\/avatar\\\/6976c4514c3f1e1daef2f5047bdeca80837d6cb7a7b437f151495dbc2b911500?s=96&d=mm&r=g\",\"contentUrl\":\"https:\\\/\\\/secure.gravatar.com\\\/avatar\\\/6976c4514c3f1e1daef2f5047bdeca80837d6cb7a7b437f151495dbc2b911500?s=96&d=mm&r=g\",\"caption\":\"maria\"},\"url\":\"https:\\\/\\\/www.csantantoni.com\\\/ca\\\/author\\\/maria\\\/\"}]}<\/script>\n<!-- \/ Yoast SEO plugin. -->","yoast_head_json":{"title":"Punt de refugi clim\u00e0tic a la Cl\u00ednica Sant Antoni - Cl\u00ednica Sant Antoni","robots":{"index":"index","follow":"follow","max-snippet":"max-snippet:-1","max-image-preview":"max-image-preview:large","max-video-preview":"max-video-preview:-1"},"canonical":"https:\/\/www.csantantoni.com\/ca\/2024\/07\/09\/punto-de-refugio-climatico-en-la-clinica-sant-antoni\/","og_locale":"ca_ES","og_type":"article","og_title":"Punt de refugi clim\u00e0tic a la Cl\u00ednica Sant Antoni - Cl\u00ednica Sant Antoni","og_description":"A partir d'aquest mes de juliol, la Cl\u00ednica Sant Antoni es suma a la iniciativa de l'Ajuntament de Barcelona en convertir-se en un refugi clim\u00e0tic del barri de Sants - Montju\u00efc.","og_url":"https:\/\/www.csantantoni.com\/ca\/2024\/07\/09\/punto-de-refugio-climatico-en-la-clinica-sant-antoni\/","og_site_name":"Cl\u00ednica Sant Antoni","article_published_time":"2024-07-09T12:44:03+00:00","article_modified_time":"2024-08-01T12:38:27+00:00","og_image":[{"width":1024,"height":724,"url":"https:\/\/www.csantantoni.com\/wp-content\/uploads\/2024\/07\/35-1024x724.png","type":"image\/png"}],"author":"maria","twitter_card":"summary_large_image","twitter_misc":{"Escrit per":"maria","Temps estimat de lectura":"3 minuts"},"schema":{"@context":"https:\/\/schema.org","@graph":[{"@type":"Article","@id":"https:\/\/www.csantantoni.com\/ca\/2024\/07\/09\/punto-de-refugio-climatico-en-la-clinica-sant-antoni\/#article","isPartOf":{"@id":"https:\/\/www.csantantoni.com\/ca\/2024\/07\/09\/punto-de-refugio-climatico-en-la-clinica-sant-antoni\/"},"author":{"name":"maria","@id":"https:\/\/www.csantantoni.com\/#\/schema\/person\/1ac3bacc730030dd4af35da287c58da7"},"headline":"Punt de refugi clim\u00e0tic a la Cl\u00ednica Sant Antoni","datePublished":"2024-07-09T12:44:03+00:00","dateModified":"2024-08-01T12:38:27+00:00","mainEntityOfPage":{"@id":"https:\/\/www.csantantoni.com\/ca\/2024\/07\/09\/punto-de-refugio-climatico-en-la-clinica-sant-antoni\/"},"wordCount":362,"publisher":{"@id":"https:\/\/www.csantantoni.com\/#organization"},"image":{"@id":"https:\/\/www.csantantoni.com\/ca\/2024\/07\/09\/punto-de-refugio-climatico-en-la-clinica-sant-antoni\/#primaryimage"},"thumbnailUrl":"https:\/\/www.csantantoni.com\/wp-content\/uploads\/2024\/07\/35.png","keywords":["barrio la marina","BENESTAR","Clinica Sant Antoni","CSA","estiu","pacients","refugi clim\u00e0tic","refugio","refugio clim\u00e1tico","salut","sociosanitari"],"articleSection":["Actualitat","Not\u00edcies"],"inLanguage":"ca"},{"@type":"WebPage","@id":"https:\/\/www.csantantoni.com\/ca\/2024\/07\/09\/punto-de-refugio-climatico-en-la-clinica-sant-antoni\/","url":"https:\/\/www.csantantoni.com\/ca\/2024\/07\/09\/punto-de-refugio-climatico-en-la-clinica-sant-antoni\/","name":"Punt de refugi clim\u00e0tic a la Cl\u00ednica Sant Antoni - Cl\u00ednica Sant Antoni","isPartOf":{"@id":"https:\/\/www.csantantoni.com\/#website"},"primaryImageOfPage":{"@id":"https:\/\/www.csantantoni.com\/ca\/2024\/07\/09\/punto-de-refugio-climatico-en-la-clinica-sant-antoni\/#primaryimage"},"image":{"@id":"https:\/\/www.csantantoni.com\/ca\/2024\/07\/09\/punto-de-refugio-climatico-en-la-clinica-sant-antoni\/#primaryimage"},"thumbnailUrl":"https:\/\/www.csantantoni.com\/wp-content\/uploads\/2024\/07\/35.png","datePublished":"2024-07-09T12:44:03+00:00","dateModified":"2024-08-01T12:38:27+00:00","breadcrumb":{"@id":"https:\/\/www.csantantoni.com\/ca\/2024\/07\/09\/punto-de-refugio-climatico-en-la-clinica-sant-antoni\/#breadcrumb"},"inLanguage":"ca","potentialAction":[{"@type":"ReadAction","target":["https:\/\/www.csantantoni.com\/ca\/2024\/07\/09\/punto-de-refugio-climatico-en-la-clinica-sant-antoni\/"]}]},{"@type":"ImageObject","inLanguage":"ca","@id":"https:\/\/www.csantantoni.com\/ca\/2024\/07\/09\/punto-de-refugio-climatico-en-la-clinica-sant-antoni\/#primaryimage","url":"https:\/\/www.csantantoni.com\/wp-content\/uploads\/2024\/07\/35.png","contentUrl":"https:\/\/www.csantantoni.com\/wp-content\/uploads\/2024\/07\/35.png","width":2000,"height":1414,"caption":"Som un refugi clim\u00e0tic"},{"@type":"BreadcrumbList","@id":"https:\/\/www.csantantoni.com\/ca\/2024\/07\/09\/punto-de-refugio-climatico-en-la-clinica-sant-antoni\/#breadcrumb","itemListElement":[{"@type":"ListItem","position":1,"name":"Portada","item":"https:\/\/www.csantantoni.com\/"},{"@type":"ListItem","position":2,"name":"Punt de refugi clim\u00e0tic a la Cl\u00ednica Sant Antoni"}]},{"@type":"WebSite","@id":"https:\/\/www.csantantoni.com\/#website","url":"https:\/\/www.csantantoni.com\/","name":"Cl\u00ednica Sant Antoni","description":"Web de Cl\u00ednica Sant Antoni","publisher":{"@id":"https:\/\/www.csantantoni.com\/#organization"},"potentialAction":[{"@type":"SearchAction","target":{"@type":"EntryPoint","urlTemplate":"https:\/\/www.csantantoni.com\/?s={search_term_string}"},"query-input":{"@type":"PropertyValueSpecification","valueRequired":true,"valueName":"search_term_string"}}],"inLanguage":"ca"},{"@type":"Organization","@id":"https:\/\/www.csantantoni.com\/#organization","name":"Cl\u00ednica Sant Antoni","url":"https:\/\/www.csantantoni.com\/","logo":{"@type":"ImageObject","inLanguage":"ca","@id":"https:\/\/www.csantantoni.com\/#\/schema\/logo\/image\/","url":"https:\/\/www.csantantoni.com\/wp-content\/uploads\/2022\/10\/clinica-sant-antoni-01.jpg","contentUrl":"https:\/\/www.csantantoni.com\/wp-content\/uploads\/2022\/10\/clinica-sant-antoni-01.jpg","width":1980,"height":1315,"caption":"Cl\u00ednica Sant Antoni"},"image":{"@id":"https:\/\/www.csantantoni.com\/#\/schema\/logo\/image\/"}},{"@type":"Person","@id":"https:\/\/www.csantantoni.com\/#\/schema\/person\/1ac3bacc730030dd4af35da287c58da7","name":"maria","image":{"@type":"ImageObject","inLanguage":"ca","@id":"https:\/\/secure.gravatar.com\/avatar\/6976c4514c3f1e1daef2f5047bdeca80837d6cb7a7b437f151495dbc2b911500?s=96&d=mm&r=g","url":"https:\/\/secure.gravatar.com\/avatar\/6976c4514c3f1e1daef2f5047bdeca80837d6cb7a7b437f151495dbc2b911500?s=96&d=mm&r=g","contentUrl":"https:\/\/secure.gravatar.com\/avatar\/6976c4514c3f1e1daef2f5047bdeca80837d6cb7a7b437f151495dbc2b911500?s=96&d=mm&r=g","caption":"maria"},"url":"https:\/\/www.csantantoni.com\/ca\/author\/maria\/"}]}},"_links":{"self":[{"href":"https:\/\/www.csantantoni.com\/ca\/wp-json\/wp\/v2\/posts\/245219","targetHints":{"allow":["GET"]}}],"collection":[{"href":"https:\/\/www.csantantoni.com\/ca\/wp-json\/wp\/v2\/posts"}],"about":[{"href":"https:\/\/www.csantantoni.com\/ca\/wp-json\/wp\/v2\/types\/post"}],"author":[{"embeddable":true,"href":"https:\/\/www.csantantoni.com\/ca\/wp-json\/wp\/v2\/users\/5"}],"replies":[{"embeddable":true,"href":"https:\/\/www.csantantoni.com\/ca\/wp-json\/wp\/v2\/comments?post=245219"}],"version-history":[{"count":3,"href":"https:\/\/www.csantantoni.com\/ca\/wp-json\/wp\/v2\/posts\/245219\/revisions"}],"predecessor-version":[{"id":245575,"href":"https:\/\/www.csantantoni.com\/ca\/wp-json\/wp\/v2\/posts\/245219\/revisions\/245575"}],"wp:featuredmedia":[{"embeddable":true,"href":"https:\/\/www.csantantoni.com\/ca\/wp-json\/wp\/v2\/media\/245228"}],"wp:attachment":[{"href":"https:\/\/www.csantantoni.com\/ca\/wp-json\/wp\/v2\/media?parent=245219"}],"wp:term":[{"taxonomy":"category","embeddable":true,"href":"https:\/\/www.csantantoni.com\/ca\/wp-json\/wp\/v2\/categories?post=245219"},{"taxonomy":"post_tag","embeddable":true,"href":"https:\/\/www.csantantoni.com\/ca\/wp-json\/wp\/v2\/tags?post=245219"}],"curies":[{"name":"wp","href":"https:\/\/api.w.org\/{rel}","templated":true}]}}