{"id":245812,"date":"2024-09-16T08:28:59","date_gmt":"2024-09-16T08:28:59","guid":{"rendered":"https:\/\/www.csantantoni.com\/2024\/09\/16\/com-prevenir-malalties-respiratories-a-la-tardor\/"},"modified":"2024-09-16T10:31:40","modified_gmt":"2024-09-16T10:31:40","slug":"com-prevenir-malalties-respiratories-a-la-tardor","status":"publish","type":"post","link":"https:\/\/www.csantantoni.com\/ca\/2024\/09\/16\/com-prevenir-malalties-respiratories-a-la-tardor\/","title":{"rendered":"Com prevenir malalties respirat\u00f2ries a la tardor"},"content":{"rendered":"\n<figure class=\"wp-block-image size-large\"><img loading=\"lazy\" decoding=\"async\" width=\"1024\" height=\"317\" src=\"https:\/\/www.csantantoni.com\/wp-content\/uploads\/2024\/09\/Cuidar-la-salut-respiratoria-a-la-tardor-1024x317.png\" alt=\"\" class=\"wp-image-245814\" srcset=\"https:\/\/www.csantantoni.com\/wp-content\/uploads\/2024\/09\/Cuidar-la-salut-respiratoria-a-la-tardor-980x304.png 980w, https:\/\/www.csantantoni.com\/wp-content\/uploads\/2024\/09\/Cuidar-la-salut-respiratoria-a-la-tardor-480x149.png 480w\" sizes=\"(min-width: 0px) and (max-width: 480px) 480px, (min-width: 481px) and (max-width: 980px) 980px, (min-width: 981px) 1024px, 100vw\" \/><\/figure>\n\n\n\n<h3 class=\"wp-block-heading has-medium-font-size\">En aquest article trobar\u00e0s una guia per a prevenir malalties respirat\u00f2ries ara que aviat arribarem a la tardor. Et donarem diferents claus perqu\u00e8 et mantinguis saludable.\r\n<\/h3>\n\n\n\n<div class=\"wp-block-group is-nowrap is-layout-flex wp-container-core-group-is-layout-ad2f72ca wp-block-group-is-layout-flex\">\n<p>La tardor \u00e9s una estaci\u00f3 de transici\u00f3 que porta amb si un canvi en el clima, la rutina i, desafortunadament, un augment en la incid\u00e8ncia de malalties respirat\u00f2ries. A mesura que les temperatures baixen, \u00e9s comuna que les persones comencin a sofrir de refredats, grips i altres afeccions respirat\u00f2ries que poden afectar significativament la qualitat de vida. A m\u00e9s, factors com la volta a l&#8217;escola i al treball, i passar m\u00e9s temps en espais tancats, augmenten el risc de contagi. Aquest article t\u00e9 com a objectiu proporcionar-te una guia completa per a prevenir aquestes malalties, enfortir el teu sistema immunol\u00f2gic, i entendre quan \u00e9s recomanable vacunar-se per a protegir-te durant la temporada de tardor.\r\n<\/p>\n\n\n\n<p><a href=\"https:\/\/www.csantantoni.com\/ca\/2024\/09\/16\/com-prevenir-malalties-respiratories-a-la-tardor\/\" target=\"_blank\" rel=\"noreferrer noopener\"><\/a><\/p>\n<\/div>\n\n\n\n<p class=\"has-text-color has-link-color wp-elements-e6a2da14afdb9824d598ec01dbc9d05d\" style=\"color:#00632e;font-size:17px\"><strong>Per qu\u00e8 s\u00f3n m\u00e9s comuns les malalties respirat\u00f2ries a la tardor?<br><\/strong><\/p>\n\n\n\n<figure class=\"wp-block-image size-large\"><img loading=\"lazy\" decoding=\"async\" width=\"1024\" height=\"317\" src=\"https:\/\/www.csantantoni.com\/wp-content\/uploads\/2024\/09\/otono-1024x317.png\" alt=\"\" class=\"wp-image-245783\" srcset=\"https:\/\/www.csantantoni.com\/wp-content\/uploads\/2024\/09\/otono-980x303.png 980w, https:\/\/www.csantantoni.com\/wp-content\/uploads\/2024\/09\/otono-480x148.png 480w\" sizes=\"(min-width: 0px) and (max-width: 480px) 480px, (min-width: 481px) and (max-width: 980px) 980px, (min-width: 981px) 1024px, 100vw\" \/><\/figure>\n\n\n\n<p>La tardor es caracteritza per un augment en la incid\u00e8ncia d&#8217;infeccions respirat\u00f2ries per diverses raons que val la pena comprendre per a prevenir-les millor:\r\n<\/p>\n\n\n\n<p class=\"has-black-color has-text-color has-link-color wp-elements-31b910497ed719b70ed2a40c004f2400\" style=\"font-size:14px\"><strong><em>1. Canvis bruscos de temperatura<\/em><\/strong><\/p>\n\n\n\n<p>La transici\u00f3 de la calor de l&#8217;estiu a les temperatures m\u00e9s fredes de la tardor \u00e9s un desafiament per al cos, que necessita adaptar-se a les noves condicions. Aquests canvis bruscos poden afeblir el sistema immunol\u00f2gic, facilitant la invasi\u00f3 de virus i bacteris.<\/p>\n\n\n\n<p class=\"has-black-color has-text-color has-link-color wp-elements-1614681a2d5a45d5d846dd238b4a7500\" style=\"font-size:14px\"><em><strong>2. Major temps en espais tancats<\/strong><\/em><div class=\"row\" style=\"box-sizing: border-box; margin: 0px; padding: 0px; border: 0px; text-size-adjust: 100%; vertical-align: baseline; background: transparent;\"><\/div><\/p>\n\n\n\n<p>Amb l&#8217;arribada del fred, \u00e9s com\u00fa que passem m\u00e9s temps en interiors, on l&#8217;aire no circula tant com a l&#8217;aire lliure. Aix\u00f2 crea un ambient ideal per a la propagaci\u00f3 de pat\u00f2gens respiratoris, ja que l&#8217;aire es recircula i es comparteix amb uns altres, augmentant la probabilitat de contagi.<br><\/p>\n\n\n\n<p class=\"has-black-color has-text-color has-link-color wp-elements-69502df1c2db76107264916e10198ca0\" style=\"font-size:14px\"><strong><em>3. \u00a0Aire sec<\/em><\/strong><\/p>\n\n\n\n<p>La reducci\u00f3 de la humitat en l&#8217;aire degut a l&#8217;\u00fas de calefacci\u00f3 en interiors pot ressecar les mucoses de les vies respirat\u00f2ries. Les mucoses juguen un paper crucial en la defensa contra infeccions, i quan estan seques, s\u00f3n menys efectives per a atrapar i eliminar pat\u00f2gens.\r\n<\/p>\n\n\n\n<p class=\"has-black-color has-text-color has-link-color wp-elements-ff73647d75300c0da813df9a76a3634b\" style=\"font-size:14px\"><strong><em>4. &nbsp;Reinici d\u2019activitats escolars i laborals<\/em><\/strong><\/p>\n\n\n\n<p class=\"has-black-color has-text-color has-link-color wp-elements-fc819d97b27607d01e28c2b41a68fed5\" style=\"font-size:14px\"><\/p>\n\n\n\n<p>El retorn a les aules i oficines despr\u00e9s de l&#8217;estiu augmenta la concentraci\u00f3 de persones en espais redu\u00efts, la qual cosa facilita la transmissi\u00f3 de virus com el rinovirus (causant del refredat com\u00fa) i el virus de la grip.\r\n<\/p>\n\n\n\n<p class=\"has-black-color has-text-color has-link-color wp-elements-d498aa0baee1134b102ac06e10b5543e\" style=\"font-size:14px\"><strong><em>5. &nbsp;Sistema inmunol\u00f2gic debilitat despr\u00e9s de l\u2019estiu<\/em><\/strong><\/p>\n\n\n\n<p>Despr\u00e9s de l&#8217;estiu, \u00e9s possible que el sistema immunol\u00f2gic estigui una mica afeblit a causa d&#8217;una exposici\u00f3 prolongada al sol, canvis en la dieta, i una rutina d&#8217;exercici menys regular. Aix\u00f2 pot fer que el cos sigui m\u00e9s susceptible a les infeccions quan arriba la tardor.<br><\/p>\n\n\n\n<p class=\"has-text-color has-link-color wp-elements-86afe1a7a87b169c34739eec801aeb80\" style=\"color:#00632e;font-size:17px\"><strong>Consells pr\u00e0ctics per prevenir malalties respirat\u00f2ries a la tardor&nbsp;<\/strong><\/p>\n\n\n\n<p>Prevenir malalties respirat\u00f2ries a la tardor requereix d&#8217;una combinaci\u00f3 d&#8217;h\u00e0bits saludables, pr\u00e0ctiques d&#8217;higiene adequades, i mesures espec\u00edfiques per a refor\u00e7ar el sistema immunol\u00f2gic. Aqu\u00ed t&#8217;oferim una guia detallada per a mantenir la teva salut durant aquesta estaci\u00f3:<br><\/p>\n\n\n\n<p class=\"has-text-align-center has-white-color has-text-color has-background has-link-color wp-elements-1e3ded1fd46c066b978e06b75c7f8b47\" style=\"background-color:#00632e\"><strong>Higiene de mans: La primera l\u00ednia de defensa<\/strong><\/p>\n\n\n\n<p><\/p>\n\n\n\n<p>La rentada de mans \u00e9s fonamental per a prevenir la transmissi\u00f3 de malalties respirat\u00f2ries. La majoria dels virus respiratoris es transmeten a trav\u00e9s de les mans, ja sigui per contacte directe amb una persona malalta o per tocar superf\u00edcies contaminades. Assegura&#8217;t de rentar les teves mans amb aigua i sab\u00f3 durant almenys 20 segons, especialment despr\u00e9s de tossir, esternudar, estar en llocs p\u00fablics, o tocar superf\u00edcies d&#8217;\u00fas com\u00fa com picaportes, tel\u00e8fons m\u00f2bils i teclats. Si no tens acc\u00e9s a aigua i sab\u00f3, usa un desinfectant de mans a base d&#8217;alcohol amb almenys un 60% d&#8217;alcohol.\r\n<\/p>\n\n\n\n<p class=\"has-text-align-center has-white-color has-text-color has-background has-link-color wp-elements-db28457866e28c9b5362c00d66e8960c\" style=\"background-color:#00632e\"><strong>Vacuna\u2019t contra la grip: Protegeix la teva salut i la dels dem\u00e9s<\/strong><\/p>\n\n\n\n<p><\/p>\n\n\n\n<p>La vacunaci\u00f3 contra la grip \u00e9s una de les mesures m\u00e9s efectives per a prevenir aquesta malaltia, que pot ser greu, especialment en persones majors, nens petits, dones embarassades, i persones amb condicions m\u00e8diques cr\u00f2niques. La vacuna no sols protegeix la persona que la hi aplica, sin\u00f3 que tamb\u00e9 contribueix a la immunitat de grup, reduint la propagaci\u00f3 del virus en la comunitat. \u00c9s recomanable vacunar-se a principis de la tardor, abans que comenci la temporada alta de grip, ja que el cos triga unes dues setmanes a desenvolupar la immunitat necess\u00e0ria.\r\n<\/p>\n\n\n\n<p><\/p>\n\n\n\n<p class=\"has-text-align-center has-white-color has-text-color has-background has-link-color wp-elements-fb2e411313f143a5a9678a694c272c0d\" style=\"background-color:#00632e\"><strong>Practica una bona higiene respirat\u00f2ria<\/strong><\/p>\n\n\n\n<p><\/p>\n\n\n\n<p>La higiene respirat\u00f2ria \u00e9s crucial per a evitar la propagaci\u00f3 de virus. Si necessites tossir o esternudar, fes-ho en un mocador d&#8217;un sol \u00fas o en la part interna del colze, no a les mans. Rebutja immediatament els mocadors usats i renta&#8217;t les mans despr\u00e9s. Aquesta pr\u00e0ctica simple pot reduir significativament el risc de transmetre virus a altres persones i de contagiar-te tu mateix.\r\n<\/p>\n\n\n\n<p><\/p>\n\n\n\n<p class=\"has-text-align-center has-white-color has-text-color has-background has-link-color wp-elements-949ccef69934584dc9428d7097ce7591\" style=\"background-color:#00632e\"><strong>Enforteix el teu sistema inmunol\u00f2gic amb una dieta adequada<\/strong><\/p>\n\n\n\n<p><\/p>\n\n\n\n<p>Una dieta equilibrada i rica en nutrients \u00e9s essencial per a mantenir un sistema immunol\u00f2gic fort. Aqu\u00ed et donem algunes recomanacions diet\u00e8tiques per a la tardor:\r\n<\/p>\n\n\n\n<ul class=\"wp-block-list\">\n<li><div class=\"traductor-textarea form-group\"><strong> Fruites i verdures:<\/strong> <span style=\"background-color: rgb(255, 255, 255);\">Els aliments rics en vitamines, especialment la vitamina C (com a c\u00edtrics, maduixes, kiwis) i la vitamina A (com a pastanagues, espinacs, i carabassa), s\u00f3n coneguts per les seves propietats que enforteixen el sistema immunol\u00f2gic. Inclou una varietat de colors en la teva dieta per a assegurar-te d&#8217;obtenir un ampli espectre de nutrients.<\/span>   <div class=\"textarea-desti col-xs-12 col-sm-6\"><\/div><\/div> <\/li>\n\n\n\n<li><p><strong>Prote\u00eenes magres<\/strong>: Les prote\u00efnes s\u00f3n fonamentals per a la producci\u00f3 d&#8217;anticossos. Incorpora fonts de prote\u00efnes magres, com a peix, pollastre, #polit, llegums i tofu en els teus menjars diaris.&nbsp;<\/p><\/li>\n<\/ul>\n\n\n\n<ul class=\"wp-block-list\">\n<li><p><strong>Greixos saludables:<\/strong> Les grasses omega-3, presents en peixos grassos com el salm\u00f3, les nous i les llavors de xia, tenen propietats antiinflamat\u00f2ries que poden ajudar a mantenir el sistema immunol\u00f2gic en \u00f2ptimes condicions.<\/p><\/li>\n<\/ul>\n\n\n\n<ul class=\"wp-block-list\">\n<li><p><strong>Hidrataci\u00f3: <\/strong>Beure suficient aigua \u00e9s essencial per a mantenir les mucoses de les vies respirat\u00f2ries hidratades i funcionals. A m\u00e9s de l&#8217;aigua, considera infusions d&#8217;herbes i brous que tamb\u00e9 poden proporcionar nutrients beneficiosos.<\/p><\/li>\n<\/ul>\n\n\n\n<p class=\"has-text-align-center has-white-color has-text-color has-background has-link-color wp-elements-822c078c922918a141d8094f84299e95\" style=\"background-color:#00632e\"><strong>Realitza exercici f\u00edsic de forma regular<\/strong><\/p>\n\n\n\n<p><\/p>\n\n\n\n<p>L&#8217;exercici regular \u00e9s una de les millors maneres d&#8217;enfortir el sistema immunol\u00f2gic. Activitats com caminar, c\u00f3rrer, nedar o practicar ioga no sols milloren la circulaci\u00f3, la qual cosa ajuda al fet que les c\u00e8l\u00b7lules immunit\u00e0ries circulin m\u00e9s eficientment, sin\u00f3 que tamb\u00e9 redueixen l&#8217;estr\u00e8s, que \u00e9s un factor conegut per afeblir les defenses del cos. Tracta de fer almenys 150 minuts d&#8217;exercici moderat a la setmana.\r\n<\/p>\n\n\n\n<p class=\"has-text-align-center has-white-color has-text-color has-background has-link-color wp-elements-7c64d6476881b9c9d04202bfd2881fd5\" style=\"background-color:#00632e\"><strong>\u00a0 \u00a0Mantingues un ambient saludable a la teva llar<\/strong><\/p>\n\n\n\n<p><\/p>\n\n\n\n<p>L&#8217;ambient en la teva llar pot tenir un gran impacte en la teva salut respirat\u00f2ria. Assegura&#8217;t de ventilar b\u00e9 la teva casa per a reduir la concentraci\u00f3 de pat\u00f2gens en l&#8217;aire. Obrir les finestres durant uns minuts al dia, fins i tot a la tardor, ajuda a renovar l&#8217;aire i a mantenir un entorn m\u00e9s saludable. A m\u00e9s, considera usar un humidificador si l&#8217;aire est\u00e0 massa sec a causa de la calefacci\u00f3; aix\u00f2 ajudar\u00e0 a mantenir les mucoses nasals hidratades i funcionals.\r\n<\/p>\n\n\n\n<p><\/p>\n\n\n\n<p class=\"has-text-align-center has-white-color has-text-color has-background has-link-color wp-elements-b5594db2465668c2d623314ba8207a5a\" style=\"background-color:#00632e\"><strong>Evita el contacte proper amb persones malaltes<\/strong><\/p>\n\n\n\n<p><\/p>\n\n\n\n<p>Si saps que alg\u00fa al teu voltant est\u00e0 malalt, tracta d&#8217;evitar el contacte pr\u00f2xim per a reduir el risc de contagi. Aix\u00f2 \u00e9s particularment important en llocs amb gran concentraci\u00f3 de persones, com a oficines, escoles, i transport p\u00fablic. Si tu mateix et sents malament, queda&#8217;t a casa per a evitar contagiar a uns altres.\r\n<\/p>\n\n\n\n<p><\/p>\n\n\n\n<p class=\"has-text-align-center has-white-color has-text-color has-background has-link-color wp-elements-f3fc12b6be7ae5d8a53dd2e998e3511c\" style=\"background-color:#00632e\"><strong>\u00a0 Utilitza mascareta en situacions de risc<\/strong><\/p>\n\n\n\n<p><\/p>\n\n\n\n<p>L&#8217;\u00fas de m\u00e0scares continua sent una mesura efica\u00e7 per a prevenir la transmissi\u00f3 de virus respiratoris, especialment en entorns on no \u00e9s possible mantenir el distanciament social o quan s&#8217;est\u00e0 prop de persones vulnerables. Encara que la m\u00e0scara no \u00e9s necess\u00e0ria en tots els contextos, pot ser una mesura preventiva valuosa en llocs concorreguts o si est\u00e0s cuidant a alg\u00fa que est\u00e0 malalt.\r\n<\/p>\n\n\n\n<p><\/p>\n\n\n\n<p class=\"has-black-color has-text-color has-link-color wp-elements-f18a557289cfbe49b260a9b98d3ba2cd\"><em><strong>Quan \u00e9s recomendable vacunar-se?<\/strong><\/em><\/p>\n\n\n\n<p class=\"has-black-color has-text-color has-link-color wp-elements-9ac00cf961d1ea846fe5a532228b76c6\"><\/p>\n\n\n\n<figure class=\"wp-block-image size-large\"><img loading=\"lazy\" decoding=\"async\" width=\"1024\" height=\"315\" src=\"https:\/\/www.csantantoni.com\/wp-content\/uploads\/2024\/09\/vacunarse-1024x315.png\" alt=\"\" class=\"wp-image-245785\" srcset=\"https:\/\/www.csantantoni.com\/wp-content\/uploads\/2024\/09\/vacunarse-980x302.png 980w, https:\/\/www.csantantoni.com\/wp-content\/uploads\/2024\/09\/vacunarse-480x148.png 480w\" sizes=\"(min-width: 0px) and (max-width: 480px) 480px, (min-width: 481px) and (max-width: 980px) 980px, (min-width: 981px) 1024px, 100vw\" \/><\/figure>\n\n\n\n<p>La vacunaci\u00f3 \u00e9s un pilar fonamental en la prevenci\u00f3 de malalties respirat\u00f2ries, especialment la grip. Cada any, el virus de la grip canvia, per la qual cosa \u00e9s necessari vacunar-se anualment. La temporada de vacunaci\u00f3 contra la grip generalment comen\u00e7a a principis de tardor, i es recomana vacunar-se al m\u00e9s aviat possible per a assegurar que el cos tingui temps de desenvolupar anticossos abans que el virus comenci a circular de manera m\u00e9s \u00e0mplia.\r\n<\/p>\n\n\n\n<p>A m\u00e9s de la vacuna contra la grip, existeixen altres vacunes que poden ser recomanables, depenent de la teva situaci\u00f3 personal. Per exemple:\r\n<\/p>\n\n\n\n<p><\/p>\n\n\n\n<p><strong>-Vacuna contra el pneumococ:&nbsp;<\/strong>Aquesta vacuna \u00e9s especialment important per a persones majors de 65 anys, nens petits, i persones amb malalties cr\u00f2niques. Protegeix contra la pneum\u00f2nia neumoc\u00f3cica, una complicaci\u00f3 greu que pot sorgir despr\u00e9s d\u2019una grip.<\/p>\n\n\n\n<p>\u2013<strong>Vacuna contra el virus respiratori sincitial (VRS):\u00a0<\/strong>Aquesta vacuna \u00e9s recomanada principalment per a persones majors, ja que el\u00a0VRS\u00a0pot causar malalties respirat\u00f2ries greus en aquest grup de poblaci\u00f3.<\/p>\n\n\n\n<p>Consulta amb el teu metge sobre les vacunes recomanades per a la teva situaci\u00f3 particular i assegura&#8217;t d&#8217;estar protegit durant la temporada de tardor i hivern.\r\n<\/p>\n\n\n\n<p class=\"has-black-color has-text-color has-link-color wp-elements-7496653c7a3bff7a3a49c94271467206\"><em><strong>Qu\u00e8 fer si et poses malalt?<\/strong><\/em><\/p>\n\n\n\n<p class=\"has-black-color has-text-color has-link-color wp-elements-9ac00cf961d1ea846fe5a532228b76c6\"><\/p>\n\n\n\n<figure class=\"wp-block-image size-large\"><img loading=\"lazy\" decoding=\"async\" width=\"1024\" height=\"311\" src=\"https:\/\/www.csantantoni.com\/wp-content\/uploads\/2024\/09\/Enfermarse-1024x311.png\" alt=\"\" class=\"wp-image-245787\" srcset=\"https:\/\/www.csantantoni.com\/wp-content\/uploads\/2024\/09\/Enfermarse-980x298.png 980w, https:\/\/www.csantantoni.com\/wp-content\/uploads\/2024\/09\/Enfermarse-480x146.png 480w\" sizes=\"(min-width: 0px) and (max-width: 480px) 480px, (min-width: 481px) and (max-width: 980px) 980px, (min-width: 981px) 1024px, 100vw\" \/><\/figure>\n\n\n\n<p>Malgrat totes les precaucions, \u00e9s possible que t&#8217;enfrontis a un refredat, grip, o fins i tot una infecci\u00f3 m\u00e9s seriosa durant la tardor. Si aix\u00f2 ocorre, \u00e9s important saber com manejar la situaci\u00f3 per a recuperar-te al m\u00e9s aviat possible i evitar contagiar a uns altres:\r\n<\/p>\n\n\n\n<p><strong>Descansa prou:<\/strong> El descans \u00e9s fonamental perqu\u00e8 el teu cos pugui concentrar la seva energia a combatre la infecci\u00f3. Evita les activitats f\u00edsiques extenuants i dedica temps a dormir i recuperar-te.<\/p>\n\n\n\n<p><strong>Mantingues una bona hidrataci\u00f3: <\/strong>Beure l\u00edquids \u00e9s essencial per a mantenir el teu cos hidratat i per a ajudar a afluixar les mucositats. A m\u00e9s d&#8217;aigua, pots consumir infusions calentes, brous, i sucs naturals que t&#8217;aportin vitamines.<\/p>\n\n\n\n<p><strong>Usa medicaments de venda lliure si \u00e9s necessari: <\/strong>Si els s\u00edmptomes s\u00f3n molestos, pots usar medicaments de venda lliure per a alleujar la febre, el dolor, i la congesti\u00f3. No obstant aix\u00f2, evita l&#8217;\u00fas excessiu d&#8217;antibi\u00f2tics tret que hagin estat prescrits per un metge, ja que no s\u00f3n efectius contra virus.<\/p>\n\n\n\n<p><strong>Consulta amb un metge si els s\u00edmptomes persisteixen o empitjoren<\/strong>: Si despr\u00e9s d&#8217;uns dies no veus millora o si els s\u00edmptomes empitjoren, \u00e9s important que busquis atenci\u00f3 m\u00e8dica. Aix\u00f2 \u00e9s especialment crucial si tens dificultat per a respirar, febre alta, o dolor en el pit, ja que podrien ser senyals d&#8217;una complicaci\u00f3 m\u00e9s seriosa, com la pneum\u00f2nia.<\/p>\n\n\n\n<p><strong>Evita contagiar a uns altres<\/strong>: Si est\u00e0s malalt, queda&#8217;t a casa fins que els s\u00edmptomes desapareguin per a evitar la propagaci\u00f3 del virus. Si \u00e9s absolutament necessari sortir, usa m\u00e0scara per a protegir als altres.<\/p>\n\n\n\n<p class=\"has-text-color has-link-color wp-elements-d42e6cb1504d1d8e0881764e5fc2f354\" style=\"color:#00632e\"><strong><em>La import\u00e0ncia de l\u2019atenci\u00f3 m\u00e8dica<\/em><\/strong><\/p>\n\n\n\n<p>\u00c9s fonamental no subestimar els s\u00edmptomes de les malalties respirat\u00f2ries, ja que poden portar a complicacions serioses, especialment en persones amb condicions preexistents. En la\u00a0<strong><a href=\"http:\/\/www.csantantoni.com\/\">Cl\u00ednica Sant Antoni<\/a><\/strong>, estem preparats per a brindar-te l\u2019atenci\u00f3 necess\u00e0ria durant aquesta temporada. Oferim serveis de vacunaci\u00f3, i assessorament personalitzat als nostres pacients per a mantenir la seva salut en \u00f2ptimes condicions.<\/p>\n\n\n\n<p>Si sents s\u00edmptomes que et preocupen o si simplement vols estar preparat per a la tardor, no dubtis a contactar amb el teu metge de refer\u00e8ncia.\r\n<\/p>\n\n\n\n<p>La tardor \u00e9s una estaci\u00f3 que requereix especial atenci\u00f3 a la nostra salut respirat\u00f2ria. Seguint els consells que t&#8217;oferim en aquesta guia de prevenci\u00f3 de malalties respirat\u00f2ries per a la tardor, pots reduir significativament el risc d&#8217;emmalaltir-te i gaudir d&#8217;aquesta bella estaci\u00f3 sense preocupacions. La prevenci\u00f3, la vacunaci\u00f3, i l&#8217;enfortiment del teu sistema immunol\u00f2gic s\u00f3n clau per a mantenir-te saludable.\r\n<\/p>\n\n\n\n<p>En la Cl\u00ednica Sant Antoni, estem compromesos amb el teu benestar i som aqu\u00ed per a ajudar-te en cada pas del cam\u00ed. Cuida la teva salut aquesta tardor i viu cada dia al m\u00e0xim!\r\n<\/p>\n\n\n\n<p>Font: Elaboraci\u00f3 pr\u00f2pia<\/p>\n","protected":false},"excerpt":{"rendered":"<p>En aquest article trobar\u00e0s una guia per a prevenir malalties respirat\u00f2ries ara que aviat arribarem a la tardor. Et donarem diferents claus perqu\u00e8 et mantinguis saludable. La tardor \u00e9s una estaci\u00f3 de transici\u00f3 que porta amb si un canvi en el clima, la rutina i, desafortunadament, un augment en la incid\u00e8ncia de malalties respirat\u00f2ries. A [&hellip;]<\/p>\n","protected":false},"author":5,"featured_media":245776,"comment_status":"closed","ping_status":"closed","sticky":false,"template":"","format":"standard","meta":{"_et_pb_use_builder":"off","_et_pb_old_content":"","_et_gb_content_width":"","footnotes":""},"categories":[348,67],"tags":[312,164,314,310,313,311,49],"class_list":["post-245812","post","type-post","status-publish","format-standard","has-post-thumbnail","hentry","category-blog-ca","category-noticies","tag-article-salut","tag-clinica-sant-antoni-ca","tag-guia-consells","tag-malalties-respiratories","tag-prevencio","tag-prevencio-malalties-respiratories","tag-sociosanitari-ca"],"yoast_head":"<!-- This site is optimized with the Yoast SEO plugin v27.5 - https:\/\/yoast.com\/product\/yoast-seo-wordpress\/ -->\n<title>Com prevenir malalties respirat\u00f2ries a la tardor - Cl\u00ednica Sant Antoni<\/title>\n<meta name=\"description\" content=\"Aquest article t\u00e9 com a objectiu proporcionar-te una guia completa per a prevenir aquestes malalties, enfortir el teu sistema immunol\u00f2gic, i entendre quan \u00e9s recomanable vacunar-se per a protegir-te durant la temporada de tardor\" \/>\n<meta name=\"robots\" content=\"index, follow, max-snippet:-1, max-image-preview:large, max-video-preview:-1\" \/>\n<link rel=\"canonical\" href=\"https:\/\/www.csantantoni.com\/ca\/2024\/09\/16\/com-prevenir-malalties-respiratories-a-la-tardor\/\" \/>\n<meta property=\"og:locale\" content=\"ca_ES\" \/>\n<meta property=\"og:type\" content=\"article\" \/>\n<meta property=\"og:title\" content=\"Com prevenir malalties respirat\u00f2ries a la tardor - Cl\u00ednica Sant Antoni\" \/>\n<meta property=\"og:description\" content=\"Aquest article t\u00e9 com a objectiu proporcionar-te una guia completa per a prevenir aquestes malalties, enfortir el teu sistema immunol\u00f2gic, i entendre quan \u00e9s recomanable vacunar-se per a protegir-te durant la temporada de tardor\" \/>\n<meta property=\"og:url\" content=\"https:\/\/www.csantantoni.com\/ca\/2024\/09\/16\/com-prevenir-malalties-respiratories-a-la-tardor\/\" \/>\n<meta property=\"og:site_name\" content=\"Cl\u00ednica Sant Antoni\" \/>\n<meta property=\"article:published_time\" content=\"2024-09-16T08:28:59+00:00\" \/>\n<meta property=\"article:modified_time\" content=\"2024-09-16T10:31:40+00:00\" \/>\n<meta property=\"og:image\" content=\"https:\/\/www.csantantoni.com\/wp-content\/uploads\/2024\/09\/Como-prevenir-enfermedades-respiratorias-en-otono.png\" \/>\n\t<meta property=\"og:image:width\" content=\"1078\" \/>\n\t<meta property=\"og:image:height\" content=\"1076\" \/>\n\t<meta property=\"og:image:type\" content=\"image\/png\" \/>\n<meta name=\"author\" content=\"maria\" \/>\n<meta name=\"twitter:card\" content=\"summary_large_image\" \/>\n<meta name=\"twitter:label1\" content=\"Escrit per\" \/>\n\t<meta name=\"twitter:data1\" content=\"maria\" \/>\n\t<meta name=\"twitter:label2\" content=\"Temps estimat de lectura\" \/>\n\t<meta name=\"twitter:data2\" content=\"10 minuts\" \/>\n<script type=\"application\/ld+json\" class=\"yoast-schema-graph\">{\"@context\":\"https:\\\/\\\/schema.org\",\"@graph\":[{\"@type\":\"Article\",\"@id\":\"https:\\\/\\\/www.csantantoni.com\\\/ca\\\/2024\\\/09\\\/16\\\/com-prevenir-malalties-respiratories-a-la-tardor\\\/#article\",\"isPartOf\":{\"@id\":\"https:\\\/\\\/www.csantantoni.com\\\/ca\\\/2024\\\/09\\\/16\\\/com-prevenir-malalties-respiratories-a-la-tardor\\\/\"},\"author\":{\"name\":\"maria\",\"@id\":\"https:\\\/\\\/www.csantantoni.com\\\/#\\\/schema\\\/person\\\/1ac3bacc730030dd4af35da287c58da7\"},\"headline\":\"Com prevenir malalties respirat\u00f2ries a la tardor\",\"datePublished\":\"2024-09-16T08:28:59+00:00\",\"dateModified\":\"2024-09-16T10:31:40+00:00\",\"mainEntityOfPage\":{\"@id\":\"https:\\\/\\\/www.csantantoni.com\\\/ca\\\/2024\\\/09\\\/16\\\/com-prevenir-malalties-respiratories-a-la-tardor\\\/\"},\"wordCount\":2060,\"publisher\":{\"@id\":\"https:\\\/\\\/www.csantantoni.com\\\/#organization\"},\"image\":{\"@id\":\"https:\\\/\\\/www.csantantoni.com\\\/ca\\\/2024\\\/09\\\/16\\\/com-prevenir-malalties-respiratories-a-la-tardor\\\/#primaryimage\"},\"thumbnailUrl\":\"https:\\\/\\\/www.csantantoni.com\\\/wp-content\\\/uploads\\\/2024\\\/09\\\/Como-prevenir-enfermedades-respiratorias-en-otono.png\",\"keywords\":[\"art\u00edcle salut\",\"Clinica Sant Antoni\",\"Guia consells\",\"Malalties respirat\u00f2ries\",\"Prevenci\u00f3\",\"prevenci\u00f3 malalties respirat\u00f2ries\",\"sociosanitari\"],\"articleSection\":[\"Blog\",\"Not\u00edcies\"],\"inLanguage\":\"ca\"},{\"@type\":\"WebPage\",\"@id\":\"https:\\\/\\\/www.csantantoni.com\\\/ca\\\/2024\\\/09\\\/16\\\/com-prevenir-malalties-respiratories-a-la-tardor\\\/\",\"url\":\"https:\\\/\\\/www.csantantoni.com\\\/ca\\\/2024\\\/09\\\/16\\\/com-prevenir-malalties-respiratories-a-la-tardor\\\/\",\"name\":\"Com prevenir malalties respirat\u00f2ries a la tardor - Cl\u00ednica Sant Antoni\",\"isPartOf\":{\"@id\":\"https:\\\/\\\/www.csantantoni.com\\\/#website\"},\"primaryImageOfPage\":{\"@id\":\"https:\\\/\\\/www.csantantoni.com\\\/ca\\\/2024\\\/09\\\/16\\\/com-prevenir-malalties-respiratories-a-la-tardor\\\/#primaryimage\"},\"image\":{\"@id\":\"https:\\\/\\\/www.csantantoni.com\\\/ca\\\/2024\\\/09\\\/16\\\/com-prevenir-malalties-respiratories-a-la-tardor\\\/#primaryimage\"},\"thumbnailUrl\":\"https:\\\/\\\/www.csantantoni.com\\\/wp-content\\\/uploads\\\/2024\\\/09\\\/Como-prevenir-enfermedades-respiratorias-en-otono.png\",\"datePublished\":\"2024-09-16T08:28:59+00:00\",\"dateModified\":\"2024-09-16T10:31:40+00:00\",\"description\":\"Aquest article t\u00e9 com a objectiu proporcionar-te una guia completa per a prevenir aquestes malalties, enfortir el teu sistema immunol\u00f2gic, i entendre quan \u00e9s recomanable vacunar-se per a protegir-te durant la temporada de tardor\",\"breadcrumb\":{\"@id\":\"https:\\\/\\\/www.csantantoni.com\\\/ca\\\/2024\\\/09\\\/16\\\/com-prevenir-malalties-respiratories-a-la-tardor\\\/#breadcrumb\"},\"inLanguage\":\"ca\",\"potentialAction\":[{\"@type\":\"ReadAction\",\"target\":[\"https:\\\/\\\/www.csantantoni.com\\\/ca\\\/2024\\\/09\\\/16\\\/com-prevenir-malalties-respiratories-a-la-tardor\\\/\"]}]},{\"@type\":\"ImageObject\",\"inLanguage\":\"ca\",\"@id\":\"https:\\\/\\\/www.csantantoni.com\\\/ca\\\/2024\\\/09\\\/16\\\/com-prevenir-malalties-respiratories-a-la-tardor\\\/#primaryimage\",\"url\":\"https:\\\/\\\/www.csantantoni.com\\\/wp-content\\\/uploads\\\/2024\\\/09\\\/Como-prevenir-enfermedades-respiratorias-en-otono.png\",\"contentUrl\":\"https:\\\/\\\/www.csantantoni.com\\\/wp-content\\\/uploads\\\/2024\\\/09\\\/Como-prevenir-enfermedades-respiratorias-en-otono.png\",\"width\":1078,\"height\":1076,\"caption\":\"Como prevenir enfermedades respiratorias\"},{\"@type\":\"BreadcrumbList\",\"@id\":\"https:\\\/\\\/www.csantantoni.com\\\/ca\\\/2024\\\/09\\\/16\\\/com-prevenir-malalties-respiratories-a-la-tardor\\\/#breadcrumb\",\"itemListElement\":[{\"@type\":\"ListItem\",\"position\":1,\"name\":\"Portada\",\"item\":\"https:\\\/\\\/www.csantantoni.com\\\/\"},{\"@type\":\"ListItem\",\"position\":2,\"name\":\"Com prevenir malalties respirat\u00f2ries a la tardor\"}]},{\"@type\":\"WebSite\",\"@id\":\"https:\\\/\\\/www.csantantoni.com\\\/#website\",\"url\":\"https:\\\/\\\/www.csantantoni.com\\\/\",\"name\":\"Cl\u00ednica Sant Antoni\",\"description\":\"Web de Cl\u00ednica Sant Antoni\",\"publisher\":{\"@id\":\"https:\\\/\\\/www.csantantoni.com\\\/#organization\"},\"potentialAction\":[{\"@type\":\"SearchAction\",\"target\":{\"@type\":\"EntryPoint\",\"urlTemplate\":\"https:\\\/\\\/www.csantantoni.com\\\/?s={search_term_string}\"},\"query-input\":{\"@type\":\"PropertyValueSpecification\",\"valueRequired\":true,\"valueName\":\"search_term_string\"}}],\"inLanguage\":\"ca\"},{\"@type\":\"Organization\",\"@id\":\"https:\\\/\\\/www.csantantoni.com\\\/#organization\",\"name\":\"Cl\u00ednica Sant Antoni\",\"url\":\"https:\\\/\\\/www.csantantoni.com\\\/\",\"logo\":{\"@type\":\"ImageObject\",\"inLanguage\":\"ca\",\"@id\":\"https:\\\/\\\/www.csantantoni.com\\\/#\\\/schema\\\/logo\\\/image\\\/\",\"url\":\"https:\\\/\\\/www.csantantoni.com\\\/wp-content\\\/uploads\\\/2022\\\/10\\\/clinica-sant-antoni-01.jpg\",\"contentUrl\":\"https:\\\/\\\/www.csantantoni.com\\\/wp-content\\\/uploads\\\/2022\\\/10\\\/clinica-sant-antoni-01.jpg\",\"width\":1980,\"height\":1315,\"caption\":\"Cl\u00ednica Sant Antoni\"},\"image\":{\"@id\":\"https:\\\/\\\/www.csantantoni.com\\\/#\\\/schema\\\/logo\\\/image\\\/\"}},{\"@type\":\"Person\",\"@id\":\"https:\\\/\\\/www.csantantoni.com\\\/#\\\/schema\\\/person\\\/1ac3bacc730030dd4af35da287c58da7\",\"name\":\"maria\",\"image\":{\"@type\":\"ImageObject\",\"inLanguage\":\"ca\",\"@id\":\"https:\\\/\\\/secure.gravatar.com\\\/avatar\\\/6976c4514c3f1e1daef2f5047bdeca80837d6cb7a7b437f151495dbc2b911500?s=96&d=mm&r=g\",\"url\":\"https:\\\/\\\/secure.gravatar.com\\\/avatar\\\/6976c4514c3f1e1daef2f5047bdeca80837d6cb7a7b437f151495dbc2b911500?s=96&d=mm&r=g\",\"contentUrl\":\"https:\\\/\\\/secure.gravatar.com\\\/avatar\\\/6976c4514c3f1e1daef2f5047bdeca80837d6cb7a7b437f151495dbc2b911500?s=96&d=mm&r=g\",\"caption\":\"maria\"},\"url\":\"https:\\\/\\\/www.csantantoni.com\\\/ca\\\/author\\\/maria\\\/\"}]}<\/script>\n<!-- \/ Yoast SEO plugin. -->","yoast_head_json":{"title":"Com prevenir malalties respirat\u00f2ries a la tardor - Cl\u00ednica Sant Antoni","description":"Aquest article t\u00e9 com a objectiu proporcionar-te una guia completa per a prevenir aquestes malalties, enfortir el teu sistema immunol\u00f2gic, i entendre quan \u00e9s recomanable vacunar-se per a protegir-te durant la temporada de tardor","robots":{"index":"index","follow":"follow","max-snippet":"max-snippet:-1","max-image-preview":"max-image-preview:large","max-video-preview":"max-video-preview:-1"},"canonical":"https:\/\/www.csantantoni.com\/ca\/2024\/09\/16\/com-prevenir-malalties-respiratories-a-la-tardor\/","og_locale":"ca_ES","og_type":"article","og_title":"Com prevenir malalties respirat\u00f2ries a la tardor - Cl\u00ednica Sant Antoni","og_description":"Aquest article t\u00e9 com a objectiu proporcionar-te una guia completa per a prevenir aquestes malalties, enfortir el teu sistema immunol\u00f2gic, i entendre quan \u00e9s recomanable vacunar-se per a protegir-te durant la temporada de tardor","og_url":"https:\/\/www.csantantoni.com\/ca\/2024\/09\/16\/com-prevenir-malalties-respiratories-a-la-tardor\/","og_site_name":"Cl\u00ednica Sant Antoni","article_published_time":"2024-09-16T08:28:59+00:00","article_modified_time":"2024-09-16T10:31:40+00:00","og_image":[{"width":1078,"height":1076,"url":"https:\/\/www.csantantoni.com\/wp-content\/uploads\/2024\/09\/Como-prevenir-enfermedades-respiratorias-en-otono.png","type":"image\/png"}],"author":"maria","twitter_card":"summary_large_image","twitter_misc":{"Escrit per":"maria","Temps estimat de lectura":"10 minuts"},"schema":{"@context":"https:\/\/schema.org","@graph":[{"@type":"Article","@id":"https:\/\/www.csantantoni.com\/ca\/2024\/09\/16\/com-prevenir-malalties-respiratories-a-la-tardor\/#article","isPartOf":{"@id":"https:\/\/www.csantantoni.com\/ca\/2024\/09\/16\/com-prevenir-malalties-respiratories-a-la-tardor\/"},"author":{"name":"maria","@id":"https:\/\/www.csantantoni.com\/#\/schema\/person\/1ac3bacc730030dd4af35da287c58da7"},"headline":"Com prevenir malalties respirat\u00f2ries a la tardor","datePublished":"2024-09-16T08:28:59+00:00","dateModified":"2024-09-16T10:31:40+00:00","mainEntityOfPage":{"@id":"https:\/\/www.csantantoni.com\/ca\/2024\/09\/16\/com-prevenir-malalties-respiratories-a-la-tardor\/"},"wordCount":2060,"publisher":{"@id":"https:\/\/www.csantantoni.com\/#organization"},"image":{"@id":"https:\/\/www.csantantoni.com\/ca\/2024\/09\/16\/com-prevenir-malalties-respiratories-a-la-tardor\/#primaryimage"},"thumbnailUrl":"https:\/\/www.csantantoni.com\/wp-content\/uploads\/2024\/09\/Como-prevenir-enfermedades-respiratorias-en-otono.png","keywords":["art\u00edcle salut","Clinica Sant Antoni","Guia consells","Malalties respirat\u00f2ries","Prevenci\u00f3","prevenci\u00f3 malalties respirat\u00f2ries","sociosanitari"],"articleSection":["Blog","Not\u00edcies"],"inLanguage":"ca"},{"@type":"WebPage","@id":"https:\/\/www.csantantoni.com\/ca\/2024\/09\/16\/com-prevenir-malalties-respiratories-a-la-tardor\/","url":"https:\/\/www.csantantoni.com\/ca\/2024\/09\/16\/com-prevenir-malalties-respiratories-a-la-tardor\/","name":"Com prevenir malalties respirat\u00f2ries a la tardor - Cl\u00ednica Sant Antoni","isPartOf":{"@id":"https:\/\/www.csantantoni.com\/#website"},"primaryImageOfPage":{"@id":"https:\/\/www.csantantoni.com\/ca\/2024\/09\/16\/com-prevenir-malalties-respiratories-a-la-tardor\/#primaryimage"},"image":{"@id":"https:\/\/www.csantantoni.com\/ca\/2024\/09\/16\/com-prevenir-malalties-respiratories-a-la-tardor\/#primaryimage"},"thumbnailUrl":"https:\/\/www.csantantoni.com\/wp-content\/uploads\/2024\/09\/Como-prevenir-enfermedades-respiratorias-en-otono.png","datePublished":"2024-09-16T08:28:59+00:00","dateModified":"2024-09-16T10:31:40+00:00","description":"Aquest article t\u00e9 com a objectiu proporcionar-te una guia completa per a prevenir aquestes malalties, enfortir el teu sistema immunol\u00f2gic, i entendre quan \u00e9s recomanable vacunar-se per a protegir-te durant la temporada de tardor","breadcrumb":{"@id":"https:\/\/www.csantantoni.com\/ca\/2024\/09\/16\/com-prevenir-malalties-respiratories-a-la-tardor\/#breadcrumb"},"inLanguage":"ca","potentialAction":[{"@type":"ReadAction","target":["https:\/\/www.csantantoni.com\/ca\/2024\/09\/16\/com-prevenir-malalties-respiratories-a-la-tardor\/"]}]},{"@type":"ImageObject","inLanguage":"ca","@id":"https:\/\/www.csantantoni.com\/ca\/2024\/09\/16\/com-prevenir-malalties-respiratories-a-la-tardor\/#primaryimage","url":"https:\/\/www.csantantoni.com\/wp-content\/uploads\/2024\/09\/Como-prevenir-enfermedades-respiratorias-en-otono.png","contentUrl":"https:\/\/www.csantantoni.com\/wp-content\/uploads\/2024\/09\/Como-prevenir-enfermedades-respiratorias-en-otono.png","width":1078,"height":1076,"caption":"Como prevenir enfermedades respiratorias"},{"@type":"BreadcrumbList","@id":"https:\/\/www.csantantoni.com\/ca\/2024\/09\/16\/com-prevenir-malalties-respiratories-a-la-tardor\/#breadcrumb","itemListElement":[{"@type":"ListItem","position":1,"name":"Portada","item":"https:\/\/www.csantantoni.com\/"},{"@type":"ListItem","position":2,"name":"Com prevenir malalties respirat\u00f2ries a la tardor"}]},{"@type":"WebSite","@id":"https:\/\/www.csantantoni.com\/#website","url":"https:\/\/www.csantantoni.com\/","name":"Cl\u00ednica Sant Antoni","description":"Web de Cl\u00ednica Sant Antoni","publisher":{"@id":"https:\/\/www.csantantoni.com\/#organization"},"potentialAction":[{"@type":"SearchAction","target":{"@type":"EntryPoint","urlTemplate":"https:\/\/www.csantantoni.com\/?s={search_term_string}"},"query-input":{"@type":"PropertyValueSpecification","valueRequired":true,"valueName":"search_term_string"}}],"inLanguage":"ca"},{"@type":"Organization","@id":"https:\/\/www.csantantoni.com\/#organization","name":"Cl\u00ednica Sant Antoni","url":"https:\/\/www.csantantoni.com\/","logo":{"@type":"ImageObject","inLanguage":"ca","@id":"https:\/\/www.csantantoni.com\/#\/schema\/logo\/image\/","url":"https:\/\/www.csantantoni.com\/wp-content\/uploads\/2022\/10\/clinica-sant-antoni-01.jpg","contentUrl":"https:\/\/www.csantantoni.com\/wp-content\/uploads\/2022\/10\/clinica-sant-antoni-01.jpg","width":1980,"height":1315,"caption":"Cl\u00ednica Sant Antoni"},"image":{"@id":"https:\/\/www.csantantoni.com\/#\/schema\/logo\/image\/"}},{"@type":"Person","@id":"https:\/\/www.csantantoni.com\/#\/schema\/person\/1ac3bacc730030dd4af35da287c58da7","name":"maria","image":{"@type":"ImageObject","inLanguage":"ca","@id":"https:\/\/secure.gravatar.com\/avatar\/6976c4514c3f1e1daef2f5047bdeca80837d6cb7a7b437f151495dbc2b911500?s=96&d=mm&r=g","url":"https:\/\/secure.gravatar.com\/avatar\/6976c4514c3f1e1daef2f5047bdeca80837d6cb7a7b437f151495dbc2b911500?s=96&d=mm&r=g","contentUrl":"https:\/\/secure.gravatar.com\/avatar\/6976c4514c3f1e1daef2f5047bdeca80837d6cb7a7b437f151495dbc2b911500?s=96&d=mm&r=g","caption":"maria"},"url":"https:\/\/www.csantantoni.com\/ca\/author\/maria\/"}]}},"_links":{"self":[{"href":"https:\/\/www.csantantoni.com\/ca\/wp-json\/wp\/v2\/posts\/245812","targetHints":{"allow":["GET"]}}],"collection":[{"href":"https:\/\/www.csantantoni.com\/ca\/wp-json\/wp\/v2\/posts"}],"about":[{"href":"https:\/\/www.csantantoni.com\/ca\/wp-json\/wp\/v2\/types\/post"}],"author":[{"embeddable":true,"href":"https:\/\/www.csantantoni.com\/ca\/wp-json\/wp\/v2\/users\/5"}],"replies":[{"embeddable":true,"href":"https:\/\/www.csantantoni.com\/ca\/wp-json\/wp\/v2\/comments?post=245812"}],"version-history":[{"count":4,"href":"https:\/\/www.csantantoni.com\/ca\/wp-json\/wp\/v2\/posts\/245812\/revisions"}],"predecessor-version":[{"id":245824,"href":"https:\/\/www.csantantoni.com\/ca\/wp-json\/wp\/v2\/posts\/245812\/revisions\/245824"}],"wp:featuredmedia":[{"embeddable":true,"href":"https:\/\/www.csantantoni.com\/ca\/wp-json\/wp\/v2\/media\/245776"}],"wp:attachment":[{"href":"https:\/\/www.csantantoni.com\/ca\/wp-json\/wp\/v2\/media?parent=245812"}],"wp:term":[{"taxonomy":"category","embeddable":true,"href":"https:\/\/www.csantantoni.com\/ca\/wp-json\/wp\/v2\/categories?post=245812"},{"taxonomy":"post_tag","embeddable":true,"href":"https:\/\/www.csantantoni.com\/ca\/wp-json\/wp\/v2\/tags?post=245812"}],"curies":[{"name":"wp","href":"https:\/\/api.w.org\/{rel}","templated":true}]}}