{"id":245898,"date":"2024-09-25T11:31:43","date_gmt":"2024-09-25T11:31:43","guid":{"rendered":"https:\/\/www.csantantoni.com\/2024\/09\/25\/la-musica-que-ens-uneix-nou-piano-en-el-vestibul-de-clinica-sant-antoni\/"},"modified":"2024-09-26T07:49:27","modified_gmt":"2024-09-26T07:49:27","slug":"la-musica-que-ens-uneix-nou-piano-en-el-vestibul-de-clinica-sant-antoni","status":"publish","type":"post","link":"https:\/\/www.csantantoni.com\/ca\/2024\/09\/25\/la-musica-que-ens-uneix-nou-piano-en-el-vestibul-de-clinica-sant-antoni\/","title":{"rendered":"La m\u00fasica que ens uneix: nou piano en el vest\u00edbul de Cl\u00ednica Sant Antoni"},"content":{"rendered":"\n<figure class=\"wp-block-image size-full\"><img loading=\"lazy\" decoding=\"async\" width=\"1994\" height=\"614\" src=\"https:\/\/www.csantantoni.com\/wp-content\/uploads\/2024\/09\/Un-piano-per-a-tots.png\" alt=\"\" class=\"wp-image-245900\" srcset=\"https:\/\/www.csantantoni.com\/wp-content\/uploads\/2024\/09\/Un-piano-per-a-tots.png 1994w, https:\/\/www.csantantoni.com\/wp-content\/uploads\/2024\/09\/Un-piano-per-a-tots-1280x394.png 1280w, https:\/\/www.csantantoni.com\/wp-content\/uploads\/2024\/09\/Un-piano-per-a-tots-980x302.png 980w, https:\/\/www.csantantoni.com\/wp-content\/uploads\/2024\/09\/Un-piano-per-a-tots-480x148.png 480w\" sizes=\"(min-width: 0px) and (max-width: 480px) 480px, (min-width: 481px) and (max-width: 980px) 980px, (min-width: 981px) and (max-width: 1280px) 1280px, (min-width: 1281px) 1994px, 100vw\" \/><\/figure>\n\n\n\n<p class=\"has-black-color has-text-color has-link-color has-medium-font-size wp-elements-ae80b620f9d5b34ab0a3ffa0e9ac5103\"><strong>La m\u00fasica t\u00e9 el poder de transformar ambients, connectar a les persones i promoure la salut emocional. Amb la intenci\u00f3 de fer de Cl\u00ednica Sant Antoni un lloc encara m\u00e9s acollidor i hum\u00e0, hem decidit incorporar un element que inspira i relaxa: un piano obert per a l\u2019\u00fas de tots.<\/strong><\/p>\n\n\n\n<p class=\"has-black-color has-text-color has-link-color wp-elements-9d687ddcde77e35dc8ac5a73cb9cb583\">Estem molt contents de poder comunicar que, a partir d\u2019avui, els pacients, familiars i personal de Cl\u00ednica Sant Antoni podran gaudir d\u2019un nou company en el vest\u00edbul:&nbsp;<strong>un piano.<\/strong>&nbsp;Aquest instrument est\u00e0 disponible per a tot aquell que s\u00e0piga tocar-lo, oferint una oportunitat \u00fanica per a omplir el nostre espai de m\u00fasica i crear un ambient m\u00e9s acollidor i hum\u00e0.<br><\/p>\n\n\n\n<p class=\"has-black-color has-text-color has-link-color wp-elements-7b635011c0afc5c8a68402f82ef8eef3\">Aquest piano ha arribat a la nostra cl\u00ednica gr\u00e0cies a la generosa col\u00b7laboraci\u00f3 amb l<a href=\"https:\/\/www.pianosvius.com\/es\"><strong>\u2018associaci\u00f3 Pianos&nbsp;Vius<\/strong><\/a>, una organitzaci\u00f3 sense \u00e0nim de lucre dedicada a acostar la m\u00fasica a espais p\u00fablics i comunitaris, amb l\u2019objectiu de fomentar l\u2019expressi\u00f3 art\u00edstica i la cultura entre tots. Des de la seva creaci\u00f3, Pianos&nbsp;Vius&nbsp;ha instal\u00b7lat pianos en llocs tan diversos com hospitals, places, estacions de tren i parcs, permetent a les persones interactuar amb la m\u00fasica en la seva vida di\u00e0ria d\u2019una manera accessible i espont\u00e0nia. <\/p>\n\n\n\n<p class=\"has-black-color has-text-color has-link-color wp-elements-9ac00cf961d1ea846fe5a532228b76c6\"><\/p>\n\n\n\n<figure class=\"wp-block-image size-large is-resized\"><img loading=\"lazy\" decoding=\"async\" width=\"1024\" height=\"768\" src=\"https:\/\/www.csantantoni.com\/wp-content\/uploads\/2024\/09\/piano-1024x768.jpeg\" alt=\"\" class=\"wp-image-245893\" style=\"width:927px;height:auto\" srcset=\"https:\/\/www.csantantoni.com\/wp-content\/uploads\/2024\/09\/piano-980x735.jpeg 980w, https:\/\/www.csantantoni.com\/wp-content\/uploads\/2024\/09\/piano-480x360.jpeg 480w\" sizes=\"(min-width: 0px) and (max-width: 480px) 480px, (min-width: 481px) and (max-width: 980px) 980px, (min-width: 981px) 1024px, 100vw\" \/><\/figure>\n\n\n\n<p class=\"has-black-color has-text-color has-link-color wp-elements-cf171a6fa92b8d8f72a89d30d95b7da5\">A m\u00e9s d\u2019agrair profundament a Pianos\u00a0Vius\u00a0per la cessi\u00f3 del piano, volem destacar la contribuci\u00f3 de\u00a0<a href=\"https:\/\/jorquerapianos.com\/\"><strong>Jorquera Pianos,<\/strong><\/a>\u00a0els qui s\u2019han encarregat de posar a punt l\u2019instrument perqu\u00e8 estigui en perfectes condicions. El seu treball assegura que cada nota que soni en el nostre vest\u00edbul sigui una experi\u00e8ncia plaent tant per als int\u00e8rprets com per als qui gaudeixen de la m\u00fasica.<\/p>\n\n\n\n<p class=\"has-black-color has-text-color has-link-color has-medium-font-size wp-elements-d2b6320815eacc096346a5944dbaeb5c\"><strong>Els beneficis de la m\u00fasica en la salut<\/strong><\/p>\n\n\n\n<p class=\"has-black-color has-text-color has-link-color wp-elements-c057cd7326fcab071f329e782822c59d\">Nombrosos estudis han demostrat els efectes positius de la m\u00fasica en la salut f\u00edsica i emocional de les persones. La m\u00fasica no sols \u00e9s un art que eleva l&#8217;esperit, sin\u00f3 que tamb\u00e9 pot tenir un impacte terap\u00e8utic en el benestar dels pacients. Entre els principals beneficis destaquen:\n<\/p>\n\n\n\n<p class=\"has-black-color has-text-color has-link-color wp-elements-9f862bd0fc7d5a3ca6617f2d6236a0ca\">\u00b7&nbsp;<strong>Reducci\u00f3 de l\u2019estr\u00e8s<\/strong>: La m\u00fasica t\u00e9 la capacitat de relaxar la ment, disminuint els nivells d\u2019ansietat i creant un ambient m\u00e9s tranquil i positiu.<\/p>\n\n\n\n<p class=\"has-black-color has-text-color has-link-color wp-elements-e6c5f66448492f16fc35bd1945511c93\">\u00b7&nbsp;<strong>Millora de l\u2019estat d\u2019\u00e0nim<\/strong>: Tocar o escoltar m\u00fasica pot generar emocions d\u2019alegria i benestar, ajudant a combatre la tristesa o l\u2019abatiment, especialment en entorns hospitalaris.<\/p>\n\n\n\n<p class=\"has-black-color has-text-color has-link-color wp-elements-7d6ddc6d70631456c0c508aa4045535f\">\u00b7&nbsp;<strong>Estimulaci\u00f3 cognitiva<\/strong>: Diverses \u00e0rees del cervell s\u2019activen amb la m\u00fasica, afavorint la mem\u00f2ria, la concentraci\u00f3 i el desenvolupament cognitiu, tant en nens com en adults.<\/p>\n\n\n\n<p class=\"has-black-color has-text-color has-link-color wp-elements-0d19dae948cdf4c3faafa2a28f7ed27f\">\u00b7&nbsp;<strong>Promoci\u00f3 de la socialitzaci\u00f3:<\/strong>&nbsp;El piano en el nostre vest\u00edbul no sols oferir\u00e0 un espai d\u2019expressi\u00f3 art\u00edstica, sin\u00f3 tamb\u00e9 d\u2019interacci\u00f3 entre les persones que el comparteixin, creant vincles entre pacients, familiars i personal sanitari.<\/p>\n\n\n\n<p class=\"has-black-color has-text-color has-link-color wp-elements-9ac00cf961d1ea846fe5a532228b76c6\"><\/p>\n\n\n\n<p><\/p>\n\n\n\n<p class=\"has-black-color has-text-color has-link-color wp-elements-146d297d0573d575acea578d41a6fbc4\">Volem convidar-vos a gaudir d\u2019aquest nou recurs en\u00a0<a href=\"http:\/\/www.csantantoni.com\/\"><strong>Cl\u00ednica Sant Antoni<\/strong><\/a>, on la m\u00fasica es converteix en un pont cap al benestar. Agra\u00efm novament a\u00a0<strong>Pianos\u00a0Vius<\/strong>\u00a0per fer possible aquest projecte i a\u00a0<strong>Jorquera Pianos<\/strong>\u00a0pel seu impecable treball.<\/p>\n\n\n\n<p class=\"has-black-color has-text-color has-link-color wp-elements-9ac00cf961d1ea846fe5a532228b76c6\"><\/p>\n\n\n\n<p class=\"has-black-color has-text-color has-link-color has-medium-font-size wp-elements-9ea9de3557edab6b4469dff93e6affdc\"><\/p>\n\n\n\n<p class=\"has-black-color has-text-color has-link-color has-medium-font-size wp-elements-39e7e364611a074f839c6b216744cd21\"><strong>Que la m\u00fasica ens acompanyi i ens ajudi a sanar!<br><\/strong><\/p>\n","protected":false},"excerpt":{"rendered":"<p>La m\u00fasica t\u00e9 el poder de transformar ambients, connectar a les persones i promoure la salut emocional. Amb la intenci\u00f3 de fer de Cl\u00ednica Sant Antoni un lloc encara m\u00e9s acollidor i hum\u00e0, hem decidit incorporar un element que inspira i relaxa: un piano obert per a l\u2019\u00fas de tots. Estem molt contents de poder [&hellip;]<\/p>\n","protected":false},"author":5,"featured_media":245892,"comment_status":"closed","ping_status":"closed","sticky":false,"template":"","format":"standard","meta":{"_et_pb_use_builder":"off","_et_pb_old_content":"","_et_gb_content_width":"","footnotes":""},"categories":[348,67],"tags":[323,296,327,325,324,322,326],"class_list":["post-245898","post","type-post","status-publish","format-standard","has-post-thumbnail","hentry","category-blog-ca","category-noticies","tag-alianca-pianos-vius-ca","tag-clinica-sant-antoni-ca-2","tag-humanizar-espacios-ca","tag-musica-ca","tag-piano-ca","tag-pianos-vius-ca","tag-salut-i-musica"],"yoast_head":"<!-- This site is optimized with the Yoast SEO plugin v27.5 - https:\/\/yoast.com\/product\/yoast-seo-wordpress\/ -->\n<title>La m\u00fasica que ens uneix: nou piano en el vest\u00edbul de Cl\u00ednica Sant Antoni - Cl\u00ednica Sant Antoni<\/title>\n<meta name=\"description\" content=\"En la Cl\u00ednica Sant Antoni, hem incorporat un piano en el vest\u00edbul, per a l&#039;\u00fas i gaudi de tot aquell qui vulgui regalar la seva m\u00fasica.\" \/>\n<meta name=\"robots\" content=\"index, follow, max-snippet:-1, max-image-preview:large, max-video-preview:-1\" \/>\n<link rel=\"canonical\" href=\"https:\/\/www.csantantoni.com\/ca\/2024\/09\/25\/la-musica-que-ens-uneix-nou-piano-en-el-vestibul-de-clinica-sant-antoni\/\" \/>\n<meta property=\"og:locale\" content=\"ca_ES\" \/>\n<meta property=\"og:type\" content=\"article\" \/>\n<meta property=\"og:title\" content=\"La m\u00fasica que ens uneix: nou piano en el vest\u00edbul de Cl\u00ednica Sant Antoni - Cl\u00ednica Sant Antoni\" \/>\n<meta property=\"og:description\" content=\"En la Cl\u00ednica Sant Antoni, hem incorporat un piano en el vest\u00edbul, per a l&#039;\u00fas i gaudi de tot aquell qui vulgui regalar la seva m\u00fasica.\" \/>\n<meta property=\"og:url\" content=\"https:\/\/www.csantantoni.com\/ca\/2024\/09\/25\/la-musica-que-ens-uneix-nou-piano-en-el-vestibul-de-clinica-sant-antoni\/\" \/>\n<meta property=\"og:site_name\" content=\"Cl\u00ednica Sant Antoni\" \/>\n<meta property=\"article:published_time\" content=\"2024-09-25T11:31:43+00:00\" \/>\n<meta property=\"article:modified_time\" content=\"2024-09-26T07:49:27+00:00\" \/>\n<meta property=\"og:image\" content=\"https:\/\/www.csantantoni.com\/wp-content\/uploads\/2024\/09\/WhatsApp-Image-2024-09-25-at-12.55.54-3.jpeg\" \/>\n\t<meta property=\"og:image:width\" content=\"2048\" \/>\n\t<meta property=\"og:image:height\" content=\"1536\" \/>\n\t<meta property=\"og:image:type\" content=\"image\/jpeg\" \/>\n<meta name=\"author\" content=\"maria\" \/>\n<meta name=\"twitter:card\" content=\"summary_large_image\" \/>\n<meta name=\"twitter:label1\" content=\"Escrit per\" \/>\n\t<meta name=\"twitter:data1\" content=\"maria\" \/>\n\t<meta name=\"twitter:label2\" content=\"Temps estimat de lectura\" \/>\n\t<meta name=\"twitter:data2\" content=\"3 minuts\" \/>\n<script type=\"application\/ld+json\" class=\"yoast-schema-graph\">{\"@context\":\"https:\\\/\\\/schema.org\",\"@graph\":[{\"@type\":\"Article\",\"@id\":\"https:\\\/\\\/www.csantantoni.com\\\/ca\\\/2024\\\/09\\\/25\\\/la-musica-que-ens-uneix-nou-piano-en-el-vestibul-de-clinica-sant-antoni\\\/#article\",\"isPartOf\":{\"@id\":\"https:\\\/\\\/www.csantantoni.com\\\/ca\\\/2024\\\/09\\\/25\\\/la-musica-que-ens-uneix-nou-piano-en-el-vestibul-de-clinica-sant-antoni\\\/\"},\"author\":{\"name\":\"maria\",\"@id\":\"https:\\\/\\\/www.csantantoni.com\\\/#\\\/schema\\\/person\\\/1ac3bacc730030dd4af35da287c58da7\"},\"headline\":\"La m\u00fasica que ens uneix: nou piano en el vest\u00edbul de Cl\u00ednica Sant Antoni\",\"datePublished\":\"2024-09-25T11:31:43+00:00\",\"dateModified\":\"2024-09-26T07:49:27+00:00\",\"mainEntityOfPage\":{\"@id\":\"https:\\\/\\\/www.csantantoni.com\\\/ca\\\/2024\\\/09\\\/25\\\/la-musica-que-ens-uneix-nou-piano-en-el-vestibul-de-clinica-sant-antoni\\\/\"},\"wordCount\":557,\"publisher\":{\"@id\":\"https:\\\/\\\/www.csantantoni.com\\\/#organization\"},\"image\":{\"@id\":\"https:\\\/\\\/www.csantantoni.com\\\/ca\\\/2024\\\/09\\\/25\\\/la-musica-que-ens-uneix-nou-piano-en-el-vestibul-de-clinica-sant-antoni\\\/#primaryimage\"},\"thumbnailUrl\":\"https:\\\/\\\/www.csantantoni.com\\\/wp-content\\\/uploads\\\/2024\\\/09\\\/WhatsApp-Image-2024-09-25-at-12.55.54-3.jpeg\",\"keywords\":[\"Alian\u00e7a Pianos Vius\",\"cl\u00ednica sant antoni\",\"Humanizar espacios\",\"M\u00fasica\",\"Piano\",\"pianos vius\",\"Salut i m\u00fasica\"],\"articleSection\":[\"Blog\",\"Not\u00edcies\"],\"inLanguage\":\"ca\"},{\"@type\":\"WebPage\",\"@id\":\"https:\\\/\\\/www.csantantoni.com\\\/ca\\\/2024\\\/09\\\/25\\\/la-musica-que-ens-uneix-nou-piano-en-el-vestibul-de-clinica-sant-antoni\\\/\",\"url\":\"https:\\\/\\\/www.csantantoni.com\\\/ca\\\/2024\\\/09\\\/25\\\/la-musica-que-ens-uneix-nou-piano-en-el-vestibul-de-clinica-sant-antoni\\\/\",\"name\":\"La m\u00fasica que ens uneix: nou piano en el vest\u00edbul de Cl\u00ednica Sant Antoni - Cl\u00ednica Sant Antoni\",\"isPartOf\":{\"@id\":\"https:\\\/\\\/www.csantantoni.com\\\/#website\"},\"primaryImageOfPage\":{\"@id\":\"https:\\\/\\\/www.csantantoni.com\\\/ca\\\/2024\\\/09\\\/25\\\/la-musica-que-ens-uneix-nou-piano-en-el-vestibul-de-clinica-sant-antoni\\\/#primaryimage\"},\"image\":{\"@id\":\"https:\\\/\\\/www.csantantoni.com\\\/ca\\\/2024\\\/09\\\/25\\\/la-musica-que-ens-uneix-nou-piano-en-el-vestibul-de-clinica-sant-antoni\\\/#primaryimage\"},\"thumbnailUrl\":\"https:\\\/\\\/www.csantantoni.com\\\/wp-content\\\/uploads\\\/2024\\\/09\\\/WhatsApp-Image-2024-09-25-at-12.55.54-3.jpeg\",\"datePublished\":\"2024-09-25T11:31:43+00:00\",\"dateModified\":\"2024-09-26T07:49:27+00:00\",\"description\":\"En la Cl\u00ednica Sant Antoni, hem incorporat un piano en el vest\u00edbul, per a l'\u00fas i gaudi de tot aquell qui vulgui regalar la seva m\u00fasica.\",\"breadcrumb\":{\"@id\":\"https:\\\/\\\/www.csantantoni.com\\\/ca\\\/2024\\\/09\\\/25\\\/la-musica-que-ens-uneix-nou-piano-en-el-vestibul-de-clinica-sant-antoni\\\/#breadcrumb\"},\"inLanguage\":\"ca\",\"potentialAction\":[{\"@type\":\"ReadAction\",\"target\":[\"https:\\\/\\\/www.csantantoni.com\\\/ca\\\/2024\\\/09\\\/25\\\/la-musica-que-ens-uneix-nou-piano-en-el-vestibul-de-clinica-sant-antoni\\\/\"]}]},{\"@type\":\"ImageObject\",\"inLanguage\":\"ca\",\"@id\":\"https:\\\/\\\/www.csantantoni.com\\\/ca\\\/2024\\\/09\\\/25\\\/la-musica-que-ens-uneix-nou-piano-en-el-vestibul-de-clinica-sant-antoni\\\/#primaryimage\",\"url\":\"https:\\\/\\\/www.csantantoni.com\\\/wp-content\\\/uploads\\\/2024\\\/09\\\/WhatsApp-Image-2024-09-25-at-12.55.54-3.jpeg\",\"contentUrl\":\"https:\\\/\\\/www.csantantoni.com\\\/wp-content\\\/uploads\\\/2024\\\/09\\\/WhatsApp-Image-2024-09-25-at-12.55.54-3.jpeg\",\"width\":2048,\"height\":1536,\"caption\":\"Piano Cl\u00ednica Sant Antoni\"},{\"@type\":\"BreadcrumbList\",\"@id\":\"https:\\\/\\\/www.csantantoni.com\\\/ca\\\/2024\\\/09\\\/25\\\/la-musica-que-ens-uneix-nou-piano-en-el-vestibul-de-clinica-sant-antoni\\\/#breadcrumb\",\"itemListElement\":[{\"@type\":\"ListItem\",\"position\":1,\"name\":\"Portada\",\"item\":\"https:\\\/\\\/www.csantantoni.com\\\/\"},{\"@type\":\"ListItem\",\"position\":2,\"name\":\"La m\u00fasica que ens uneix: nou piano en el vest\u00edbul de Cl\u00ednica Sant Antoni\"}]},{\"@type\":\"WebSite\",\"@id\":\"https:\\\/\\\/www.csantantoni.com\\\/#website\",\"url\":\"https:\\\/\\\/www.csantantoni.com\\\/\",\"name\":\"Cl\u00ednica Sant Antoni\",\"description\":\"Web de Cl\u00ednica Sant Antoni\",\"publisher\":{\"@id\":\"https:\\\/\\\/www.csantantoni.com\\\/#organization\"},\"potentialAction\":[{\"@type\":\"SearchAction\",\"target\":{\"@type\":\"EntryPoint\",\"urlTemplate\":\"https:\\\/\\\/www.csantantoni.com\\\/?s={search_term_string}\"},\"query-input\":{\"@type\":\"PropertyValueSpecification\",\"valueRequired\":true,\"valueName\":\"search_term_string\"}}],\"inLanguage\":\"ca\"},{\"@type\":\"Organization\",\"@id\":\"https:\\\/\\\/www.csantantoni.com\\\/#organization\",\"name\":\"Cl\u00ednica Sant Antoni\",\"url\":\"https:\\\/\\\/www.csantantoni.com\\\/\",\"logo\":{\"@type\":\"ImageObject\",\"inLanguage\":\"ca\",\"@id\":\"https:\\\/\\\/www.csantantoni.com\\\/#\\\/schema\\\/logo\\\/image\\\/\",\"url\":\"https:\\\/\\\/www.csantantoni.com\\\/wp-content\\\/uploads\\\/2022\\\/10\\\/clinica-sant-antoni-01.jpg\",\"contentUrl\":\"https:\\\/\\\/www.csantantoni.com\\\/wp-content\\\/uploads\\\/2022\\\/10\\\/clinica-sant-antoni-01.jpg\",\"width\":1980,\"height\":1315,\"caption\":\"Cl\u00ednica Sant Antoni\"},\"image\":{\"@id\":\"https:\\\/\\\/www.csantantoni.com\\\/#\\\/schema\\\/logo\\\/image\\\/\"}},{\"@type\":\"Person\",\"@id\":\"https:\\\/\\\/www.csantantoni.com\\\/#\\\/schema\\\/person\\\/1ac3bacc730030dd4af35da287c58da7\",\"name\":\"maria\",\"image\":{\"@type\":\"ImageObject\",\"inLanguage\":\"ca\",\"@id\":\"https:\\\/\\\/secure.gravatar.com\\\/avatar\\\/6976c4514c3f1e1daef2f5047bdeca80837d6cb7a7b437f151495dbc2b911500?s=96&d=mm&r=g\",\"url\":\"https:\\\/\\\/secure.gravatar.com\\\/avatar\\\/6976c4514c3f1e1daef2f5047bdeca80837d6cb7a7b437f151495dbc2b911500?s=96&d=mm&r=g\",\"contentUrl\":\"https:\\\/\\\/secure.gravatar.com\\\/avatar\\\/6976c4514c3f1e1daef2f5047bdeca80837d6cb7a7b437f151495dbc2b911500?s=96&d=mm&r=g\",\"caption\":\"maria\"},\"url\":\"https:\\\/\\\/www.csantantoni.com\\\/ca\\\/author\\\/maria\\\/\"}]}<\/script>\n<!-- \/ Yoast SEO plugin. -->","yoast_head_json":{"title":"La m\u00fasica que ens uneix: nou piano en el vest\u00edbul de Cl\u00ednica Sant Antoni - Cl\u00ednica Sant Antoni","description":"En la Cl\u00ednica Sant Antoni, hem incorporat un piano en el vest\u00edbul, per a l'\u00fas i gaudi de tot aquell qui vulgui regalar la seva m\u00fasica.","robots":{"index":"index","follow":"follow","max-snippet":"max-snippet:-1","max-image-preview":"max-image-preview:large","max-video-preview":"max-video-preview:-1"},"canonical":"https:\/\/www.csantantoni.com\/ca\/2024\/09\/25\/la-musica-que-ens-uneix-nou-piano-en-el-vestibul-de-clinica-sant-antoni\/","og_locale":"ca_ES","og_type":"article","og_title":"La m\u00fasica que ens uneix: nou piano en el vest\u00edbul de Cl\u00ednica Sant Antoni - Cl\u00ednica Sant Antoni","og_description":"En la Cl\u00ednica Sant Antoni, hem incorporat un piano en el vest\u00edbul, per a l'\u00fas i gaudi de tot aquell qui vulgui regalar la seva m\u00fasica.","og_url":"https:\/\/www.csantantoni.com\/ca\/2024\/09\/25\/la-musica-que-ens-uneix-nou-piano-en-el-vestibul-de-clinica-sant-antoni\/","og_site_name":"Cl\u00ednica Sant Antoni","article_published_time":"2024-09-25T11:31:43+00:00","article_modified_time":"2024-09-26T07:49:27+00:00","og_image":[{"width":2048,"height":1536,"url":"https:\/\/www.csantantoni.com\/wp-content\/uploads\/2024\/09\/WhatsApp-Image-2024-09-25-at-12.55.54-3.jpeg","type":"image\/jpeg"}],"author":"maria","twitter_card":"summary_large_image","twitter_misc":{"Escrit per":"maria","Temps estimat de lectura":"3 minuts"},"schema":{"@context":"https:\/\/schema.org","@graph":[{"@type":"Article","@id":"https:\/\/www.csantantoni.com\/ca\/2024\/09\/25\/la-musica-que-ens-uneix-nou-piano-en-el-vestibul-de-clinica-sant-antoni\/#article","isPartOf":{"@id":"https:\/\/www.csantantoni.com\/ca\/2024\/09\/25\/la-musica-que-ens-uneix-nou-piano-en-el-vestibul-de-clinica-sant-antoni\/"},"author":{"name":"maria","@id":"https:\/\/www.csantantoni.com\/#\/schema\/person\/1ac3bacc730030dd4af35da287c58da7"},"headline":"La m\u00fasica que ens uneix: nou piano en el vest\u00edbul de Cl\u00ednica Sant Antoni","datePublished":"2024-09-25T11:31:43+00:00","dateModified":"2024-09-26T07:49:27+00:00","mainEntityOfPage":{"@id":"https:\/\/www.csantantoni.com\/ca\/2024\/09\/25\/la-musica-que-ens-uneix-nou-piano-en-el-vestibul-de-clinica-sant-antoni\/"},"wordCount":557,"publisher":{"@id":"https:\/\/www.csantantoni.com\/#organization"},"image":{"@id":"https:\/\/www.csantantoni.com\/ca\/2024\/09\/25\/la-musica-que-ens-uneix-nou-piano-en-el-vestibul-de-clinica-sant-antoni\/#primaryimage"},"thumbnailUrl":"https:\/\/www.csantantoni.com\/wp-content\/uploads\/2024\/09\/WhatsApp-Image-2024-09-25-at-12.55.54-3.jpeg","keywords":["Alian\u00e7a Pianos Vius","cl\u00ednica sant antoni","Humanizar espacios","M\u00fasica","Piano","pianos vius","Salut i m\u00fasica"],"articleSection":["Blog","Not\u00edcies"],"inLanguage":"ca"},{"@type":"WebPage","@id":"https:\/\/www.csantantoni.com\/ca\/2024\/09\/25\/la-musica-que-ens-uneix-nou-piano-en-el-vestibul-de-clinica-sant-antoni\/","url":"https:\/\/www.csantantoni.com\/ca\/2024\/09\/25\/la-musica-que-ens-uneix-nou-piano-en-el-vestibul-de-clinica-sant-antoni\/","name":"La m\u00fasica que ens uneix: nou piano en el vest\u00edbul de Cl\u00ednica Sant Antoni - Cl\u00ednica Sant Antoni","isPartOf":{"@id":"https:\/\/www.csantantoni.com\/#website"},"primaryImageOfPage":{"@id":"https:\/\/www.csantantoni.com\/ca\/2024\/09\/25\/la-musica-que-ens-uneix-nou-piano-en-el-vestibul-de-clinica-sant-antoni\/#primaryimage"},"image":{"@id":"https:\/\/www.csantantoni.com\/ca\/2024\/09\/25\/la-musica-que-ens-uneix-nou-piano-en-el-vestibul-de-clinica-sant-antoni\/#primaryimage"},"thumbnailUrl":"https:\/\/www.csantantoni.com\/wp-content\/uploads\/2024\/09\/WhatsApp-Image-2024-09-25-at-12.55.54-3.jpeg","datePublished":"2024-09-25T11:31:43+00:00","dateModified":"2024-09-26T07:49:27+00:00","description":"En la Cl\u00ednica Sant Antoni, hem incorporat un piano en el vest\u00edbul, per a l'\u00fas i gaudi de tot aquell qui vulgui regalar la seva m\u00fasica.","breadcrumb":{"@id":"https:\/\/www.csantantoni.com\/ca\/2024\/09\/25\/la-musica-que-ens-uneix-nou-piano-en-el-vestibul-de-clinica-sant-antoni\/#breadcrumb"},"inLanguage":"ca","potentialAction":[{"@type":"ReadAction","target":["https:\/\/www.csantantoni.com\/ca\/2024\/09\/25\/la-musica-que-ens-uneix-nou-piano-en-el-vestibul-de-clinica-sant-antoni\/"]}]},{"@type":"ImageObject","inLanguage":"ca","@id":"https:\/\/www.csantantoni.com\/ca\/2024\/09\/25\/la-musica-que-ens-uneix-nou-piano-en-el-vestibul-de-clinica-sant-antoni\/#primaryimage","url":"https:\/\/www.csantantoni.com\/wp-content\/uploads\/2024\/09\/WhatsApp-Image-2024-09-25-at-12.55.54-3.jpeg","contentUrl":"https:\/\/www.csantantoni.com\/wp-content\/uploads\/2024\/09\/WhatsApp-Image-2024-09-25-at-12.55.54-3.jpeg","width":2048,"height":1536,"caption":"Piano Cl\u00ednica Sant Antoni"},{"@type":"BreadcrumbList","@id":"https:\/\/www.csantantoni.com\/ca\/2024\/09\/25\/la-musica-que-ens-uneix-nou-piano-en-el-vestibul-de-clinica-sant-antoni\/#breadcrumb","itemListElement":[{"@type":"ListItem","position":1,"name":"Portada","item":"https:\/\/www.csantantoni.com\/"},{"@type":"ListItem","position":2,"name":"La m\u00fasica que ens uneix: nou piano en el vest\u00edbul de Cl\u00ednica Sant Antoni"}]},{"@type":"WebSite","@id":"https:\/\/www.csantantoni.com\/#website","url":"https:\/\/www.csantantoni.com\/","name":"Cl\u00ednica Sant Antoni","description":"Web de Cl\u00ednica Sant Antoni","publisher":{"@id":"https:\/\/www.csantantoni.com\/#organization"},"potentialAction":[{"@type":"SearchAction","target":{"@type":"EntryPoint","urlTemplate":"https:\/\/www.csantantoni.com\/?s={search_term_string}"},"query-input":{"@type":"PropertyValueSpecification","valueRequired":true,"valueName":"search_term_string"}}],"inLanguage":"ca"},{"@type":"Organization","@id":"https:\/\/www.csantantoni.com\/#organization","name":"Cl\u00ednica Sant Antoni","url":"https:\/\/www.csantantoni.com\/","logo":{"@type":"ImageObject","inLanguage":"ca","@id":"https:\/\/www.csantantoni.com\/#\/schema\/logo\/image\/","url":"https:\/\/www.csantantoni.com\/wp-content\/uploads\/2022\/10\/clinica-sant-antoni-01.jpg","contentUrl":"https:\/\/www.csantantoni.com\/wp-content\/uploads\/2022\/10\/clinica-sant-antoni-01.jpg","width":1980,"height":1315,"caption":"Cl\u00ednica Sant Antoni"},"image":{"@id":"https:\/\/www.csantantoni.com\/#\/schema\/logo\/image\/"}},{"@type":"Person","@id":"https:\/\/www.csantantoni.com\/#\/schema\/person\/1ac3bacc730030dd4af35da287c58da7","name":"maria","image":{"@type":"ImageObject","inLanguage":"ca","@id":"https:\/\/secure.gravatar.com\/avatar\/6976c4514c3f1e1daef2f5047bdeca80837d6cb7a7b437f151495dbc2b911500?s=96&d=mm&r=g","url":"https:\/\/secure.gravatar.com\/avatar\/6976c4514c3f1e1daef2f5047bdeca80837d6cb7a7b437f151495dbc2b911500?s=96&d=mm&r=g","contentUrl":"https:\/\/secure.gravatar.com\/avatar\/6976c4514c3f1e1daef2f5047bdeca80837d6cb7a7b437f151495dbc2b911500?s=96&d=mm&r=g","caption":"maria"},"url":"https:\/\/www.csantantoni.com\/ca\/author\/maria\/"}]}},"_links":{"self":[{"href":"https:\/\/www.csantantoni.com\/ca\/wp-json\/wp\/v2\/posts\/245898","targetHints":{"allow":["GET"]}}],"collection":[{"href":"https:\/\/www.csantantoni.com\/ca\/wp-json\/wp\/v2\/posts"}],"about":[{"href":"https:\/\/www.csantantoni.com\/ca\/wp-json\/wp\/v2\/types\/post"}],"author":[{"embeddable":true,"href":"https:\/\/www.csantantoni.com\/ca\/wp-json\/wp\/v2\/users\/5"}],"replies":[{"embeddable":true,"href":"https:\/\/www.csantantoni.com\/ca\/wp-json\/wp\/v2\/comments?post=245898"}],"version-history":[{"count":3,"href":"https:\/\/www.csantantoni.com\/ca\/wp-json\/wp\/v2\/posts\/245898\/revisions"}],"predecessor-version":[{"id":245908,"href":"https:\/\/www.csantantoni.com\/ca\/wp-json\/wp\/v2\/posts\/245898\/revisions\/245908"}],"wp:featuredmedia":[{"embeddable":true,"href":"https:\/\/www.csantantoni.com\/ca\/wp-json\/wp\/v2\/media\/245892"}],"wp:attachment":[{"href":"https:\/\/www.csantantoni.com\/ca\/wp-json\/wp\/v2\/media?parent=245898"}],"wp:term":[{"taxonomy":"category","embeddable":true,"href":"https:\/\/www.csantantoni.com\/ca\/wp-json\/wp\/v2\/categories?post=245898"},{"taxonomy":"post_tag","embeddable":true,"href":"https:\/\/www.csantantoni.com\/ca\/wp-json\/wp\/v2\/tags?post=245898"}],"curies":[{"name":"wp","href":"https:\/\/api.w.org\/{rel}","templated":true}]}}