{"id":246569,"date":"2025-01-09T10:21:57","date_gmt":"2025-01-09T10:21:57","guid":{"rendered":"https:\/\/www.csantantoni.com\/2025\/01\/09\/claus-per-a-reprendre-rutines-saludables-despres-de-les-festes\/"},"modified":"2025-01-09T12:24:46","modified_gmt":"2025-01-09T12:24:46","slug":"claus-per-a-reprendre-rutines-saludables-despres-de-les-festes","status":"publish","type":"post","link":"https:\/\/www.csantantoni.com\/ca\/2025\/01\/09\/claus-per-a-reprendre-rutines-saludables-despres-de-les-festes\/","title":{"rendered":"Claus per a reprendre rutines saludables despr\u00e9s de les festes"},"content":{"rendered":"\n<figure class=\"wp-block-image size-large\"><img loading=\"lazy\" decoding=\"async\" width=\"1024\" height=\"314\" src=\"https:\/\/www.csantantoni.com\/wp-content\/uploads\/2025\/01\/equilibri-saludable-post-festes-1024x314.png\" alt=\"equilibri saludable post-festes\" class=\"wp-image-246571\" srcset=\"https:\/\/www.csantantoni.com\/wp-content\/uploads\/2025\/01\/equilibri-saludable-post-festes-980x300.png 980w, https:\/\/www.csantantoni.com\/wp-content\/uploads\/2025\/01\/equilibri-saludable-post-festes-480x147.png 480w\" sizes=\"(min-width: 0px) and (max-width: 480px) 480px, (min-width: 481px) and (max-width: 980px) 980px, (min-width: 981px) 1024px, 100vw\" \/><\/figure>\n\n\n\n<p class=\"has-black-color has-text-color has-link-color has-medium-font-size wp-elements-4d8b5b1bd3db7ae60aacdfc0337b1714\">Les festes porten alegria i celebracions, per\u00f2 tamb\u00e9 excessos en menjar, alteracions en el somni i menys activitat f\u00edsica, afectant la salut f\u00edsica i mental. En finalitzar les festivitats, \u00e9s crucial reprendre h\u00e0bits saludables per a recuperar l&#8217;equilibri i enfrontar l&#8217;any amb energia i benestar.<\/p>\n\n\n\n<p><\/p>\n\n\n\n<p class=\"has-black-color has-text-color has-link-color wp-elements-aae5c0a516c0c3ca403661e5831f0d0e\">Les festivitats sovint representen moments de felicitat, celebracions i trobades amb sers estimats. No obstant aix\u00f2, tamb\u00e9 poden portar amb si excessos en l&#8217;alimentaci\u00f3, alteracions en els horaris de somni i una reducci\u00f3 en l&#8217;activitat f\u00edsica. Aquests canvis no sols impacten el nostre cos, sin\u00f3 tamb\u00e9 la nostra salut mental i emocional. Per aquesta ra\u00f3, en concloure les festivitats, \u00e9s essencial restablir rutines saludables que ens ajudin a recuperar el nostre equilibri natural i enfrontar el nou any amb energia i benestar.\r\n<\/p>\n\n\n\n<h3 class=\"wp-block-heading has-black-color has-text-color has-link-color wp-elements-dbdb071637a0589c0588cf01058a0166\"><\/h3>\n\n\n\n<p class=\"has-black-color has-text-color has-link-color wp-elements-f25afb12f551cef0094fa21d09080dda\">Despr\u00e9s de diversos dies o fins i tot setmanes de canvis en els h\u00e0bits diaris, el cos i la ment necessiten tornar a la normalitat. Els excessos poden deixar empremta en forma d&#8217;augment de pes, fatiga, problemes digestius o fins i tot alteracions en l&#8217;estat d&#8217;\u00e0nim. Establir rutines saludables no sols ens ajuda a sentir-nos millor a curt termini, sin\u00f3 que tamb\u00e9 contribueix a prevenir problemes de salut a llarg termini.\r\n<\/p>\n\n\n\n<p class=\"has-black-color has-text-color has-link-color wp-elements-5712d38824a354066a49aa8bc9f0e518\"><div class=\"traductor-textarea form-group\">&#13;\n<div class=\"textarea-desti col-xs-12 col-sm-6\">&#13;\n<div class=\"form-control second-textarea\">Aquest proc\u00e9s requereix comprom\u00eds, per\u00f2 els beneficis s\u00f3n innombrables. A continuaci\u00f3, explorarem detalladament <strong>com pots recuperar l&#8217;equilibri i construir una base s\u00f2lida per a la teva salut.<\/strong><\/div>&#13;\n<\/div>&#13;\n<\/div>&#13;\n<div class=\"traductor-checkbox form-group\">&#13;\n<div class=\"row\">&#13;\n<div class=\"col-sm-offset-2 col-sm-5\">\u00a0<\/div>&#13;\n<\/div>&#13;\n<\/div><\/p>\n\n\n\n<h3 class=\"wp-block-heading has-text-align-center has-text-color has-link-color has-medium-font-size wp-elements-04f150e2523ae0858ccb139258e5199b\" style=\"color:#00632e\">Alimentaci\u00f3 conscient<\/h3>\n\n\n\n<p class=\"has-black-color has-text-color has-link-color wp-elements-0f64af31d68c185b6ff038b51bdf3c43\">Durant les festes \u00e9s habitual consumir aliments rics en greixos, sucres i calories buides. Aix\u00f2 pot provocar inflor, digestions pesades i una sensaci\u00f3 general de malestar. Per a tornar a una alimentaci\u00f3 equilibrada, considera el seg\u00fcent:\r\n<\/p>\n\n\n\n<ul class=\"wp-block-list\">\n<li class=\"has-black-color has-text-color has-link-color wp-elements-7f9ea13866bc2d6d1c2a60ec8775e8a0\"><div class=\"traductor-textarea form-group\">\r\n<div class=\"textarea-desti col-xs-12 col-sm-6\">\r\n<div class=\"form-control second-textarea\"><strong>Incrementa el consum de fruites i verdures:<\/strong> Aquests aliments s\u00f3n rics en vitamines, minerals i fibra, la qual cosa ajuda a&nbsp;desintoxicar&nbsp;l&#8217;organisme i millorar la digesti\u00f3.<\/div>\r\n<\/div>\r\n<\/div>\r\n<div class=\"traductor-checkbox form-group\">\r\n<div class=\"row\">\r\n<div class=\"col-sm-offset-2 col-sm-5\">&nbsp;<\/div>\r\n<\/div>\r\n<\/div><\/li>\n\n\n\n<li class=\"has-black-color has-text-color has-link-color wp-elements-ff28a3b49c297e35da2b8e978587d750\"><div class=\"traductor-textarea form-group\">\r\n<div class=\"textarea-desti col-xs-12 col-sm-6\">\r\n<div class=\"form-control second-textarea\"><strong>Tria aliments frescos i naturals:<\/strong> Evita els productes ultres processaments que solen estar carregats de sucres, sal i greixos no saludables.<\/div>\r\n<\/div>\r\n<\/div>\r\n<div class=\"traductor-checkbox form-group\">\r\n<div class=\"row\">\r\n<div class=\"col-sm-offset-2 col-sm-5\">&nbsp;<\/div>\r\n<\/div>\r\n<\/div><\/li>\n\n\n\n<li class=\"has-black-color has-text-color has-link-color wp-elements-b4d62e5cd060e01eabe774aa01b1a0d9\"><div class=\"traductor-textarea form-group\">\r\n<div class=\"textarea-desti col-xs-12 col-sm-6\">\r\n<div class=\"form-control second-textarea\"><strong>Redueix el consum d&#8217;alcohol:<\/strong> Despr\u00e9s de les festes, \u00e9s recomanable donar un respir al fetge evitant el consum de begudes alcoh\u00f2liques.<\/div>\r\n<\/div>\r\n<\/div>\r\n<div class=\"traductor-checkbox form-group\">\r\n<div class=\"row\">\r\n<div class=\"col-sm-offset-2 col-sm-5\">&nbsp;<\/div>\r\n<\/div>\r\n<\/div><\/li>\n\n\n\n<li class=\"has-black-color has-text-color has-link-color wp-elements-c3d74d63df7fdd7fe1ed5cee0372664a\"><div class=\"traductor-textarea form-group\">\r\n<div class=\"textarea-desti col-xs-12 col-sm-6\">\r\n<div class=\"form-control second-textarea\"><strong>Hidrata&#8217;t correctament:<\/strong> Beure aigua \u00e9s fonamental per a eliminar toxines i mantenir el cos funcionant de manera \u00f2ptima. Una bona idea \u00e9s comen\u00e7ar el dia amb un got d&#8217;aigua t\u00e8bia amb llimona.<\/div>\r\n<\/div>\r\n<\/div>\r\n<div class=\"traductor-checkbox form-group\">\r\n<div class=\"row\">\r\n<div class=\"col-sm-offset-2 col-sm-5\">&nbsp;<\/div>\r\n<\/div>\r\n<\/div><\/li>\n\n\n\n<li class=\"has-black-color has-text-color has-link-color wp-elements-0c108a2388d9a4cf42fee0f0c2fa2744\"><div class=\"traductor-textarea form-group\">\r\n<div class=\"textarea-desti col-xs-12 col-sm-6\">\r\n<div class=\"form-control second-textarea\"><strong>Planifica els teus menjars<\/strong>: Dissenyar un men\u00fa setmanal t&#8217;ajudar\u00e0 a prendre decisions saludables i evitar temptacions.<\/div>\r\n<\/div>\r\n<\/div>\r\n<div class=\"traductor-checkbox form-group\">\r\n<div class=\"row\">\r\n<div class=\"col-sm-offset-2 col-sm-5\">&nbsp;<\/div>\r\n<\/div>\r\n<\/div><\/li>\n<\/ul>\n\n\n\n<p class=\"has-black-color has-text-color has-link-color wp-elements-da39b0306395f05843692d8fb662b4ab\">A m\u00e9s, no t&#8217;oblidis de gaudir dels teus menjars. Practicar el &#8220;mindful eating&#8221; o alimentaci\u00f3 conscient pot ajudar-te a reconnectar amb els senyals de fam i sacietat del teu cos.\r\n<\/p>\n\n\n\n<figure class=\"wp-block-image aligncenter size-large is-resized\"><img loading=\"lazy\" decoding=\"async\" width=\"1024\" height=\"576\" src=\"https:\/\/www.csantantoni.com\/wp-content\/uploads\/2025\/01\/Planifica-las-comidas-1024x576.jpg\" alt=\"Planifica els \u00e0pats\" class=\"wp-image-246548\" style=\"object-fit:cover;width:528px;height:auto\" srcset=\"https:\/\/www.csantantoni.com\/wp-content\/uploads\/2025\/01\/Planifica-las-comidas-980x551.jpg 980w, https:\/\/www.csantantoni.com\/wp-content\/uploads\/2025\/01\/Planifica-las-comidas-480x270.jpg 480w\" sizes=\"(min-width: 0px) and (max-width: 480px) 480px, (min-width: 481px) and (max-width: 980px) 980px, (min-width: 981px) 1024px, 100vw\" \/><figcaption class=\"wp-element-caption\">Planifica els \u00e0pats<\/figcaption><\/figure>\n\n\n\n<h3 class=\"wp-block-heading has-text-align-center has-text-color has-link-color has-medium-font-size wp-elements-67d6187e48e10715308ea01bdb3010d0\" style=\"color:#00632e\">Repr\u00e8n l&#8217;exercici f\u00edsic<\/h3>\n\n\n\n<p class=\"has-black-color has-text-color has-link-color wp-elements-13aadff72729cb8097e4da3fb6499872\">L&#8217;activitat f\u00edsica \u00e9s essencial per a mantenir-nos saludables, tant f\u00edsica com mentalment. No obstant aix\u00f2, durant les festes, \u00e9s comuna reduir l&#8217;activitat o fins i tot abandonar-la per complet. Per a recuperar l&#8217;h\u00e0bit de moure&#8217;t:\r\n<\/p>\n\n\n\n<ul class=\"wp-block-list\">\n<li class=\"has-black-color has-text-color has-link-color wp-elements-5d3aecfb06e68b004d18fccde9670ec2\"><div class=\"traductor-textarea form-group\">\r\n<div class=\"textarea-desti col-xs-12 col-sm-6\">\r\n<div class=\"form-control second-textarea\"><strong>Comen\u00e7a a poc a poc:<\/strong> Si portes setmanes sense fer exercici, no intentis reprendre-ho amb entrenaments intensos. Activitats suaus com caminar, fer ioga o realitzar estiraments s\u00f3n un bon punt de partida.<\/div>\r\n<\/div>\r\n<\/div>\r\n<div class=\"traductor-checkbox form-group\">\r\n<div class=\"row\">\r\n<div class=\"col-sm-offset-2 col-sm-5\">&nbsp;<\/div>\r\n<\/div>\r\n<\/div><\/li>\n\n\n\n<li class=\"has-black-color has-text-color has-link-color wp-elements-212eab616315b9d072a1bb2a252565bd\"><div class=\"traductor-textarea form-group\">\r\n<div class=\"textarea-desti col-xs-12 col-sm-6\">\r\n<div class=\"form-control second-textarea\"><strong>Estableix un horari fix:<\/strong> Crear un horari per a l&#8217;exercici t&#8217;ajudar\u00e0 a convertir-lo en un h\u00e0bit. Intenta dedicar almenys 30 minuts al dia, cinc vegades a la setmana.<\/div>\r\n<\/div>\r\n<\/div>\r\n<div class=\"traductor-checkbox form-group\">\r\n<div class=\"row\">\r\n<div class=\"col-sm-offset-2 col-sm-5\">&nbsp;<\/div>\r\n<\/div>\r\n<\/div><\/li>\n\n\n\n<li class=\"has-black-color has-text-color has-link-color wp-elements-cf686382ba36993736f8310dd78470ee\"><div class=\"traductor-textarea form-group\">\r\n<div class=\"textarea-desti col-xs-12 col-sm-6\">\r\n<div class=\"form-control second-textarea\"><strong>Busca activitats que gaudeixis<\/strong>: Tria una activitat que realment et motivi, ja sigui ballar, nedar, c\u00f3rrer o practicar un esport en grup. Aix\u00f2 augmentar\u00e0 les teves probabilitats de mantenir la const\u00e0ncia.<\/div>\r\n<\/div>\r\n<\/div>\r\n<div class=\"traductor-checkbox form-group\">\r\n<div class=\"row\">\r\n<div class=\"col-sm-offset-2 col-sm-5\">&nbsp;<\/div>\r\n<\/div>\r\n<\/div><\/li>\n\n\n\n<li class=\"has-black-color has-text-color has-link-color wp-elements-267a021cde4b566db459875ae3bb36a1\"><div class=\"traductor-textarea form-group\">\r\n<div class=\"textarea-desti col-xs-12 col-sm-6\">\r\n<div class=\"form-control second-textarea\"><strong>Combina&nbsp;cardio&nbsp;i for\u00e7a:<\/strong> Les activitats cardiovasculars com c\u00f3rrer o muntar amb bicicleta t&#8217;ajudaran a millorar la resist\u00e8ncia, mentre que els exercicis de for\u00e7a et permetran tonificar els m\u00fasculs i protegir les teves articulacions.<\/div>\r\n<\/div>\r\n<\/div>\r\n<div class=\"traductor-checkbox form-group\">\r\n<div class=\"row\">\r\n<div class=\"col-sm-offset-2 col-sm-5\">&nbsp;<\/div>\r\n<\/div>\r\n<\/div><\/li>\n<\/ul>\n\n\n\n<p class=\"has-black-color has-text-color has-link-color wp-elements-38e92be4538986dc1513a37aea69303e\">Recorda que moure&#8217;t no sols t&#8217;ajuda a millorar la teva condici\u00f3 f\u00edsica, sin\u00f3 tamb\u00e9 a alliberar endorfines, conegudes com les hormones de la felicitat.\r\n<\/p>\n\n\n\n<figure class=\"wp-block-image aligncenter size-large is-resized\"><img loading=\"lazy\" decoding=\"async\" width=\"1024\" height=\"576\" src=\"https:\/\/www.csantantoni.com\/wp-content\/uploads\/2025\/01\/Realiza-estiramientos-1024x576.jpg\" alt=\"Realitza estiraments\" class=\"wp-image-246552\" style=\"width:581px;height:auto\" srcset=\"https:\/\/www.csantantoni.com\/wp-content\/uploads\/2025\/01\/Realiza-estiramientos-980x551.jpg 980w, https:\/\/www.csantantoni.com\/wp-content\/uploads\/2025\/01\/Realiza-estiramientos-480x270.jpg 480w\" sizes=\"(min-width: 0px) and (max-width: 480px) 480px, (min-width: 481px) and (max-width: 980px) 980px, (min-width: 981px) 1024px, 100vw\" \/><figcaption class=\"wp-element-caption\">Realitza estiraments<\/figcaption><\/figure>\n\n\n\n<h3 class=\"wp-block-heading has-text-align-center has-text-color has-link-color has-medium-font-size wp-elements-90b2214d05f266e60e7bc8e6e9bc3a58\" style=\"color:#00632e\">Regula la son<\/h3>\n\n\n\n<p class=\"has-black-color has-text-color has-link-color wp-elements-8005498de39c2bb1eff9fb69821a41de\">Un dels majors desajustaments durant les festes sol ser el canvi en els patrons de somni. Dormir adequadament \u00e9s crucial per a recuperar energia, millorar l&#8217;estat d&#8217;\u00e0nim i enfortir el sistema immunol\u00f2gic. Per a regular el teu descans:\r\n<\/p>\n\n\n\n<ul class=\"wp-block-list\">\n<li class=\"has-black-color has-text-color has-link-color wp-elements-062560b47f984a788050333bc9215a7c\"><div class=\"traductor-textarea form-group\">\r\n<div class=\"textarea-desti col-xs-12 col-sm-6\">\r\n<div class=\"form-control second-textarea\"><strong>Estableix horaris consistents:<\/strong> Intenta ficar-te al llit i aixecar-te a la mateixa hora tots els dies, fins i tot els caps de setmana.<\/div>\r\n<\/div>\r\n<\/div>\r\n<div class=\"traductor-checkbox form-group\">\r\n<div class=\"row\">\r\n<div class=\"col-sm-offset-2 col-sm-5\">&nbsp;<\/div>\r\n<\/div>\r\n<\/div><\/li>\n\n\n\n<li class=\"has-black-color has-text-color has-link-color wp-elements-9b1a9b062ad8ecc094e784f87e7c7879\"><div class=\"traductor-textarea form-group\">\r\n<div class=\"textarea-desti col-xs-12 col-sm-6\">\r\n<div class=\"form-control second-textarea\"><strong>Evita pantalles abans de dormir:<\/strong> La llum blava de dispositius com el tel\u00e8fon m\u00f2bil o la televisi\u00f3 pot interferir amb la producci\u00f3 de&nbsp;melatonina, l&#8217;hormona del somni.<\/div>\r\n<\/div>\r\n<\/div>\r\n<div class=\"traductor-checkbox form-group\">\r\n<div class=\"row\">\r\n<div class=\"col-sm-offset-2 col-sm-5\">&nbsp;<\/div>\r\n<\/div>\r\n<\/div><\/li>\n\n\n\n<li class=\"has-black-color has-text-color has-link-color wp-elements-1aacb8afdfafdfb07aeb4e5ecdf54aad\"><div class=\"traductor-textarea form-group\">\r\n<div class=\"textarea-desti col-xs-12 col-sm-6\">\r\n<div class=\"form-control second-textarea\"><strong>Crea un ambient relaxant:<\/strong> Mantingues la teva habitaci\u00f3 fosca, fresca i silenciosa. Tamb\u00e9 pots incorporar rutines relaxants com llegir un llibre o practicar meditaci\u00f3 abans de dormir.<\/div>\r\n<\/div>\r\n<\/div>\r\n<div class=\"traductor-checkbox form-group\">\r\n<div class=\"row\">\r\n<div class=\"col-sm-offset-2 col-sm-5\">&nbsp;<\/div>\r\n<\/div>\r\n<\/div><\/li>\n\n\n\n<li class=\"has-black-color has-text-color has-link-color wp-elements-49b8b3050c6021bb718e73c98d44ac57\"><div class=\"traductor-textarea form-group\">\r\n<div class=\"textarea-desti col-xs-12 col-sm-6\">\r\n<div class=\"form-control second-textarea\"><strong>Cuida la teva alimentaci\u00f3 a la nit<\/strong>: Evita els sopars copiosos i el consum de cafe\u00efna o alcohol abans de ficar-te al llit.<\/div>\r\n<\/div>\r\n<\/div>\r\n<div class=\"traductor-checkbox form-group\">\r\n<div class=\"row\">\r\n<div class=\"col-sm-offset-2 col-sm-5\">&nbsp;<\/div>\r\n<\/div>\r\n<\/div><\/li>\n<\/ul>\n\n\n\n<p class=\"has-black-color has-text-color has-link-color wp-elements-f3a3cff9d90098c194449f5bd08a8b48\">Un descans adequat no sols et fa sentir millor, sin\u00f3 que tamb\u00e9 millora la teva concentraci\u00f3 i productivitat.\r\n<\/p>\n\n\n\n<figure class=\"wp-block-image aligncenter size-large is-resized\"><img loading=\"lazy\" decoding=\"async\" width=\"1024\" height=\"576\" src=\"https:\/\/www.csantantoni.com\/wp-content\/uploads\/2025\/01\/Regula-el-sueno-1024x576.jpg\" alt=\"Regula la son\" class=\"wp-image-246554\" style=\"width:590px;height:auto\" srcset=\"https:\/\/www.csantantoni.com\/wp-content\/uploads\/2025\/01\/Regula-el-sueno-980x551.jpg 980w, https:\/\/www.csantantoni.com\/wp-content\/uploads\/2025\/01\/Regula-el-sueno-480x270.jpg 480w\" sizes=\"(min-width: 0px) and (max-width: 480px) 480px, (min-width: 481px) and (max-width: 980px) 980px, (min-width: 981px) 1024px, 100vw\" \/><figcaption class=\"wp-element-caption\">Regula la son<\/figcaption><\/figure>\n\n\n\n<h3 class=\"wp-block-heading has-text-align-center has-text-color has-link-color has-medium-font-size wp-elements-c3a5358805d86c49b524c3cd9acb2cd7\" style=\"color:#00632e\">Manejar l&#8217;estr\u00e8s i l&#8217;ansietat<\/h3>\n\n\n\n<p class=\"has-black-color has-text-color has-link-color wp-elements-c9ea7beceb28bd5dbfcf3d924945b299\">El final de les festes i el retorn a la rutina poden generar estr\u00e8s i ansietat. \u00c9s important trobar maneres de manejar aquestes emocions per a no sentir-nos aclaparats. Algunes estrat\u00e8gies eficaces inclouen:\r\n<\/p>\n\n\n\n<ul class=\"wp-block-list\">\n<li class=\"has-black-color has-text-color has-link-color wp-elements-be7e03b6ddb57f379e6e1cbda4f319ec\"><div class=\"traductor-textarea form-group\">\r\n<div class=\"textarea-desti col-xs-12 col-sm-6\">\r\n<div class=\"form-control second-textarea\"><strong>Practicar la meditaci\u00f3 o el&nbsp;mindfulness<\/strong>: Dedicar uns minuts al dia a aquestes pr\u00e0ctiques pot ajudar-te a reduir l&#8217;estr\u00e8s i millorar la teva concentraci\u00f3.<\/div>\r\n<\/div>\r\n<\/div>\r\n<div class=\"traductor-checkbox form-group\">\r\n<div class=\"row\">\r\n<div class=\"col-sm-offset-2 col-sm-5\">&nbsp;<\/div>\r\n<\/div>\r\n<\/div><\/li>\n\n\n\n<li class=\"has-black-color has-text-color has-link-color wp-elements-c6a67ea65a1beee2159dcfdb7c8eeebb\"><div class=\"traductor-textarea form-group\">\r\n<div class=\"textarea-desti col-xs-12 col-sm-6\">\r\n<div class=\"form-control second-textarea\"><strong>Organitzar les teves tasques<\/strong>: Planifica la teva setmana i estableix prioritats. Aix\u00f2 t&#8217;ajudar\u00e0 a sentir-te m\u00e9s en control del teu temps i les teves responsabilitats.<\/div>\r\n<\/div>\r\n<\/div>\r\n<div class=\"traductor-checkbox form-group\">\r\n<div class=\"row\">\r\n<div class=\"col-sm-offset-2 col-sm-5\">&nbsp;<\/div>\r\n<\/div>\r\n<\/div><\/li>\n\n\n\n<li class=\"has-black-color has-text-color has-link-color wp-elements-1cd4fb3b70de54886204763b1e60af38\"><div class=\"traductor-textarea form-group\">\r\n<div class=\"textarea-desti col-xs-12 col-sm-6\">\r\n<div class=\"form-control second-textarea\"><strong>Reservar temps per a tu:<\/strong> Assegura&#8217;t d&#8217;incloure activitats que gaudis i et relaxin, com llegir, escoltar m\u00fasica o fer una passejada a l&#8217;aire lliure.<\/div>\r\n<\/div>\r\n<\/div>\r\n<div class=\"traductor-checkbox form-group\">\r\n<div class=\"row\">\r\n<div class=\"col-sm-offset-2 col-sm-5\">&nbsp;<\/div>\r\n<\/div>\r\n<\/div><\/li>\n\n\n\n<li class=\"has-black-color has-text-color has-link-color wp-elements-e0aaea98f4c53ef4bde244b5eb8048ca\"><div class=\"traductor-textarea form-group\">\r\n<div class=\"textarea-desti col-xs-12 col-sm-6\">\r\n<div class=\"form-control second-textarea\"><strong>Parlar amb alg\u00fa de confian\u00e7a:<\/strong> Compartir les teves preocupacions amb amics, familiars o un professional pot alleujar la c\u00e0rrega emocional.<\/div>\r\n<\/div>\r\n<\/div>\r\n<div class=\"traductor-checkbox form-group\">\r\n<div class=\"row\">\r\n<div class=\"col-sm-offset-2 col-sm-5\">&nbsp;<\/div>\r\n<\/div>\r\n<\/div><\/li>\n<\/ul>\n\n\n\n<figure class=\"wp-block-image aligncenter size-large is-resized\"><img loading=\"lazy\" decoding=\"async\" width=\"1024\" height=\"576\" src=\"https:\/\/www.csantantoni.com\/wp-content\/uploads\/2025\/01\/Practica-mindfulness-1024x576.jpg\" alt=\"Practica mindfulness\" class=\"wp-image-246558\" style=\"width:549px;height:auto\" srcset=\"https:\/\/www.csantantoni.com\/wp-content\/uploads\/2025\/01\/Practica-mindfulness-980x551.jpg 980w, https:\/\/www.csantantoni.com\/wp-content\/uploads\/2025\/01\/Practica-mindfulness-480x270.jpg 480w\" sizes=\"(min-width: 0px) and (max-width: 480px) 480px, (min-width: 481px) and (max-width: 980px) 980px, (min-width: 981px) 1024px, 100vw\" \/><figcaption class=\"wp-element-caption\">Practica mindfulness<\/figcaption><\/figure>\n\n\n\n<h3 class=\"wp-block-heading has-text-align-center has-text-color has-link-color has-medium-font-size wp-elements-44c287152a197ebd48e6ca52bbf96811\" style=\"color:#00632e\">Realitzar revisions m\u00e8diques de salut<\/h3>\n\n\n\n<p class=\"has-black-color has-text-color has-link-color wp-elements-a89ac5d81b21ca2a9a6393349d16d86d\">Les festes poden haver deixat empremta en la teva salut, i l&#8217;inici de l&#8217;any \u00e9s una excel\u00b7lent oportunitat per a realitzar una revisi\u00f3 m\u00e8dica general. Aix\u00f2 t&#8217;ajudar\u00e0 a:\r\n<\/p>\n\n\n\n<ul class=\"wp-block-list\">\n<li class=\"has-black-color has-text-color has-link-color wp-elements-41519452eed5370215530c75b378a6d1\">Avaluar el teu estat de salut actual i detectar possibles desequilibris.<\/li>\n\n\n\n<li class=\"has-black-color has-text-color has-link-color wp-elements-4b5bbaa79ad9b5c7db2230ed71e3a7b4\">Consultar a un nutricionista o especialista si desitges ajustar els teus h\u00e0bits alimentosos o d&#8217;exercici.\r\n<\/li>\n\n\n\n<li class=\"has-black-color has-text-color has-link-color wp-elements-cc19d3acb380f4fb987b728bebe5aa51\">Establir metes clares i realistes per a millorar la teva salut al llarg de l&#8217;any.<\/li>\n<\/ul>\n\n\n\n<p class=\"has-black-color has-text-color has-link-color wp-elements-65f1ab3fe7ee72ade91db4de3e3d5e12\">No esperis a sentir-te malament per a acudir a un professional. La prevenci\u00f3 sempre \u00e9s la millor estrat\u00e8gia.\r\n<\/p>\n\n\n\n<figure class=\"wp-block-image aligncenter size-large is-resized\"><img loading=\"lazy\" decoding=\"async\" width=\"1024\" height=\"576\" src=\"https:\/\/www.csantantoni.com\/wp-content\/uploads\/2025\/01\/Chequeo-salud-1024x576.jpg\" alt=\"Revisi\u00f3 m\u00e8dica\" class=\"wp-image-246560\" style=\"width:560px;height:auto\" srcset=\"https:\/\/www.csantantoni.com\/wp-content\/uploads\/2025\/01\/Chequeo-salud-980x551.jpg 980w, https:\/\/www.csantantoni.com\/wp-content\/uploads\/2025\/01\/Chequeo-salud-480x270.jpg 480w\" sizes=\"(min-width: 0px) and (max-width: 480px) 480px, (min-width: 481px) and (max-width: 980px) 980px, (min-width: 981px) 1024px, 100vw\" \/><figcaption class=\"wp-element-caption\">Revisi\u00f3 m\u00e8dica<\/figcaption><\/figure>\n\n\n\n<p class=\"has-black-color has-text-color has-link-color wp-elements-fd529d974229d2781fc5750bfa7a4b2e\">Les festes s\u00f3n una ocasi\u00f3 per a gaudir i compartir, per\u00f2 tamb\u00e9 poden ser un recordatori de la import\u00e0ncia de cuidar el nostre cos i ment. Establir rutines saludables despr\u00e9s d&#8217;aquest per\u00edode ens permet comen\u00e7ar l&#8217;any amb energia, equilibri i benestar.\r\n<\/p>\n\n\n\n<p class=\"has-black-color has-text-color has-link-color wp-elements-1ac8d43dfe54947e149dbe142ea6e33f\"><div class=\"traductor-textarea form-group\">&#13;\n<div class=\"textarea-desti col-xs-12 col-sm-6\">&#13;\n<div class=\"form-control second-textarea\">Des de la <strong><a href=\"http:\/\/www.csantantoni.com\">Cl\u00ednica Sant Antoni<\/a><\/strong>, t&#8217;animem a adoptar aquests h\u00e0bits com a part de la teva vida di\u00e0ria. Recorda que la teva salut \u00e9s el teu major tresor, i nosaltres som aqu\u00ed per a donar-te suport en cada pas del teu cam\u00ed cap al benestar.<\/div>&#13;\n<\/div>&#13;\n<\/div>&#13;\n<div class=\"traductor-checkbox form-group\">&#13;\n<div class=\"row\">&#13;\n<div class=\"col-sm-offset-2 col-sm-5\">\u00a0<\/div>&#13;\n<\/div>&#13;\n<\/div><\/p>\n\n\n\n<p class=\"has-black-color has-text-color has-link-color wp-elements-4e9b11d802d6849a3cebcd6f3323ba06\">El teu benestar \u00e9s la nostra prioritat!<\/p>\n\n\n\n<p><\/p>\n\n\n\n<p><\/p>\n\n\n\n<p class=\"has-black-color has-text-color has-link-color wp-elements-941b58d7acf246568815b70566adb23d\">Font: Elaboraci\u00f3 pr\u00f2pia <\/p>\n","protected":false},"excerpt":{"rendered":"<p>Les festes porten alegria i celebracions, per\u00f2 tamb\u00e9 excessos en menjar, alteracions en el somni i menys activitat f\u00edsica, afectant la salut f\u00edsica i mental. En finalitzar les festivitats, \u00e9s crucial reprendre h\u00e0bits saludables per a recuperar l&#8217;equilibri i enfrontar l&#8217;any amb energia i benestar. Les festivitats sovint representen moments de felicitat, celebracions i trobades [&hellip;]<\/p>\n","protected":false},"author":5,"featured_media":246567,"comment_status":"closed","ping_status":"closed","sticky":false,"template":"","format":"standard","meta":{"_et_pb_use_builder":"","_et_pb_old_content":"","_et_gb_content_width":"","footnotes":""},"categories":[348,67],"tags":[146,164,68,222,258,166,80,111,49],"class_list":["post-246569","post","type-post","status-publish","format-standard","has-post-thumbnail","hentry","category-blog-ca","category-noticies","tag-barcelona-ca","tag-clinica-sant-antoni-ca","tag-consells","tag-csa-ca","tag-hospital-atencion-intermedia-ca","tag-pacients","tag-recomenacions","tag-salut","tag-sociosanitari-ca"],"yoast_head":"<!-- This site is optimized with the Yoast SEO plugin v27.5 - https:\/\/yoast.com\/product\/yoast-seo-wordpress\/ -->\n<title>Claus per a reprendre rutines saludables despr\u00e9s de les festes - Cl\u00ednica Sant Antoni<\/title>\n<meta name=\"description\" content=\"Despr\u00e9s de les festes, recuperar h\u00e0bits saludables \u00e9s clau per a equilibrar cos i ment.\" \/>\n<meta name=\"robots\" content=\"index, follow, max-snippet:-1, max-image-preview:large, max-video-preview:-1\" \/>\n<link rel=\"canonical\" href=\"https:\/\/www.csantantoni.com\/ca\/2025\/01\/09\/claus-per-a-reprendre-rutines-saludables-despres-de-les-festes\/\" \/>\n<meta property=\"og:locale\" content=\"ca_ES\" \/>\n<meta property=\"og:type\" content=\"article\" \/>\n<meta property=\"og:title\" content=\"Claus per a reprendre rutines saludables despr\u00e9s de les festes - Cl\u00ednica Sant Antoni\" \/>\n<meta property=\"og:description\" content=\"Les festes porten alegria i celebracions, per\u00f2 tamb\u00e9 excessos en menjar, alteracions en el somni i menys activitat f\u00edsica, afectant la salut f\u00edsica i mental. En finalitzar les festivitats, \u00e9s crucial reprendre h\u00e0bits saludables per a recuperar l&#039;equilibri i enfrontar l&#039;any amb energia i benestar.\" \/>\n<meta property=\"og:url\" content=\"https:\/\/www.csantantoni.com\/ca\/2025\/01\/09\/claus-per-a-reprendre-rutines-saludables-despres-de-les-festes\/\" \/>\n<meta property=\"og:site_name\" content=\"Cl\u00ednica Sant Antoni\" \/>\n<meta property=\"article:published_time\" content=\"2025-01-09T10:21:57+00:00\" \/>\n<meta property=\"article:modified_time\" content=\"2025-01-09T12:24:46+00:00\" \/>\n<meta property=\"og:image\" content=\"https:\/\/www.csantantoni.com\/wp-content\/uploads\/2025\/01\/Planifica-rutinas.jpg\" \/>\n\t<meta property=\"og:image:width\" content=\"1920\" \/>\n\t<meta property=\"og:image:height\" content=\"1080\" \/>\n\t<meta property=\"og:image:type\" content=\"image\/jpeg\" \/>\n<meta name=\"author\" content=\"maria\" \/>\n<meta name=\"twitter:card\" content=\"summary_large_image\" \/>\n<meta name=\"twitter:label1\" content=\"Escrit per\" \/>\n\t<meta name=\"twitter:data1\" content=\"maria\" \/>\n\t<meta name=\"twitter:label2\" content=\"Temps estimat de lectura\" \/>\n\t<meta name=\"twitter:data2\" content=\"7 minuts\" \/>\n<script type=\"application\/ld+json\" class=\"yoast-schema-graph\">{\"@context\":\"https:\\\/\\\/schema.org\",\"@graph\":[{\"@type\":\"Article\",\"@id\":\"https:\\\/\\\/www.csantantoni.com\\\/ca\\\/2025\\\/01\\\/09\\\/claus-per-a-reprendre-rutines-saludables-despres-de-les-festes\\\/#article\",\"isPartOf\":{\"@id\":\"https:\\\/\\\/www.csantantoni.com\\\/ca\\\/2025\\\/01\\\/09\\\/claus-per-a-reprendre-rutines-saludables-despres-de-les-festes\\\/\"},\"author\":{\"name\":\"maria\",\"@id\":\"https:\\\/\\\/www.csantantoni.com\\\/#\\\/schema\\\/person\\\/1ac3bacc730030dd4af35da287c58da7\"},\"headline\":\"Claus per a reprendre rutines saludables despr\u00e9s de les festes\",\"datePublished\":\"2025-01-09T10:21:57+00:00\",\"dateModified\":\"2025-01-09T12:24:46+00:00\",\"mainEntityOfPage\":{\"@id\":\"https:\\\/\\\/www.csantantoni.com\\\/ca\\\/2025\\\/01\\\/09\\\/claus-per-a-reprendre-rutines-saludables-despres-de-les-festes\\\/\"},\"wordCount\":1223,\"publisher\":{\"@id\":\"https:\\\/\\\/www.csantantoni.com\\\/#organization\"},\"image\":{\"@id\":\"https:\\\/\\\/www.csantantoni.com\\\/ca\\\/2025\\\/01\\\/09\\\/claus-per-a-reprendre-rutines-saludables-despres-de-les-festes\\\/#primaryimage\"},\"thumbnailUrl\":\"https:\\\/\\\/www.csantantoni.com\\\/wp-content\\\/uploads\\\/2025\\\/01\\\/Planifica-rutinas.jpg\",\"keywords\":[\"Barcelona\",\"Clinica Sant Antoni\",\"consells\",\"CSA\",\"Hospital Atenci\u00f3n intermedia\",\"pacients\",\"recomenacions\",\"salut\",\"sociosanitari\"],\"articleSection\":[\"Blog\",\"Not\u00edcies\"],\"inLanguage\":\"ca\"},{\"@type\":\"WebPage\",\"@id\":\"https:\\\/\\\/www.csantantoni.com\\\/ca\\\/2025\\\/01\\\/09\\\/claus-per-a-reprendre-rutines-saludables-despres-de-les-festes\\\/\",\"url\":\"https:\\\/\\\/www.csantantoni.com\\\/ca\\\/2025\\\/01\\\/09\\\/claus-per-a-reprendre-rutines-saludables-despres-de-les-festes\\\/\",\"name\":\"Claus per a reprendre rutines saludables despr\u00e9s de les festes - Cl\u00ednica Sant Antoni\",\"isPartOf\":{\"@id\":\"https:\\\/\\\/www.csantantoni.com\\\/#website\"},\"primaryImageOfPage\":{\"@id\":\"https:\\\/\\\/www.csantantoni.com\\\/ca\\\/2025\\\/01\\\/09\\\/claus-per-a-reprendre-rutines-saludables-despres-de-les-festes\\\/#primaryimage\"},\"image\":{\"@id\":\"https:\\\/\\\/www.csantantoni.com\\\/ca\\\/2025\\\/01\\\/09\\\/claus-per-a-reprendre-rutines-saludables-despres-de-les-festes\\\/#primaryimage\"},\"thumbnailUrl\":\"https:\\\/\\\/www.csantantoni.com\\\/wp-content\\\/uploads\\\/2025\\\/01\\\/Planifica-rutinas.jpg\",\"datePublished\":\"2025-01-09T10:21:57+00:00\",\"dateModified\":\"2025-01-09T12:24:46+00:00\",\"description\":\"Despr\u00e9s de les festes, recuperar h\u00e0bits saludables \u00e9s clau per a equilibrar cos i ment.\",\"breadcrumb\":{\"@id\":\"https:\\\/\\\/www.csantantoni.com\\\/ca\\\/2025\\\/01\\\/09\\\/claus-per-a-reprendre-rutines-saludables-despres-de-les-festes\\\/#breadcrumb\"},\"inLanguage\":\"ca\",\"potentialAction\":[{\"@type\":\"ReadAction\",\"target\":[\"https:\\\/\\\/www.csantantoni.com\\\/ca\\\/2025\\\/01\\\/09\\\/claus-per-a-reprendre-rutines-saludables-despres-de-les-festes\\\/\"]}]},{\"@type\":\"ImageObject\",\"inLanguage\":\"ca\",\"@id\":\"https:\\\/\\\/www.csantantoni.com\\\/ca\\\/2025\\\/01\\\/09\\\/claus-per-a-reprendre-rutines-saludables-despres-de-les-festes\\\/#primaryimage\",\"url\":\"https:\\\/\\\/www.csantantoni.com\\\/wp-content\\\/uploads\\\/2025\\\/01\\\/Planifica-rutinas.jpg\",\"contentUrl\":\"https:\\\/\\\/www.csantantoni.com\\\/wp-content\\\/uploads\\\/2025\\\/01\\\/Planifica-rutinas.jpg\",\"width\":1920,\"height\":1080,\"caption\":\"Planifica rutinas\"},{\"@type\":\"BreadcrumbList\",\"@id\":\"https:\\\/\\\/www.csantantoni.com\\\/ca\\\/2025\\\/01\\\/09\\\/claus-per-a-reprendre-rutines-saludables-despres-de-les-festes\\\/#breadcrumb\",\"itemListElement\":[{\"@type\":\"ListItem\",\"position\":1,\"name\":\"Portada\",\"item\":\"https:\\\/\\\/www.csantantoni.com\\\/\"},{\"@type\":\"ListItem\",\"position\":2,\"name\":\"Claus per a reprendre rutines saludables despr\u00e9s de les festes\"}]},{\"@type\":\"WebSite\",\"@id\":\"https:\\\/\\\/www.csantantoni.com\\\/#website\",\"url\":\"https:\\\/\\\/www.csantantoni.com\\\/\",\"name\":\"Cl\u00ednica Sant Antoni\",\"description\":\"Web de Cl\u00ednica Sant Antoni\",\"publisher\":{\"@id\":\"https:\\\/\\\/www.csantantoni.com\\\/#organization\"},\"potentialAction\":[{\"@type\":\"SearchAction\",\"target\":{\"@type\":\"EntryPoint\",\"urlTemplate\":\"https:\\\/\\\/www.csantantoni.com\\\/?s={search_term_string}\"},\"query-input\":{\"@type\":\"PropertyValueSpecification\",\"valueRequired\":true,\"valueName\":\"search_term_string\"}}],\"inLanguage\":\"ca\"},{\"@type\":\"Organization\",\"@id\":\"https:\\\/\\\/www.csantantoni.com\\\/#organization\",\"name\":\"Cl\u00ednica Sant Antoni\",\"url\":\"https:\\\/\\\/www.csantantoni.com\\\/\",\"logo\":{\"@type\":\"ImageObject\",\"inLanguage\":\"ca\",\"@id\":\"https:\\\/\\\/www.csantantoni.com\\\/#\\\/schema\\\/logo\\\/image\\\/\",\"url\":\"https:\\\/\\\/www.csantantoni.com\\\/wp-content\\\/uploads\\\/2022\\\/10\\\/clinica-sant-antoni-01.jpg\",\"contentUrl\":\"https:\\\/\\\/www.csantantoni.com\\\/wp-content\\\/uploads\\\/2022\\\/10\\\/clinica-sant-antoni-01.jpg\",\"width\":1980,\"height\":1315,\"caption\":\"Cl\u00ednica Sant Antoni\"},\"image\":{\"@id\":\"https:\\\/\\\/www.csantantoni.com\\\/#\\\/schema\\\/logo\\\/image\\\/\"}},{\"@type\":\"Person\",\"@id\":\"https:\\\/\\\/www.csantantoni.com\\\/#\\\/schema\\\/person\\\/1ac3bacc730030dd4af35da287c58da7\",\"name\":\"maria\",\"image\":{\"@type\":\"ImageObject\",\"inLanguage\":\"ca\",\"@id\":\"https:\\\/\\\/secure.gravatar.com\\\/avatar\\\/6976c4514c3f1e1daef2f5047bdeca80837d6cb7a7b437f151495dbc2b911500?s=96&d=mm&r=g\",\"url\":\"https:\\\/\\\/secure.gravatar.com\\\/avatar\\\/6976c4514c3f1e1daef2f5047bdeca80837d6cb7a7b437f151495dbc2b911500?s=96&d=mm&r=g\",\"contentUrl\":\"https:\\\/\\\/secure.gravatar.com\\\/avatar\\\/6976c4514c3f1e1daef2f5047bdeca80837d6cb7a7b437f151495dbc2b911500?s=96&d=mm&r=g\",\"caption\":\"maria\"},\"url\":\"https:\\\/\\\/www.csantantoni.com\\\/ca\\\/author\\\/maria\\\/\"}]}<\/script>\n<!-- \/ Yoast SEO plugin. -->","yoast_head_json":{"title":"Claus per a reprendre rutines saludables despr\u00e9s de les festes - Cl\u00ednica Sant Antoni","description":"Despr\u00e9s de les festes, recuperar h\u00e0bits saludables \u00e9s clau per a equilibrar cos i ment.","robots":{"index":"index","follow":"follow","max-snippet":"max-snippet:-1","max-image-preview":"max-image-preview:large","max-video-preview":"max-video-preview:-1"},"canonical":"https:\/\/www.csantantoni.com\/ca\/2025\/01\/09\/claus-per-a-reprendre-rutines-saludables-despres-de-les-festes\/","og_locale":"ca_ES","og_type":"article","og_title":"Claus per a reprendre rutines saludables despr\u00e9s de les festes - Cl\u00ednica Sant Antoni","og_description":"Les festes porten alegria i celebracions, per\u00f2 tamb\u00e9 excessos en menjar, alteracions en el somni i menys activitat f\u00edsica, afectant la salut f\u00edsica i mental. En finalitzar les festivitats, \u00e9s crucial reprendre h\u00e0bits saludables per a recuperar l'equilibri i enfrontar l'any amb energia i benestar.","og_url":"https:\/\/www.csantantoni.com\/ca\/2025\/01\/09\/claus-per-a-reprendre-rutines-saludables-despres-de-les-festes\/","og_site_name":"Cl\u00ednica Sant Antoni","article_published_time":"2025-01-09T10:21:57+00:00","article_modified_time":"2025-01-09T12:24:46+00:00","og_image":[{"width":1920,"height":1080,"url":"https:\/\/www.csantantoni.com\/wp-content\/uploads\/2025\/01\/Planifica-rutinas.jpg","type":"image\/jpeg"}],"author":"maria","twitter_card":"summary_large_image","twitter_misc":{"Escrit per":"maria","Temps estimat de lectura":"7 minuts"},"schema":{"@context":"https:\/\/schema.org","@graph":[{"@type":"Article","@id":"https:\/\/www.csantantoni.com\/ca\/2025\/01\/09\/claus-per-a-reprendre-rutines-saludables-despres-de-les-festes\/#article","isPartOf":{"@id":"https:\/\/www.csantantoni.com\/ca\/2025\/01\/09\/claus-per-a-reprendre-rutines-saludables-despres-de-les-festes\/"},"author":{"name":"maria","@id":"https:\/\/www.csantantoni.com\/#\/schema\/person\/1ac3bacc730030dd4af35da287c58da7"},"headline":"Claus per a reprendre rutines saludables despr\u00e9s de les festes","datePublished":"2025-01-09T10:21:57+00:00","dateModified":"2025-01-09T12:24:46+00:00","mainEntityOfPage":{"@id":"https:\/\/www.csantantoni.com\/ca\/2025\/01\/09\/claus-per-a-reprendre-rutines-saludables-despres-de-les-festes\/"},"wordCount":1223,"publisher":{"@id":"https:\/\/www.csantantoni.com\/#organization"},"image":{"@id":"https:\/\/www.csantantoni.com\/ca\/2025\/01\/09\/claus-per-a-reprendre-rutines-saludables-despres-de-les-festes\/#primaryimage"},"thumbnailUrl":"https:\/\/www.csantantoni.com\/wp-content\/uploads\/2025\/01\/Planifica-rutinas.jpg","keywords":["Barcelona","Clinica Sant Antoni","consells","CSA","Hospital Atenci\u00f3n intermedia","pacients","recomenacions","salut","sociosanitari"],"articleSection":["Blog","Not\u00edcies"],"inLanguage":"ca"},{"@type":"WebPage","@id":"https:\/\/www.csantantoni.com\/ca\/2025\/01\/09\/claus-per-a-reprendre-rutines-saludables-despres-de-les-festes\/","url":"https:\/\/www.csantantoni.com\/ca\/2025\/01\/09\/claus-per-a-reprendre-rutines-saludables-despres-de-les-festes\/","name":"Claus per a reprendre rutines saludables despr\u00e9s de les festes - Cl\u00ednica Sant Antoni","isPartOf":{"@id":"https:\/\/www.csantantoni.com\/#website"},"primaryImageOfPage":{"@id":"https:\/\/www.csantantoni.com\/ca\/2025\/01\/09\/claus-per-a-reprendre-rutines-saludables-despres-de-les-festes\/#primaryimage"},"image":{"@id":"https:\/\/www.csantantoni.com\/ca\/2025\/01\/09\/claus-per-a-reprendre-rutines-saludables-despres-de-les-festes\/#primaryimage"},"thumbnailUrl":"https:\/\/www.csantantoni.com\/wp-content\/uploads\/2025\/01\/Planifica-rutinas.jpg","datePublished":"2025-01-09T10:21:57+00:00","dateModified":"2025-01-09T12:24:46+00:00","description":"Despr\u00e9s de les festes, recuperar h\u00e0bits saludables \u00e9s clau per a equilibrar cos i ment.","breadcrumb":{"@id":"https:\/\/www.csantantoni.com\/ca\/2025\/01\/09\/claus-per-a-reprendre-rutines-saludables-despres-de-les-festes\/#breadcrumb"},"inLanguage":"ca","potentialAction":[{"@type":"ReadAction","target":["https:\/\/www.csantantoni.com\/ca\/2025\/01\/09\/claus-per-a-reprendre-rutines-saludables-despres-de-les-festes\/"]}]},{"@type":"ImageObject","inLanguage":"ca","@id":"https:\/\/www.csantantoni.com\/ca\/2025\/01\/09\/claus-per-a-reprendre-rutines-saludables-despres-de-les-festes\/#primaryimage","url":"https:\/\/www.csantantoni.com\/wp-content\/uploads\/2025\/01\/Planifica-rutinas.jpg","contentUrl":"https:\/\/www.csantantoni.com\/wp-content\/uploads\/2025\/01\/Planifica-rutinas.jpg","width":1920,"height":1080,"caption":"Planifica rutinas"},{"@type":"BreadcrumbList","@id":"https:\/\/www.csantantoni.com\/ca\/2025\/01\/09\/claus-per-a-reprendre-rutines-saludables-despres-de-les-festes\/#breadcrumb","itemListElement":[{"@type":"ListItem","position":1,"name":"Portada","item":"https:\/\/www.csantantoni.com\/"},{"@type":"ListItem","position":2,"name":"Claus per a reprendre rutines saludables despr\u00e9s de les festes"}]},{"@type":"WebSite","@id":"https:\/\/www.csantantoni.com\/#website","url":"https:\/\/www.csantantoni.com\/","name":"Cl\u00ednica Sant Antoni","description":"Web de Cl\u00ednica Sant Antoni","publisher":{"@id":"https:\/\/www.csantantoni.com\/#organization"},"potentialAction":[{"@type":"SearchAction","target":{"@type":"EntryPoint","urlTemplate":"https:\/\/www.csantantoni.com\/?s={search_term_string}"},"query-input":{"@type":"PropertyValueSpecification","valueRequired":true,"valueName":"search_term_string"}}],"inLanguage":"ca"},{"@type":"Organization","@id":"https:\/\/www.csantantoni.com\/#organization","name":"Cl\u00ednica Sant Antoni","url":"https:\/\/www.csantantoni.com\/","logo":{"@type":"ImageObject","inLanguage":"ca","@id":"https:\/\/www.csantantoni.com\/#\/schema\/logo\/image\/","url":"https:\/\/www.csantantoni.com\/wp-content\/uploads\/2022\/10\/clinica-sant-antoni-01.jpg","contentUrl":"https:\/\/www.csantantoni.com\/wp-content\/uploads\/2022\/10\/clinica-sant-antoni-01.jpg","width":1980,"height":1315,"caption":"Cl\u00ednica Sant Antoni"},"image":{"@id":"https:\/\/www.csantantoni.com\/#\/schema\/logo\/image\/"}},{"@type":"Person","@id":"https:\/\/www.csantantoni.com\/#\/schema\/person\/1ac3bacc730030dd4af35da287c58da7","name":"maria","image":{"@type":"ImageObject","inLanguage":"ca","@id":"https:\/\/secure.gravatar.com\/avatar\/6976c4514c3f1e1daef2f5047bdeca80837d6cb7a7b437f151495dbc2b911500?s=96&d=mm&r=g","url":"https:\/\/secure.gravatar.com\/avatar\/6976c4514c3f1e1daef2f5047bdeca80837d6cb7a7b437f151495dbc2b911500?s=96&d=mm&r=g","contentUrl":"https:\/\/secure.gravatar.com\/avatar\/6976c4514c3f1e1daef2f5047bdeca80837d6cb7a7b437f151495dbc2b911500?s=96&d=mm&r=g","caption":"maria"},"url":"https:\/\/www.csantantoni.com\/ca\/author\/maria\/"}]}},"_links":{"self":[{"href":"https:\/\/www.csantantoni.com\/ca\/wp-json\/wp\/v2\/posts\/246569","targetHints":{"allow":["GET"]}}],"collection":[{"href":"https:\/\/www.csantantoni.com\/ca\/wp-json\/wp\/v2\/posts"}],"about":[{"href":"https:\/\/www.csantantoni.com\/ca\/wp-json\/wp\/v2\/types\/post"}],"author":[{"embeddable":true,"href":"https:\/\/www.csantantoni.com\/ca\/wp-json\/wp\/v2\/users\/5"}],"replies":[{"embeddable":true,"href":"https:\/\/www.csantantoni.com\/ca\/wp-json\/wp\/v2\/comments?post=246569"}],"version-history":[{"count":3,"href":"https:\/\/www.csantantoni.com\/ca\/wp-json\/wp\/v2\/posts\/246569\/revisions"}],"predecessor-version":[{"id":246574,"href":"https:\/\/www.csantantoni.com\/ca\/wp-json\/wp\/v2\/posts\/246569\/revisions\/246574"}],"wp:featuredmedia":[{"embeddable":true,"href":"https:\/\/www.csantantoni.com\/ca\/wp-json\/wp\/v2\/media\/246567"}],"wp:attachment":[{"href":"https:\/\/www.csantantoni.com\/ca\/wp-json\/wp\/v2\/media?parent=246569"}],"wp:term":[{"taxonomy":"category","embeddable":true,"href":"https:\/\/www.csantantoni.com\/ca\/wp-json\/wp\/v2\/categories?post=246569"},{"taxonomy":"post_tag","embeddable":true,"href":"https:\/\/www.csantantoni.com\/ca\/wp-json\/wp\/v2\/tags?post=246569"}],"curies":[{"name":"wp","href":"https:\/\/api.w.org\/{rel}","templated":true}]}}