{"id":246951,"date":"2025-02-13T11:45:41","date_gmt":"2025-02-13T11:45:41","guid":{"rendered":"https:\/\/www.csantantoni.com\/?p=246951"},"modified":"2025-02-13T11:51:50","modified_gmt":"2025-02-13T11:51:50","slug":"sessio-informativa-cap-carles-ribes","status":"publish","type":"post","link":"https:\/\/www.csantantoni.com\/ca\/2025\/02\/13\/sessio-informativa-cap-carles-ribes\/","title":{"rendered":"Millorant la comunicaci\u00f3 assistencial per a una atenci\u00f3 m\u00e9s eficient i humana"},"content":{"rendered":"\n<p class=\"has-black-color has-text-color has-link-color wp-elements-5787fd7cfa3d01a5f00be5646c7cb090\" style=\"font-size:16px\">A la <strong><a href=\"http:\/\/WWW.csantantoni.com\">Cl\u00ednica Sant Anton<\/a>i<\/strong>, estem immersos en un <strong>projecte pilot a Barcelona<\/strong> que t\u00e9 com a objectiu optimitzar la comunicaci\u00f3 entre l&#8217;<strong>atenci\u00f3 interm\u00e8dia i l\u2019atenci\u00f3 prim\u00e0ria<\/strong>. Som conscients que una coordinaci\u00f3 fluida entre aquests dos nivells assistencials \u00e9s clau per garantir un seguiment m\u00e9s efica\u00e7 dels pacients, millorar la continu\u00eftat dels cures i oferir una atenci\u00f3 sanit\u00e0ria de m\u00e9s qualitat.<\/p>\n\n\n\n<p class=\"has-black-color has-text-color has-link-color wp-elements-4b383ab09c0911237bf731f2cbe591ea\" style=\"font-size:16px\">Com a part d\u2019aquesta iniciativa, <strong>ja hem comen\u00e7at a realitzar reunions virtuals amb els equips d\u2019atenci\u00f3 prim\u00e0ria<\/strong>, fet que permet un seguiment conjunt i multidisciplinari dels pacients. Aquest enfocament col\u00b7laboratiu no nom\u00e9s enforteix el treball en equip entre professionals de diferents \u00e0mbits, sin\u00f3 que tamb\u00e9 facilita la presa de decisions basada en un coneixement compartit, assegurant aix\u00ed una atenci\u00f3 integral.<\/p>\n\n\n\n<p class=\"has-black-color has-text-color has-link-color wp-elements-bbe750b0d638a36bf1ee7b468dc2e10a\" style=\"font-size:16px\">A m\u00e9s, amb l\u2019objectiu de millorar l\u2019abordatge i la recuperaci\u00f3 dels pacients, <strong>hem actualitzat els circuits assistencials<\/strong> de perfils cl\u00ednics espec\u00edfics, com ara <strong>pacients PIUC (Pacients d\u2019Ingressos Urgents en Centres de Convalesc\u00e8ncia) i ortogeri\u00e0trics<\/strong>, entre d\u2019altres. Aquestes millores busquen optimitzar els recursos disponibles, reduir els temps de resposta i garantir que cada pacient rebi l\u2019atenci\u00f3 m\u00e9s adequada a la seva situaci\u00f3 cl\u00ednica i necessitats funcionals.<\/p>\n\n\n\n<p class=\"has-black-color has-text-color has-link-color wp-elements-66050a0d44412d9a42b5aafe86a2e542\" style=\"font-size:16px\"><strong>Un pas m\u00e9s en aquesta direcci\u00f3 el vam fer ahir al <a href=\"https:\/\/ics.gencat.cat\/ca\/Ciutadania\/ap\/barcelona-ciutat\/centres\/cap-doctor-carles-ribas\/\">CAP Carles Ribes<\/a><\/strong>, on vam tenir l\u2019oportunitat de compartir la nostra metodologia de treball i el nostre enfocament en la gesti\u00f3 dels pacients fr\u00e0gils. Part de l\u2019equip de la Cl\u00ednica Sant Antoni va exposar en detall el paper de cada \u00e0rea en aquest model assistencial, destacant la import\u00e0ncia d\u2019una visi\u00f3 integrada i coordinada de l\u2019atenci\u00f3 sanit\u00e0ria:<\/p>\n\n\n\n<p class=\"has-black-color has-text-color has-link-color wp-elements-08cb0fd56fe1d4b95196893f004c1857\" style=\"font-size:16px\"><strong>El Dr. Dur\u00e1n<\/strong>, responsable de l\u2019\u00e0rea m\u00e8dica, va presentar les funcions m\u00e8diques dins d\u2019aquest model d\u2019atenci\u00f3 i va explicar en profunditat l\u2019actualitzaci\u00f3 dels circuits existents. Aquesta optimitzaci\u00f3 permet una millor identificaci\u00f3 de les necessitats dels pacients i una resposta m\u00e9s \u00e0gil i adaptada a cada cas.<\/p>\n\n\n\n<figure class=\"wp-block-image aligncenter size-large is-resized\"><img loading=\"lazy\" decoding=\"async\" width=\"771\" height=\"1024\" src=\"https:\/\/www.csantantoni.com\/wp-content\/uploads\/2025\/02\/Dr.-Duran-Jornada-informativa-CAP-Carles-Ribes-edited-771x1024.jpeg\" alt=\"Dr. Duran - Jornada informativa CAP Carles Ribes\" class=\"wp-image-246949\" style=\"width:671px;height:auto\" srcset=\"https:\/\/www.csantantoni.com\/wp-content\/uploads\/2025\/02\/Dr.-Duran-Jornada-informativa-CAP-Carles-Ribes-edited-771x1024.jpeg 771w, https:\/\/www.csantantoni.com\/wp-content\/uploads\/2025\/02\/Dr.-Duran-Jornada-informativa-CAP-Carles-Ribes-edited-480x638.jpeg 480w\" sizes=\"(min-width: 0px) and (max-width: 480px) 480px, (min-width: 481px) 771px, 100vw\" \/><figcaption class=\"wp-element-caption\">Dr. Duran &#8211; Jornada informativa CAP Carles Ribes<\/figcaption><\/figure>\n\n\n\n<p class=\"has-black-color has-text-color has-link-color wp-elements-da0315255b2eb122c6b11ecc43e28aca\" style=\"font-size:16px\"><strong>Amparo S\u00e1nchez<\/strong>, de l\u2019equip de coordinaci\u00f3 d\u2019infermeria, va exposar el paper fonamental que desenvolupa l\u2019\u00e0rea d\u2019infermeria a la Cl\u00ednica Sant Antoni, abordant la seva tasca en quatre \u00e0mbits essencials: <strong>assist\u00e8ncia, gesti\u00f3, doc\u00e8ncia i recerca<\/strong>. Tamb\u00e9 va destacar la import\u00e0ncia de fomentar una <strong>col\u00b7laboraci\u00f3 activa<\/strong> entre els professionals de diferents nivells assistencials, promovent un coneixement mutu que faciliti el treball conjunt i ajudi a situar el pacient al centre de l\u2019atenci\u00f3 sanit\u00e0ria. A m\u00e9s, va posar en valor la gran contribuci\u00f3 dels <strong>T\u00e8cnics en Cures Auxiliars d\u2019Infermeria (TCAE)<\/strong> dins l\u2019equip multidisciplinari, subratllant el seu paper en la garantia d\u2019una assist\u00e8ncia m\u00e9s humanitzada i personalitzada.<\/p>\n\n\n\n<figure class=\"wp-block-image aligncenter size-large is-resized\"><img loading=\"lazy\" decoding=\"async\" width=\"1024\" height=\"768\" src=\"https:\/\/www.csantantoni.com\/wp-content\/uploads\/2025\/02\/Amparo-Jornada-informativa-CAP-Carles-Ribes-1024x768.jpeg\" alt=\"Amparo  - Jornada informativa CAP Carles Ribes\" class=\"wp-image-246941\" style=\"width:794px;height:auto\" srcset=\"https:\/\/www.csantantoni.com\/wp-content\/uploads\/2025\/02\/Amparo-Jornada-informativa-CAP-Carles-Ribes-980x735.jpeg 980w, https:\/\/www.csantantoni.com\/wp-content\/uploads\/2025\/02\/Amparo-Jornada-informativa-CAP-Carles-Ribes-480x360.jpeg 480w\" sizes=\"(min-width: 0px) and (max-width: 480px) 480px, (min-width: 481px) and (max-width: 980px) 980px, (min-width: 981px) 1024px, 100vw\" \/><figcaption class=\"wp-element-caption\">Amparo  &#8211; Jornada informativa CAP Carles Ribes<\/figcaption><\/figure>\n\n\n\n<p><\/p>\n\n\n\n<p class=\"has-black-color has-text-color has-link-color wp-elements-9b1b65c71c7191bc5ecef270ce6ef8a0\" style=\"font-size:16px\"><strong>Marta Escurriol<\/strong>, responsable de l\u2019\u00e0rea de rehabilitaci\u00f3 integrada per logopedia, terapia ocupacional i fisioter\u00e0pia, va explicar en detall el funcionament d\u2019aquest servei dins de la cl\u00ednica, aportant dades concretes sobre la millora funcional dels pacients a l\u2019alta. Va subratllar la import\u00e0ncia dels tractaments de <strong>fisioter\u00e0pia i ter\u00e0pia ocupacional<\/strong> en el proc\u00e9s de recuperaci\u00f3, destacant el seu paper no nom\u00e9s en la millora f\u00edsica dels pacients, sin\u00f3 tamb\u00e9 en la seva autonomia i qualitat de vida despr\u00e9s de l\u2019ingr\u00e9s hospitalari. Pel que fa a l\u2019\u00e0rea de <strong>logop\u00e8dia<\/strong> va explicar els \u00e0mbits de treball d\u2019aquesta especialitat que es centra en l&#8217;avaluaci\u00f3 i tractament de les alteracions del llenguatge i la disf\u00e0gia, treballant aix\u00ed l&#8217;expressi\u00f3 i la comprensi\u00f3 de la parla, aix\u00ed com la degluci\u00f3 segura i efica\u00e7 per als pacients.<\/p>\n\n\n\n<figure class=\"wp-block-image aligncenter size-large\"><img loading=\"lazy\" decoding=\"async\" width=\"1024\" height=\"768\" src=\"https:\/\/www.csantantoni.com\/wp-content\/uploads\/2025\/02\/Marta-Jornada-informativa-CAP-Carles-Ribes-1024x768.jpeg\" alt=\"Marta  - Jornada informativa CAP Carles Ribes\" class=\"wp-image-246943\" srcset=\"https:\/\/www.csantantoni.com\/wp-content\/uploads\/2025\/02\/Marta-Jornada-informativa-CAP-Carles-Ribes-980x735.jpeg 980w, https:\/\/www.csantantoni.com\/wp-content\/uploads\/2025\/02\/Marta-Jornada-informativa-CAP-Carles-Ribes-480x360.jpeg 480w\" sizes=\"(min-width: 0px) and (max-width: 480px) 480px, (min-width: 481px) and (max-width: 980px) 980px, (min-width: 981px) 1024px, 100vw\" \/><figcaption class=\"wp-element-caption\">Marta  &#8211; Jornada informativa CAP Carles Ribes<\/figcaption><\/figure>\n\n\n\n<p><\/p>\n\n\n\n<p class=\"has-black-color has-text-color has-link-color wp-elements-bd4c3741b0824205eb93d2faaa43af32\" style=\"font-size:16px\"><strong>Aquest tipus d\u2019iniciatives s\u00f3n essencials per avan\u00e7ar cap a un model d\u2019atenci\u00f3 m\u00e9s coordinat, eficient i centrat en la persona.<\/strong> Estem conven\u00e7uts que el treball conjunt entre diferents nivells assistencials \u00e9s la clau per continuar millorant la qualitat de l\u2019atenci\u00f3 i l\u2019experi\u00e8ncia del pacient. Seguim compromesos amb la innovaci\u00f3 i la millora cont\u00ednua per construir un sistema sanitari m\u00e9s integrat i humanitzat.<\/p>\n\n\n\n<p><\/p>\n\n\n\n<p><\/p>\n\n\n\n<figure class=\"wp-block-image aligncenter size-large\"><img loading=\"lazy\" decoding=\"async\" width=\"1024\" height=\"768\" src=\"https:\/\/www.csantantoni.com\/wp-content\/uploads\/2025\/02\/Sala-Jornada-informativa-CAP-Carles-Ribes-1024x768.jpeg\" alt=\"Sala  - Jornada informativa CAP Carles Ribes\" class=\"wp-image-246937\" srcset=\"https:\/\/www.csantantoni.com\/wp-content\/uploads\/2025\/02\/Sala-Jornada-informativa-CAP-Carles-Ribes-980x735.jpeg 980w, https:\/\/www.csantantoni.com\/wp-content\/uploads\/2025\/02\/Sala-Jornada-informativa-CAP-Carles-Ribes-480x360.jpeg 480w\" sizes=\"(min-width: 0px) and (max-width: 480px) 480px, (min-width: 481px) and (max-width: 980px) 980px, (min-width: 981px) 1024px, 100vw\" \/><\/figure>\n","protected":false},"excerpt":{"rendered":"<p>A la Cl\u00ednica Sant Antoni, estem immersos en un projecte pilot a Barcelona que t\u00e9 com a objectiu optimitzar la comunicaci\u00f3 entre l&#8217;atenci\u00f3 interm\u00e8dia i l\u2019atenci\u00f3 prim\u00e0ria. Som conscients que una coordinaci\u00f3 fluida entre aquests dos nivells assistencials \u00e9s clau per garantir un seguiment m\u00e9s efica\u00e7 dels pacients, millorar la continu\u00eftat dels cures i oferir [&hellip;]<\/p>\n","protected":false},"author":5,"featured_media":246952,"comment_status":"closed","ping_status":"closed","sticky":false,"template":"","format":"standard","meta":{"_et_pb_use_builder":"off","_et_pb_old_content":"","_et_gb_content_width":"","footnotes":""},"categories":[347,67],"tags":[146,164,258,166,111],"class_list":["post-246951","post","type-post","status-publish","format-standard","has-post-thumbnail","hentry","category-actualitat","category-noticies","tag-barcelona-ca","tag-clinica-sant-antoni-ca","tag-hospital-atencion-intermedia-ca","tag-pacients","tag-salut"],"yoast_head":"<!-- This site is optimized with the Yoast SEO plugin v27.5 - https:\/\/yoast.com\/product\/yoast-seo-wordpress\/ -->\n<title>Millorant la comunicaci\u00f3 assistencial per a una atenci\u00f3 m\u00e9s eficient i humana - Cl\u00ednica Sant Antoni<\/title>\n<meta name=\"description\" content=\"Ahir vam tenir l&#039;oportunitat de compartir la nostra experi\u00e8ncia en una sessi\u00f3 informativa al CAP Carles Ribes, on vam exposar la nostra metodologia i maneig de pacients fr\u00e0gils. El nostre equip m\u00e8dic, d&#039;infermeria i rehabilitaci\u00f3 va presentar com treballem per fomentar la col\u00b7laboraci\u00f3 entre nivells assistencials i situar el pacient al centre de l&#039;atenci\u00f3.\" \/>\n<meta name=\"robots\" content=\"index, follow, max-snippet:-1, max-image-preview:large, max-video-preview:-1\" \/>\n<link rel=\"canonical\" href=\"https:\/\/www.csantantoni.com\/ca\/2025\/02\/13\/sessio-informativa-cap-carles-ribes\/\" \/>\n<meta property=\"og:locale\" content=\"ca_ES\" \/>\n<meta property=\"og:type\" content=\"article\" \/>\n<meta property=\"og:title\" content=\"Millorant la comunicaci\u00f3 assistencial per a una atenci\u00f3 m\u00e9s eficient i humana - Cl\u00ednica Sant Antoni\" \/>\n<meta property=\"og:description\" content=\"Ahir vam tenir l&#039;oportunitat de compartir la nostra experi\u00e8ncia en una sessi\u00f3 informativa al CAP Carles Ribes, on vam exposar la nostra metodologia i maneig de pacients fr\u00e0gils. El nostre equip m\u00e8dic, d&#039;infermeria i rehabilitaci\u00f3 va presentar com treballem per fomentar la col\u00b7laboraci\u00f3 entre nivells assistencials i situar el pacient al centre de l&#039;atenci\u00f3.\" \/>\n<meta property=\"og:url\" content=\"https:\/\/www.csantantoni.com\/ca\/2025\/02\/13\/sessio-informativa-cap-carles-ribes\/\" \/>\n<meta property=\"og:site_name\" content=\"Cl\u00ednica Sant Antoni\" \/>\n<meta property=\"article:published_time\" content=\"2025-02-13T11:45:41+00:00\" \/>\n<meta property=\"article:modified_time\" content=\"2025-02-13T11:51:50+00:00\" \/>\n<meta property=\"og:image\" content=\"https:\/\/www.csantantoni.com\/wp-content\/uploads\/2025\/02\/Dr.-Duran-Jornada-informativa-CAP-Carles-Ribes-edited.jpeg\" \/>\n\t<meta property=\"og:image:width\" content=\"803\" \/>\n\t<meta property=\"og:image:height\" content=\"1067\" \/>\n\t<meta property=\"og:image:type\" content=\"image\/jpeg\" \/>\n<meta name=\"author\" content=\"maria\" \/>\n<meta name=\"twitter:card\" content=\"summary_large_image\" \/>\n<meta name=\"twitter:label1\" content=\"Escrit per\" \/>\n\t<meta name=\"twitter:data1\" content=\"maria\" \/>\n\t<meta name=\"twitter:label2\" content=\"Temps estimat de lectura\" \/>\n\t<meta name=\"twitter:data2\" content=\"4 minuts\" \/>\n<script type=\"application\/ld+json\" class=\"yoast-schema-graph\">{\"@context\":\"https:\\\/\\\/schema.org\",\"@graph\":[{\"@type\":\"Article\",\"@id\":\"https:\\\/\\\/www.csantantoni.com\\\/ca\\\/2025\\\/02\\\/13\\\/sessio-informativa-cap-carles-ribes\\\/#article\",\"isPartOf\":{\"@id\":\"https:\\\/\\\/www.csantantoni.com\\\/ca\\\/2025\\\/02\\\/13\\\/sessio-informativa-cap-carles-ribes\\\/\"},\"author\":{\"name\":\"maria\",\"@id\":\"https:\\\/\\\/www.csantantoni.com\\\/#\\\/schema\\\/person\\\/1ac3bacc730030dd4af35da287c58da7\"},\"headline\":\"Millorant la comunicaci\u00f3 assistencial per a una atenci\u00f3 m\u00e9s eficient i humana\",\"datePublished\":\"2025-02-13T11:45:41+00:00\",\"dateModified\":\"2025-02-13T11:51:50+00:00\",\"mainEntityOfPage\":{\"@id\":\"https:\\\/\\\/www.csantantoni.com\\\/ca\\\/2025\\\/02\\\/13\\\/sessio-informativa-cap-carles-ribes\\\/\"},\"wordCount\":721,\"publisher\":{\"@id\":\"https:\\\/\\\/www.csantantoni.com\\\/#organization\"},\"image\":{\"@id\":\"https:\\\/\\\/www.csantantoni.com\\\/ca\\\/2025\\\/02\\\/13\\\/sessio-informativa-cap-carles-ribes\\\/#primaryimage\"},\"thumbnailUrl\":\"https:\\\/\\\/www.csantantoni.com\\\/wp-content\\\/uploads\\\/2025\\\/02\\\/Sala-Jornada-informativa-CAP-Carles-Ribes-1.jpeg\",\"keywords\":[\"Barcelona\",\"Clinica Sant Antoni\",\"Hospital Atenci\u00f3n intermedia\",\"pacients\",\"salut\"],\"articleSection\":[\"Actualitat\",\"Not\u00edcies\"],\"inLanguage\":\"ca\"},{\"@type\":\"WebPage\",\"@id\":\"https:\\\/\\\/www.csantantoni.com\\\/ca\\\/2025\\\/02\\\/13\\\/sessio-informativa-cap-carles-ribes\\\/\",\"url\":\"https:\\\/\\\/www.csantantoni.com\\\/ca\\\/2025\\\/02\\\/13\\\/sessio-informativa-cap-carles-ribes\\\/\",\"name\":\"Millorant la comunicaci\u00f3 assistencial per a una atenci\u00f3 m\u00e9s eficient i humana - Cl\u00ednica Sant Antoni\",\"isPartOf\":{\"@id\":\"https:\\\/\\\/www.csantantoni.com\\\/#website\"},\"primaryImageOfPage\":{\"@id\":\"https:\\\/\\\/www.csantantoni.com\\\/ca\\\/2025\\\/02\\\/13\\\/sessio-informativa-cap-carles-ribes\\\/#primaryimage\"},\"image\":{\"@id\":\"https:\\\/\\\/www.csantantoni.com\\\/ca\\\/2025\\\/02\\\/13\\\/sessio-informativa-cap-carles-ribes\\\/#primaryimage\"},\"thumbnailUrl\":\"https:\\\/\\\/www.csantantoni.com\\\/wp-content\\\/uploads\\\/2025\\\/02\\\/Sala-Jornada-informativa-CAP-Carles-Ribes-1.jpeg\",\"datePublished\":\"2025-02-13T11:45:41+00:00\",\"dateModified\":\"2025-02-13T11:51:50+00:00\",\"description\":\"Ahir vam tenir l'oportunitat de compartir la nostra experi\u00e8ncia en una sessi\u00f3 informativa al CAP Carles Ribes, on vam exposar la nostra metodologia i maneig de pacients fr\u00e0gils. El nostre equip m\u00e8dic, d'infermeria i rehabilitaci\u00f3 va presentar com treballem per fomentar la col\u00b7laboraci\u00f3 entre nivells assistencials i situar el pacient al centre de l'atenci\u00f3.\",\"breadcrumb\":{\"@id\":\"https:\\\/\\\/www.csantantoni.com\\\/ca\\\/2025\\\/02\\\/13\\\/sessio-informativa-cap-carles-ribes\\\/#breadcrumb\"},\"inLanguage\":\"ca\",\"potentialAction\":[{\"@type\":\"ReadAction\",\"target\":[\"https:\\\/\\\/www.csantantoni.com\\\/ca\\\/2025\\\/02\\\/13\\\/sessio-informativa-cap-carles-ribes\\\/\"]}]},{\"@type\":\"ImageObject\",\"inLanguage\":\"ca\",\"@id\":\"https:\\\/\\\/www.csantantoni.com\\\/ca\\\/2025\\\/02\\\/13\\\/sessio-informativa-cap-carles-ribes\\\/#primaryimage\",\"url\":\"https:\\\/\\\/www.csantantoni.com\\\/wp-content\\\/uploads\\\/2025\\\/02\\\/Sala-Jornada-informativa-CAP-Carles-Ribes-1.jpeg\",\"contentUrl\":\"https:\\\/\\\/www.csantantoni.com\\\/wp-content\\\/uploads\\\/2025\\\/02\\\/Sala-Jornada-informativa-CAP-Carles-Ribes-1.jpeg\",\"width\":1600,\"height\":1200,\"caption\":\"Jornada CAP Carles Ribes\"},{\"@type\":\"BreadcrumbList\",\"@id\":\"https:\\\/\\\/www.csantantoni.com\\\/ca\\\/2025\\\/02\\\/13\\\/sessio-informativa-cap-carles-ribes\\\/#breadcrumb\",\"itemListElement\":[{\"@type\":\"ListItem\",\"position\":1,\"name\":\"Portada\",\"item\":\"https:\\\/\\\/www.csantantoni.com\\\/\"},{\"@type\":\"ListItem\",\"position\":2,\"name\":\"Millorant la comunicaci\u00f3 assistencial per a una atenci\u00f3 m\u00e9s eficient i humana\"}]},{\"@type\":\"WebSite\",\"@id\":\"https:\\\/\\\/www.csantantoni.com\\\/#website\",\"url\":\"https:\\\/\\\/www.csantantoni.com\\\/\",\"name\":\"Cl\u00ednica Sant Antoni\",\"description\":\"Web de Cl\u00ednica Sant Antoni\",\"publisher\":{\"@id\":\"https:\\\/\\\/www.csantantoni.com\\\/#organization\"},\"potentialAction\":[{\"@type\":\"SearchAction\",\"target\":{\"@type\":\"EntryPoint\",\"urlTemplate\":\"https:\\\/\\\/www.csantantoni.com\\\/?s={search_term_string}\"},\"query-input\":{\"@type\":\"PropertyValueSpecification\",\"valueRequired\":true,\"valueName\":\"search_term_string\"}}],\"inLanguage\":\"ca\"},{\"@type\":\"Organization\",\"@id\":\"https:\\\/\\\/www.csantantoni.com\\\/#organization\",\"name\":\"Cl\u00ednica Sant Antoni\",\"url\":\"https:\\\/\\\/www.csantantoni.com\\\/\",\"logo\":{\"@type\":\"ImageObject\",\"inLanguage\":\"ca\",\"@id\":\"https:\\\/\\\/www.csantantoni.com\\\/#\\\/schema\\\/logo\\\/image\\\/\",\"url\":\"https:\\\/\\\/www.csantantoni.com\\\/wp-content\\\/uploads\\\/2022\\\/10\\\/clinica-sant-antoni-01.jpg\",\"contentUrl\":\"https:\\\/\\\/www.csantantoni.com\\\/wp-content\\\/uploads\\\/2022\\\/10\\\/clinica-sant-antoni-01.jpg\",\"width\":1980,\"height\":1315,\"caption\":\"Cl\u00ednica Sant Antoni\"},\"image\":{\"@id\":\"https:\\\/\\\/www.csantantoni.com\\\/#\\\/schema\\\/logo\\\/image\\\/\"}},{\"@type\":\"Person\",\"@id\":\"https:\\\/\\\/www.csantantoni.com\\\/#\\\/schema\\\/person\\\/1ac3bacc730030dd4af35da287c58da7\",\"name\":\"maria\",\"image\":{\"@type\":\"ImageObject\",\"inLanguage\":\"ca\",\"@id\":\"https:\\\/\\\/secure.gravatar.com\\\/avatar\\\/6976c4514c3f1e1daef2f5047bdeca80837d6cb7a7b437f151495dbc2b911500?s=96&d=mm&r=g\",\"url\":\"https:\\\/\\\/secure.gravatar.com\\\/avatar\\\/6976c4514c3f1e1daef2f5047bdeca80837d6cb7a7b437f151495dbc2b911500?s=96&d=mm&r=g\",\"contentUrl\":\"https:\\\/\\\/secure.gravatar.com\\\/avatar\\\/6976c4514c3f1e1daef2f5047bdeca80837d6cb7a7b437f151495dbc2b911500?s=96&d=mm&r=g\",\"caption\":\"maria\"},\"url\":\"https:\\\/\\\/www.csantantoni.com\\\/ca\\\/author\\\/maria\\\/\"}]}<\/script>\n<!-- \/ Yoast SEO plugin. -->","yoast_head_json":{"title":"Millorant la comunicaci\u00f3 assistencial per a una atenci\u00f3 m\u00e9s eficient i humana - Cl\u00ednica Sant Antoni","description":"Ahir vam tenir l'oportunitat de compartir la nostra experi\u00e8ncia en una sessi\u00f3 informativa al CAP Carles Ribes, on vam exposar la nostra metodologia i maneig de pacients fr\u00e0gils. El nostre equip m\u00e8dic, d'infermeria i rehabilitaci\u00f3 va presentar com treballem per fomentar la col\u00b7laboraci\u00f3 entre nivells assistencials i situar el pacient al centre de l'atenci\u00f3.","robots":{"index":"index","follow":"follow","max-snippet":"max-snippet:-1","max-image-preview":"max-image-preview:large","max-video-preview":"max-video-preview:-1"},"canonical":"https:\/\/www.csantantoni.com\/ca\/2025\/02\/13\/sessio-informativa-cap-carles-ribes\/","og_locale":"ca_ES","og_type":"article","og_title":"Millorant la comunicaci\u00f3 assistencial per a una atenci\u00f3 m\u00e9s eficient i humana - Cl\u00ednica Sant Antoni","og_description":"Ahir vam tenir l'oportunitat de compartir la nostra experi\u00e8ncia en una sessi\u00f3 informativa al CAP Carles Ribes, on vam exposar la nostra metodologia i maneig de pacients fr\u00e0gils. El nostre equip m\u00e8dic, d'infermeria i rehabilitaci\u00f3 va presentar com treballem per fomentar la col\u00b7laboraci\u00f3 entre nivells assistencials i situar el pacient al centre de l'atenci\u00f3.","og_url":"https:\/\/www.csantantoni.com\/ca\/2025\/02\/13\/sessio-informativa-cap-carles-ribes\/","og_site_name":"Cl\u00ednica Sant Antoni","article_published_time":"2025-02-13T11:45:41+00:00","article_modified_time":"2025-02-13T11:51:50+00:00","og_image":[{"width":803,"height":1067,"url":"https:\/\/www.csantantoni.com\/wp-content\/uploads\/2025\/02\/Dr.-Duran-Jornada-informativa-CAP-Carles-Ribes-edited.jpeg","type":"image\/jpeg"}],"author":"maria","twitter_card":"summary_large_image","twitter_misc":{"Escrit per":"maria","Temps estimat de lectura":"4 minuts"},"schema":{"@context":"https:\/\/schema.org","@graph":[{"@type":"Article","@id":"https:\/\/www.csantantoni.com\/ca\/2025\/02\/13\/sessio-informativa-cap-carles-ribes\/#article","isPartOf":{"@id":"https:\/\/www.csantantoni.com\/ca\/2025\/02\/13\/sessio-informativa-cap-carles-ribes\/"},"author":{"name":"maria","@id":"https:\/\/www.csantantoni.com\/#\/schema\/person\/1ac3bacc730030dd4af35da287c58da7"},"headline":"Millorant la comunicaci\u00f3 assistencial per a una atenci\u00f3 m\u00e9s eficient i humana","datePublished":"2025-02-13T11:45:41+00:00","dateModified":"2025-02-13T11:51:50+00:00","mainEntityOfPage":{"@id":"https:\/\/www.csantantoni.com\/ca\/2025\/02\/13\/sessio-informativa-cap-carles-ribes\/"},"wordCount":721,"publisher":{"@id":"https:\/\/www.csantantoni.com\/#organization"},"image":{"@id":"https:\/\/www.csantantoni.com\/ca\/2025\/02\/13\/sessio-informativa-cap-carles-ribes\/#primaryimage"},"thumbnailUrl":"https:\/\/www.csantantoni.com\/wp-content\/uploads\/2025\/02\/Sala-Jornada-informativa-CAP-Carles-Ribes-1.jpeg","keywords":["Barcelona","Clinica Sant Antoni","Hospital Atenci\u00f3n intermedia","pacients","salut"],"articleSection":["Actualitat","Not\u00edcies"],"inLanguage":"ca"},{"@type":"WebPage","@id":"https:\/\/www.csantantoni.com\/ca\/2025\/02\/13\/sessio-informativa-cap-carles-ribes\/","url":"https:\/\/www.csantantoni.com\/ca\/2025\/02\/13\/sessio-informativa-cap-carles-ribes\/","name":"Millorant la comunicaci\u00f3 assistencial per a una atenci\u00f3 m\u00e9s eficient i humana - Cl\u00ednica Sant Antoni","isPartOf":{"@id":"https:\/\/www.csantantoni.com\/#website"},"primaryImageOfPage":{"@id":"https:\/\/www.csantantoni.com\/ca\/2025\/02\/13\/sessio-informativa-cap-carles-ribes\/#primaryimage"},"image":{"@id":"https:\/\/www.csantantoni.com\/ca\/2025\/02\/13\/sessio-informativa-cap-carles-ribes\/#primaryimage"},"thumbnailUrl":"https:\/\/www.csantantoni.com\/wp-content\/uploads\/2025\/02\/Sala-Jornada-informativa-CAP-Carles-Ribes-1.jpeg","datePublished":"2025-02-13T11:45:41+00:00","dateModified":"2025-02-13T11:51:50+00:00","description":"Ahir vam tenir l'oportunitat de compartir la nostra experi\u00e8ncia en una sessi\u00f3 informativa al CAP Carles Ribes, on vam exposar la nostra metodologia i maneig de pacients fr\u00e0gils. El nostre equip m\u00e8dic, d'infermeria i rehabilitaci\u00f3 va presentar com treballem per fomentar la col\u00b7laboraci\u00f3 entre nivells assistencials i situar el pacient al centre de l'atenci\u00f3.","breadcrumb":{"@id":"https:\/\/www.csantantoni.com\/ca\/2025\/02\/13\/sessio-informativa-cap-carles-ribes\/#breadcrumb"},"inLanguage":"ca","potentialAction":[{"@type":"ReadAction","target":["https:\/\/www.csantantoni.com\/ca\/2025\/02\/13\/sessio-informativa-cap-carles-ribes\/"]}]},{"@type":"ImageObject","inLanguage":"ca","@id":"https:\/\/www.csantantoni.com\/ca\/2025\/02\/13\/sessio-informativa-cap-carles-ribes\/#primaryimage","url":"https:\/\/www.csantantoni.com\/wp-content\/uploads\/2025\/02\/Sala-Jornada-informativa-CAP-Carles-Ribes-1.jpeg","contentUrl":"https:\/\/www.csantantoni.com\/wp-content\/uploads\/2025\/02\/Sala-Jornada-informativa-CAP-Carles-Ribes-1.jpeg","width":1600,"height":1200,"caption":"Jornada CAP Carles Ribes"},{"@type":"BreadcrumbList","@id":"https:\/\/www.csantantoni.com\/ca\/2025\/02\/13\/sessio-informativa-cap-carles-ribes\/#breadcrumb","itemListElement":[{"@type":"ListItem","position":1,"name":"Portada","item":"https:\/\/www.csantantoni.com\/"},{"@type":"ListItem","position":2,"name":"Millorant la comunicaci\u00f3 assistencial per a una atenci\u00f3 m\u00e9s eficient i humana"}]},{"@type":"WebSite","@id":"https:\/\/www.csantantoni.com\/#website","url":"https:\/\/www.csantantoni.com\/","name":"Cl\u00ednica Sant Antoni","description":"Web de Cl\u00ednica Sant Antoni","publisher":{"@id":"https:\/\/www.csantantoni.com\/#organization"},"potentialAction":[{"@type":"SearchAction","target":{"@type":"EntryPoint","urlTemplate":"https:\/\/www.csantantoni.com\/?s={search_term_string}"},"query-input":{"@type":"PropertyValueSpecification","valueRequired":true,"valueName":"search_term_string"}}],"inLanguage":"ca"},{"@type":"Organization","@id":"https:\/\/www.csantantoni.com\/#organization","name":"Cl\u00ednica Sant Antoni","url":"https:\/\/www.csantantoni.com\/","logo":{"@type":"ImageObject","inLanguage":"ca","@id":"https:\/\/www.csantantoni.com\/#\/schema\/logo\/image\/","url":"https:\/\/www.csantantoni.com\/wp-content\/uploads\/2022\/10\/clinica-sant-antoni-01.jpg","contentUrl":"https:\/\/www.csantantoni.com\/wp-content\/uploads\/2022\/10\/clinica-sant-antoni-01.jpg","width":1980,"height":1315,"caption":"Cl\u00ednica Sant Antoni"},"image":{"@id":"https:\/\/www.csantantoni.com\/#\/schema\/logo\/image\/"}},{"@type":"Person","@id":"https:\/\/www.csantantoni.com\/#\/schema\/person\/1ac3bacc730030dd4af35da287c58da7","name":"maria","image":{"@type":"ImageObject","inLanguage":"ca","@id":"https:\/\/secure.gravatar.com\/avatar\/6976c4514c3f1e1daef2f5047bdeca80837d6cb7a7b437f151495dbc2b911500?s=96&d=mm&r=g","url":"https:\/\/secure.gravatar.com\/avatar\/6976c4514c3f1e1daef2f5047bdeca80837d6cb7a7b437f151495dbc2b911500?s=96&d=mm&r=g","contentUrl":"https:\/\/secure.gravatar.com\/avatar\/6976c4514c3f1e1daef2f5047bdeca80837d6cb7a7b437f151495dbc2b911500?s=96&d=mm&r=g","caption":"maria"},"url":"https:\/\/www.csantantoni.com\/ca\/author\/maria\/"}]}},"_links":{"self":[{"href":"https:\/\/www.csantantoni.com\/ca\/wp-json\/wp\/v2\/posts\/246951","targetHints":{"allow":["GET"]}}],"collection":[{"href":"https:\/\/www.csantantoni.com\/ca\/wp-json\/wp\/v2\/posts"}],"about":[{"href":"https:\/\/www.csantantoni.com\/ca\/wp-json\/wp\/v2\/types\/post"}],"author":[{"embeddable":true,"href":"https:\/\/www.csantantoni.com\/ca\/wp-json\/wp\/v2\/users\/5"}],"replies":[{"embeddable":true,"href":"https:\/\/www.csantantoni.com\/ca\/wp-json\/wp\/v2\/comments?post=246951"}],"version-history":[{"count":2,"href":"https:\/\/www.csantantoni.com\/ca\/wp-json\/wp\/v2\/posts\/246951\/revisions"}],"predecessor-version":[{"id":246955,"href":"https:\/\/www.csantantoni.com\/ca\/wp-json\/wp\/v2\/posts\/246951\/revisions\/246955"}],"wp:featuredmedia":[{"embeddable":true,"href":"https:\/\/www.csantantoni.com\/ca\/wp-json\/wp\/v2\/media\/246952"}],"wp:attachment":[{"href":"https:\/\/www.csantantoni.com\/ca\/wp-json\/wp\/v2\/media?parent=246951"}],"wp:term":[{"taxonomy":"category","embeddable":true,"href":"https:\/\/www.csantantoni.com\/ca\/wp-json\/wp\/v2\/categories?post=246951"},{"taxonomy":"post_tag","embeddable":true,"href":"https:\/\/www.csantantoni.com\/ca\/wp-json\/wp\/v2\/tags?post=246951"}],"curies":[{"name":"wp","href":"https:\/\/api.w.org\/{rel}","templated":true}]}}