{"id":247056,"date":"2025-02-18T13:25:11","date_gmt":"2025-02-18T13:25:11","guid":{"rendered":"https:\/\/www.csantantoni.com\/2025\/02\/18\/com-afrontar-el-dol-en-lentorn-hospitalari\/"},"modified":"2025-02-19T09:35:28","modified_gmt":"2025-02-19T09:35:28","slug":"com-afrontar-el-dol-en-lentorn-hospitalari","status":"publish","type":"post","link":"https:\/\/www.csantantoni.com\/ca\/2025\/02\/18\/com-afrontar-el-dol-en-lentorn-hospitalari\/","title":{"rendered":"Com afrontar el dol en l&#8217;entorn hospitalari"},"content":{"rendered":"\n<figure class=\"wp-block-image size-large\"><img loading=\"lazy\" decoding=\"async\" width=\"1024\" height=\"315\" src=\"https:\/\/www.csantantoni.com\/wp-content\/uploads\/2025\/02\/El-duelo-en-entornos-hospitalarios-1024x315.png\" alt=\"El dol en entorns hospitalaris\" class=\"wp-image-246902\" srcset=\"https:\/\/www.csantantoni.com\/wp-content\/uploads\/2025\/02\/El-duelo-en-entornos-hospitalarios-980x301.png 980w, https:\/\/www.csantantoni.com\/wp-content\/uploads\/2025\/02\/El-duelo-en-entornos-hospitalarios-480x148.png 480w\" sizes=\"(min-width: 0px) and (max-width: 480px) 480px, (min-width: 481px) and (max-width: 980px) 980px, (min-width: 981px) 1024px, 100vw\" \/><\/figure>\n\n\n\n<p class=\"has-black-color has-text-color has-link-color wp-elements-5631f65ab683867adc50ffcfb810cab6\" style=\"font-size:22px\">El dol \u00e9s un proc\u00e9s natural despr\u00e9s de la p\u00e8rdua d&#8217;un ser estimat, especialment en entorns hospitalaris on la c\u00e0rrega emocional \u00e9s alta. Afrontar el dol amb les eines adequades \u00e9s crucial per a un tr\u00e0nsit saludable i amb el suport necessari.<br><\/p>\n\n\n\n<h2 class=\"wp-block-heading has-text-align-center has-luminous-vivid-orange-color has-text-color has-link-color wp-elements-68759d2fb9d7e2f5fed2a6637c85908e\" style=\"font-size:22px\">El dol: un proc\u00e9s complex i personal<\/h2>\n\n\n\n<p class=\"has-black-color has-text-color has-link-color wp-elements-d8e4890c90dfd515aba713bf59925029\" style=\"font-size:17px\"><div class=\"traductor-textarea form-group\">&#13;\n<div class=\"textarea-desti col-xs-12 col-sm-6\">&#13;\n<div class=\"form-control second-textarea\">Cada persona viu el dol de manera diferent. No existeixen temps ni formes &#8220;correctes&#8221; d&#8217;afrontar-ho, ja que cada experi\u00e8ncia de p\u00e8rdua \u00e9s \u00fanica. No obstant aix\u00f2, <strong>els experts identifiquen algunes fases comunes en aquest proc\u00e9s, com la negaci\u00f3, la ira, la negociaci\u00f3, la depressi\u00f3 i l&#8217;acceptaci\u00f3<\/strong>. Encara que aquestes etapes no sempre es presenten en el mateix ordre ni amb la mateixa intensitat, con\u00e8ixer-les pot ajudar a comprendre els sentiments propis i aliens.<\/div>&#13;\n<\/div>&#13;\n<\/div>&#13;\n<div class=\"traductor-checkbox form-group\">&#13;\n<div class=\"row\">&#13;\n<div class=\"col-sm-offset-2 col-sm-5\">\u00a0<\/div>&#13;\n<\/div>&#13;\n<\/div><\/p>\n\n\n\n<h2 class=\"wp-block-heading has-text-align-center has-luminous-vivid-orange-color has-text-color has-link-color wp-elements-672c8d4f098ab9b70e1746687620153c\" style=\"font-size:22px\">El paper de la fam\u00edlia i l&#8217;entorn pr\u00f2xim<\/h2>\n\n\n\n<figure class=\"wp-block-image aligncenter size-large is-resized\"><img loading=\"lazy\" decoding=\"async\" width=\"1024\" height=\"1024\" src=\"https:\/\/www.csantantoni.com\/wp-content\/uploads\/2025\/02\/Papel-de-la-familia-1024x1024.jpg\" alt=\"Paper de la fam\u00edlia\" class=\"wp-image-247027\" style=\"width:502px;height:auto\" srcset=\"https:\/\/www.csantantoni.com\/wp-content\/uploads\/2025\/02\/Papel-de-la-familia-1024x1024.jpg 1024w, https:\/\/www.csantantoni.com\/wp-content\/uploads\/2025\/02\/Papel-de-la-familia-980x980.jpg 980w, https:\/\/www.csantantoni.com\/wp-content\/uploads\/2025\/02\/Papel-de-la-familia-480x480.jpg 480w\" sizes=\"(min-width: 0px) and (max-width: 480px) 480px, (min-width: 481px) and (max-width: 980px) 980px, (min-width: 981px) 1024px, 100vw\" \/><\/figure>\n\n\n\n<p class=\"has-black-color has-text-color has-link-color wp-elements-c74363e7b088544426f714c56ab40905\" style=\"font-size:17px\"><div class=\"traductor-textarea form-group\">&#13;\n<div class=\"textarea-desti col-xs-12 col-sm-6\">&#13;\n<div class=\"form-control second-textarea\">El suport emocional \u00e9s fonamental durant el dol. Els familiars i amics pr\u00f2xims poden exercir un paper clau brindant companyia, escoltant sense jutjar i respectant els temps de cada persona. En un entorn hospitalari, on els comiats poden ser sobtades o prolongades, \u00e9s important <strong>fomentar espais d&#8217;intimitat i acompanyament.<\/strong><\/div>&#13;\n<\/div>&#13;\n<\/div>&#13;\n<div class=\"traductor-checkbox form-group\">&#13;\n<div class=\"row\">&#13;\n<div class=\"col-sm-offset-2 col-sm-5\">\u00a0<\/div>&#13;\n<\/div>&#13;\n<\/div><\/p>\n\n\n\n<h3 class=\"wp-block-heading has-text-color has-link-color wp-elements-15f2ee9c9eae5d1a9dd6262715ed289f\" style=\"color:#ffa260;font-size:19px\"><p><em>Consells per a familiars<\/em><\/p><\/h3>\n\n\n\n<ul class=\"wp-block-list has-black-color has-text-color has-link-color wp-elements-f077b515c957d93bd491eb6420540d95\">\n<li style=\"font-size:17px\">Permetre l&#8217;expressi\u00f3 d&#8217;emocions sense pressionar a la persona en dol.<\/li>\n\n\n\n<li style=\"font-size:17px\">Fomentar el record positiu del ser estimat mort.<\/li>\n\n\n\n<li style=\"font-size:17px\">Buscar suport en altres familiars, amics o grups d&#8217;ajuda.<\/li>\n\n\n\n<li style=\"font-size:17px\">No afanyar el proc\u00e9s ni intentar &#8220;superar-lo r\u00e0pid&#8221;.<\/li>\n\n\n\n<li style=\"font-size:17px\">Cuidar tamb\u00e9 de la pr\u00f2pia salut emocional i f\u00edsica.<\/li>\n<\/ul>\n\n\n\n<h2 class=\"wp-block-heading has-text-align-center has-luminous-vivid-orange-color has-text-color has-link-color wp-elements-de222bdb4be74d11a94e18962837ee78\" style=\"font-size:22px\">La import\u00e0ncia de l&#8217;acompanyament professional<\/h2>\n\n\n\n<figure class=\"wp-block-image aligncenter size-large is-resized\"><img loading=\"lazy\" decoding=\"async\" width=\"1024\" height=\"1024\" src=\"https:\/\/www.csantantoni.com\/wp-content\/uploads\/2025\/02\/acompanamiento-profesional-1024x1024.jpg\" alt=\"\" class=\"wp-image-247039\" style=\"width:523px;height:auto\" srcset=\"https:\/\/www.csantantoni.com\/wp-content\/uploads\/2025\/02\/acompanamiento-profesional-1024x1024.jpg 1024w, https:\/\/www.csantantoni.com\/wp-content\/uploads\/2025\/02\/acompanamiento-profesional-980x980.jpg 980w, https:\/\/www.csantantoni.com\/wp-content\/uploads\/2025\/02\/acompanamiento-profesional-480x480.jpg 480w\" sizes=\"(min-width: 0px) and (max-width: 480px) 480px, (min-width: 481px) and (max-width: 980px) 980px, (min-width: 981px) 1024px, 100vw\" \/><\/figure>\n\n\n\n<p class=\"has-black-color has-text-color has-link-color wp-elements-048173d98dff7780d3520bf7f9ccd050\" style=\"font-size:17px\"><div class=\"traductor-textarea form-group\">&#13;\n<div class=\"textarea-desti col-xs-12 col-sm-6\">&#13;\n<div class=\"form-control second-textarea\">En molts casos, <strong>el personal sanitari juga un paper determinant en el proc\u00e9s de dol.<\/strong> Metges, infermers, psic\u00f2legs i treballadors socials poden oferir suport, informaci\u00f3 i eines per a afrontar la p\u00e8rdua de manera saludable.<\/div>&#13;\n<\/div>&#13;\n<\/div>&#13;\n<div class=\"traductor-checkbox form-group\">&#13;\n<div class=\"row\">&#13;\n<div class=\"col-sm-offset-2 col-sm-5\">\u00a0<\/div>&#13;\n<\/div>&#13;\n<\/div><\/p>\n\n\n\n<h3 class=\"wp-block-heading has-text-color has-link-color wp-elements-a76a07ee42bb66d821f495e0f0b80bab\" style=\"color:#ffa260;font-size:19px\"><p><em>El paper del personal sanitari<\/em><\/p><\/h3>\n\n\n\n<ul class=\"wp-block-list\">\n<li class=\"has-black-color has-text-color has-link-color wp-elements-59ac796c30217925ac26f4a8d80cd1a7\" style=\"font-size:17px\">Brindar informaci\u00f3 clara i honesta als familiars sobre l&#8217;estat del pacient.<\/li>\n\n\n\n<li class=\"has-black-color has-text-color has-link-color wp-elements-bc7e64b9cbe026de322fe5b95548072e\" style=\"font-size:17px\">Facilitar un ambient de respecte i emp\u00e0tic per als comiats.<\/li>\n\n\n\n<li class=\"has-black-color has-text-color has-link-color wp-elements-a0f04e53c3078651bd9af19cdef8be86\" style=\"font-size:17px\">Derivar a especialistes en salut mental quan sigui necessari.<\/li>\n\n\n\n<li class=\"has-black-color has-text-color has-link-color wp-elements-1d3efc95b9a7c927020b96045fdfb5fe\" style=\"font-size:17px\">Evitar frases fetes o minimitzadores del dolor.<\/li>\n\n\n\n<li class=\"has-black-color has-text-color has-link-color wp-elements-94ee5c94ac36d6cdd722d6741b9e9c7f\" style=\"font-size:17px\">Fer costat als propis companys de treball en la gesti\u00f3 de les emocions lligades a la p\u00e8rdua de pacients.\r\n<\/li>\n<\/ul>\n\n\n\n<h2 class=\"wp-block-heading has-text-align-center has-luminous-vivid-orange-color has-text-color has-link-color wp-elements-4a453482aeb4fbccff1d94625a1f2567\" style=\"font-size:22px\">Estrat\u00e8gies per a afrontar el dol<\/h2>\n\n\n\n<p class=\"has-black-color has-text-color has-link-color wp-elements-05d6782957f46923dc857b6561ca65cf\" style=\"font-size:17px\">Cada persona trobar\u00e0 les seves pr\u00f2pies estrat\u00e8gies per a gestionar el dolor de la p\u00e8rdua. Algunes de les m\u00e9s efectives inclouen:\r\n<\/p>\n\n\n\n<p class=\"has-text-color has-link-color wp-elements-d0d4d40dcdad5b3ec4f0c26d440367e8\" style=\"color:#ffa260;font-size:19px\"><em>Expressi\u00f3 emocional<\/em><\/p>\n\n\n\n<p class=\"has-black-color has-text-color has-link-color wp-elements-558bad3147bd98fbe1d5c1b735abb760\" style=\"font-size:17px\">Parlar sobre la persona morta, escriure en un diari o expressar-se a trav\u00e9s de l&#8217;art poden ser formes saludables de canalitzar el dolor.\r\n<\/p>\n\n\n\n<p class=\"has-text-color has-link-color wp-elements-f0ae9ca191aaa8077f52b2fba870f321\" style=\"color:#ffa260;font-size:19px\"><em>Buscar suport<\/em><\/p>\n\n\n\n<p class=\"has-black-color has-text-color has-link-color wp-elements-ab9996ccc4e589d40c6320687089925d\" style=\"font-size:17px\">Acudir a grups de dol, ter\u00e0pia psicol\u00f2gica o simplement compartir amb amics i familiars ajuda a sentir-se compr\u00e8s i acompanyat.\r\n<\/p>\n\n\n\n<p class=\"has-text-color has-link-color wp-elements-5ea3a62bf6a52034559ea47ed28d486a\" style=\"color:#ffa260;font-size:19px\"><em>Cuidar la salud<\/em><\/p>\n\n\n\n<p class=\"has-black-color has-text-color has-link-color wp-elements-148b30a4d217a99ecfb904c76fdca405\" style=\"font-size:17px\"><div class=\"traductor-textarea form-group\">&#13;\n<div class=\"textarea-desti col-xs-12 col-sm-6\">&#13;\n<div class=\"form-control second-textarea\">Mantenir r<strong>utines de somni, <a href=\"http:\/\/www.cateringsantantoni.com\">alimentaci\u00f3<\/a> i exercici f\u00edsic<\/strong> ajuda a reduir l&#8217;impacte de l&#8217;estr\u00e8s emocional.<\/div>&#13;\n<\/div>&#13;\n<\/div>&#13;\n<div class=\"traductor-checkbox form-group\">&#13;\n<div class=\"row\">&#13;\n<div class=\"col-sm-offset-2 col-sm-5\">\u00a0<\/div>&#13;\n<\/div>&#13;\n<\/div><\/p>\n\n\n\n<p class=\"has-text-color has-link-color wp-elements-96934f833f78ac5a1bb52c824f119208\" style=\"color:#ffa260;font-size:19px\"><em>Donar espai al record <\/em><\/p>\n\n\n\n<p class=\"has-black-color has-text-color has-link-color wp-elements-9a7aeec588e4d8f4980a6dd6f7860b49\" style=\"font-size:17px\">Honrar la mem\u00f2ria del ser estimat a trav\u00e9s de rituals o actes simb\u00f2lics pot ajudar a donar sentit a la p\u00e8rdua.\r\n<\/p>\n\n\n\n<p class=\"has-text-color has-link-color wp-elements-39694cd53d44e01ff0e6d485829df86b\" style=\"color:#ffa260;font-size:19px\"><em>Ser pacient amb un mateix<\/em><\/p>\n\n\n\n<p class=\"has-black-color has-text-color has-link-color wp-elements-e76b8d7ea340735a7b93f2cea01e861b\" style=\"font-size:17px\">El dol no t\u00e9 un temps definit i \u00e9s normal tenir dies millors i pitjors. Permetre&#8217;s sentir sense pressionar-se \u00e9s fonamental per a avan\u00e7ar en el proc\u00e9s.\r\n<\/p>\n\n\n\n<div class=\"wp-block-group is-layout-constrained wp-block-group-is-layout-constrained\">\n<p class=\"has-black-color has-text-color has-link-color wp-elements-ed05a38df9df53eb9ffb5caddfad0eb6\" style=\"font-size:17px\">Afrontar el dol en l&#8217;entorn hospitalari requereix comprensi\u00f3, suport i acompanyament. La p\u00e8rdua d&#8217;un ser estimat \u00e9s una experi\u00e8ncia dolorosa, per\u00f2 amb les eines adequades i la pres\u00e8ncia de persones que brindin contenci\u00f3 emocional, \u00e9s possible transitar aquest proc\u00e9s de manera m\u00e9s saludable.\r\n<\/p>\n\n\n\n<p class=\"has-black-color has-text-color has-link-color wp-elements-ab7516887e64e5962e8e7d6ca691592b\" style=\"font-size:17px\">Des de la <a href=\"http:\/\/www.csantantoni.com\">Cl\u00ednica Sant Antoni,<\/a> treballem per a oferir un entorn humanitzat on pacients, familiars i professionals trobin el suport necessari en moments de dif\u00edcil comiat.<br><br><\/p>\n\n\n\n<p><\/p>\n<\/div>\n","protected":false},"excerpt":{"rendered":"<p>El dol \u00e9s un proc\u00e9s natural despr\u00e9s de la p\u00e8rdua d&#8217;un ser estimat, especialment en entorns hospitalaris on la c\u00e0rrega emocional \u00e9s alta. Afrontar el dol amb les eines adequades \u00e9s crucial per a un tr\u00e0nsit saludable i amb el suport necessari. El dol: un proc\u00e9s complex i personal &#13; &#13; Cada persona viu el [&hellip;]<\/p>\n","protected":false},"author":5,"featured_media":246901,"comment_status":"closed","ping_status":"closed","sticky":false,"template":"","format":"standard","meta":{"_et_pb_use_builder":"off","_et_pb_old_content":"","_et_gb_content_width":"","footnotes":""},"categories":[348,67],"tags":[146,164,68,222,258,166,80,111],"class_list":["post-247056","post","type-post","status-publish","format-standard","has-post-thumbnail","hentry","category-blog-ca","category-noticies","tag-barcelona-ca","tag-clinica-sant-antoni-ca","tag-consells","tag-csa-ca","tag-hospital-atencion-intermedia-ca","tag-pacients","tag-recomenacions","tag-salut"],"yoast_head":"<!-- This site is optimized with the Yoast SEO plugin v27.5 - https:\/\/yoast.com\/product\/yoast-seo-wordpress\/ -->\n<title>Com afrontar el dol en l&#039;entorn hospitalari - Cl\u00ednica Sant Antoni<\/title>\n<meta name=\"description\" content=\"El dol \u00e9s un proc\u00e9s natural despr\u00e9s de la p\u00e8rdua d&#039;un ser estimat, especialment en entorns hospitalaris on la c\u00e0rrega emocional \u00e9s alta.\" \/>\n<meta name=\"robots\" content=\"index, follow, max-snippet:-1, max-image-preview:large, max-video-preview:-1\" \/>\n<link rel=\"canonical\" href=\"https:\/\/www.csantantoni.com\/ca\/2025\/02\/18\/com-afrontar-el-dol-en-lentorn-hospitalari\/\" \/>\n<meta property=\"og:locale\" content=\"ca_ES\" \/>\n<meta property=\"og:type\" content=\"article\" \/>\n<meta property=\"og:title\" content=\"Com afrontar el dol en l&#039;entorn hospitalari - Cl\u00ednica Sant Antoni\" \/>\n<meta property=\"og:description\" content=\"El dol \u00e9s un proc\u00e9s natural despr\u00e9s de la p\u00e8rdua d&#039;un ser estimat, especialment en entorns hospitalaris on la c\u00e0rrega emocional \u00e9s alta.\" \/>\n<meta property=\"og:url\" content=\"https:\/\/www.csantantoni.com\/ca\/2025\/02\/18\/com-afrontar-el-dol-en-lentorn-hospitalari\/\" \/>\n<meta property=\"og:site_name\" content=\"Cl\u00ednica Sant Antoni\" \/>\n<meta property=\"article:published_time\" content=\"2025-02-18T13:25:11+00:00\" \/>\n<meta property=\"article:modified_time\" content=\"2025-02-19T09:35:28+00:00\" \/>\n<meta property=\"og:image\" content=\"https:\/\/www.csantantoni.com\/wp-content\/uploads\/2025\/02\/Duelo-en-entornos-hospitalarios.jpg\" \/>\n\t<meta property=\"og:image:width\" content=\"1023\" \/>\n\t<meta property=\"og:image:height\" content=\"1077\" \/>\n\t<meta property=\"og:image:type\" content=\"image\/jpeg\" \/>\n<meta name=\"author\" content=\"maria\" \/>\n<meta name=\"twitter:card\" content=\"summary_large_image\" \/>\n<meta name=\"twitter:label1\" content=\"Escrit per\" \/>\n\t<meta name=\"twitter:data1\" content=\"maria\" \/>\n\t<meta name=\"twitter:label2\" content=\"Temps estimat de lectura\" \/>\n\t<meta name=\"twitter:data2\" content=\"4 minuts\" \/>\n<script type=\"application\/ld+json\" class=\"yoast-schema-graph\">{\"@context\":\"https:\\\/\\\/schema.org\",\"@graph\":[{\"@type\":\"Article\",\"@id\":\"https:\\\/\\\/www.csantantoni.com\\\/ca\\\/2025\\\/02\\\/18\\\/com-afrontar-el-dol-en-lentorn-hospitalari\\\/#article\",\"isPartOf\":{\"@id\":\"https:\\\/\\\/www.csantantoni.com\\\/ca\\\/2025\\\/02\\\/18\\\/com-afrontar-el-dol-en-lentorn-hospitalari\\\/\"},\"author\":{\"name\":\"maria\",\"@id\":\"https:\\\/\\\/www.csantantoni.com\\\/#\\\/schema\\\/person\\\/1ac3bacc730030dd4af35da287c58da7\"},\"headline\":\"Com afrontar el dol en l&#8217;entorn hospitalari\",\"datePublished\":\"2025-02-18T13:25:11+00:00\",\"dateModified\":\"2025-02-19T09:35:28+00:00\",\"mainEntityOfPage\":{\"@id\":\"https:\\\/\\\/www.csantantoni.com\\\/ca\\\/2025\\\/02\\\/18\\\/com-afrontar-el-dol-en-lentorn-hospitalari\\\/\"},\"wordCount\":618,\"publisher\":{\"@id\":\"https:\\\/\\\/www.csantantoni.com\\\/#organization\"},\"image\":{\"@id\":\"https:\\\/\\\/www.csantantoni.com\\\/ca\\\/2025\\\/02\\\/18\\\/com-afrontar-el-dol-en-lentorn-hospitalari\\\/#primaryimage\"},\"thumbnailUrl\":\"https:\\\/\\\/www.csantantoni.com\\\/wp-content\\\/uploads\\\/2025\\\/02\\\/Duelo-en-entornos-hospitalarios.jpg\",\"keywords\":[\"Barcelona\",\"Clinica Sant Antoni\",\"consells\",\"CSA\",\"Hospital Atenci\u00f3n intermedia\",\"pacients\",\"recomenacions\",\"salut\"],\"articleSection\":[\"Blog\",\"Not\u00edcies\"],\"inLanguage\":\"ca\"},{\"@type\":\"WebPage\",\"@id\":\"https:\\\/\\\/www.csantantoni.com\\\/ca\\\/2025\\\/02\\\/18\\\/com-afrontar-el-dol-en-lentorn-hospitalari\\\/\",\"url\":\"https:\\\/\\\/www.csantantoni.com\\\/ca\\\/2025\\\/02\\\/18\\\/com-afrontar-el-dol-en-lentorn-hospitalari\\\/\",\"name\":\"Com afrontar el dol en l'entorn hospitalari - Cl\u00ednica Sant Antoni\",\"isPartOf\":{\"@id\":\"https:\\\/\\\/www.csantantoni.com\\\/#website\"},\"primaryImageOfPage\":{\"@id\":\"https:\\\/\\\/www.csantantoni.com\\\/ca\\\/2025\\\/02\\\/18\\\/com-afrontar-el-dol-en-lentorn-hospitalari\\\/#primaryimage\"},\"image\":{\"@id\":\"https:\\\/\\\/www.csantantoni.com\\\/ca\\\/2025\\\/02\\\/18\\\/com-afrontar-el-dol-en-lentorn-hospitalari\\\/#primaryimage\"},\"thumbnailUrl\":\"https:\\\/\\\/www.csantantoni.com\\\/wp-content\\\/uploads\\\/2025\\\/02\\\/Duelo-en-entornos-hospitalarios.jpg\",\"datePublished\":\"2025-02-18T13:25:11+00:00\",\"dateModified\":\"2025-02-19T09:35:28+00:00\",\"description\":\"El dol \u00e9s un proc\u00e9s natural despr\u00e9s de la p\u00e8rdua d'un ser estimat, especialment en entorns hospitalaris on la c\u00e0rrega emocional \u00e9s alta.\",\"breadcrumb\":{\"@id\":\"https:\\\/\\\/www.csantantoni.com\\\/ca\\\/2025\\\/02\\\/18\\\/com-afrontar-el-dol-en-lentorn-hospitalari\\\/#breadcrumb\"},\"inLanguage\":\"ca\",\"potentialAction\":[{\"@type\":\"ReadAction\",\"target\":[\"https:\\\/\\\/www.csantantoni.com\\\/ca\\\/2025\\\/02\\\/18\\\/com-afrontar-el-dol-en-lentorn-hospitalari\\\/\"]}]},{\"@type\":\"ImageObject\",\"inLanguage\":\"ca\",\"@id\":\"https:\\\/\\\/www.csantantoni.com\\\/ca\\\/2025\\\/02\\\/18\\\/com-afrontar-el-dol-en-lentorn-hospitalari\\\/#primaryimage\",\"url\":\"https:\\\/\\\/www.csantantoni.com\\\/wp-content\\\/uploads\\\/2025\\\/02\\\/Duelo-en-entornos-hospitalarios.jpg\",\"contentUrl\":\"https:\\\/\\\/www.csantantoni.com\\\/wp-content\\\/uploads\\\/2025\\\/02\\\/Duelo-en-entornos-hospitalarios.jpg\",\"width\":1023,\"height\":1077,\"caption\":\"Duelo-en-entornos-hospitalarios\"},{\"@type\":\"BreadcrumbList\",\"@id\":\"https:\\\/\\\/www.csantantoni.com\\\/ca\\\/2025\\\/02\\\/18\\\/com-afrontar-el-dol-en-lentorn-hospitalari\\\/#breadcrumb\",\"itemListElement\":[{\"@type\":\"ListItem\",\"position\":1,\"name\":\"Portada\",\"item\":\"https:\\\/\\\/www.csantantoni.com\\\/\"},{\"@type\":\"ListItem\",\"position\":2,\"name\":\"Com afrontar el dol en l&#8217;entorn hospitalari\"}]},{\"@type\":\"WebSite\",\"@id\":\"https:\\\/\\\/www.csantantoni.com\\\/#website\",\"url\":\"https:\\\/\\\/www.csantantoni.com\\\/\",\"name\":\"Cl\u00ednica Sant Antoni\",\"description\":\"Web de Cl\u00ednica Sant Antoni\",\"publisher\":{\"@id\":\"https:\\\/\\\/www.csantantoni.com\\\/#organization\"},\"potentialAction\":[{\"@type\":\"SearchAction\",\"target\":{\"@type\":\"EntryPoint\",\"urlTemplate\":\"https:\\\/\\\/www.csantantoni.com\\\/?s={search_term_string}\"},\"query-input\":{\"@type\":\"PropertyValueSpecification\",\"valueRequired\":true,\"valueName\":\"search_term_string\"}}],\"inLanguage\":\"ca\"},{\"@type\":\"Organization\",\"@id\":\"https:\\\/\\\/www.csantantoni.com\\\/#organization\",\"name\":\"Cl\u00ednica Sant Antoni\",\"url\":\"https:\\\/\\\/www.csantantoni.com\\\/\",\"logo\":{\"@type\":\"ImageObject\",\"inLanguage\":\"ca\",\"@id\":\"https:\\\/\\\/www.csantantoni.com\\\/#\\\/schema\\\/logo\\\/image\\\/\",\"url\":\"https:\\\/\\\/www.csantantoni.com\\\/wp-content\\\/uploads\\\/2022\\\/10\\\/clinica-sant-antoni-01.jpg\",\"contentUrl\":\"https:\\\/\\\/www.csantantoni.com\\\/wp-content\\\/uploads\\\/2022\\\/10\\\/clinica-sant-antoni-01.jpg\",\"width\":1980,\"height\":1315,\"caption\":\"Cl\u00ednica Sant Antoni\"},\"image\":{\"@id\":\"https:\\\/\\\/www.csantantoni.com\\\/#\\\/schema\\\/logo\\\/image\\\/\"}},{\"@type\":\"Person\",\"@id\":\"https:\\\/\\\/www.csantantoni.com\\\/#\\\/schema\\\/person\\\/1ac3bacc730030dd4af35da287c58da7\",\"name\":\"maria\",\"image\":{\"@type\":\"ImageObject\",\"inLanguage\":\"ca\",\"@id\":\"https:\\\/\\\/secure.gravatar.com\\\/avatar\\\/6976c4514c3f1e1daef2f5047bdeca80837d6cb7a7b437f151495dbc2b911500?s=96&d=mm&r=g\",\"url\":\"https:\\\/\\\/secure.gravatar.com\\\/avatar\\\/6976c4514c3f1e1daef2f5047bdeca80837d6cb7a7b437f151495dbc2b911500?s=96&d=mm&r=g\",\"contentUrl\":\"https:\\\/\\\/secure.gravatar.com\\\/avatar\\\/6976c4514c3f1e1daef2f5047bdeca80837d6cb7a7b437f151495dbc2b911500?s=96&d=mm&r=g\",\"caption\":\"maria\"},\"url\":\"https:\\\/\\\/www.csantantoni.com\\\/ca\\\/author\\\/maria\\\/\"}]}<\/script>\n<!-- \/ Yoast SEO plugin. -->","yoast_head_json":{"title":"Com afrontar el dol en l'entorn hospitalari - Cl\u00ednica Sant Antoni","description":"El dol \u00e9s un proc\u00e9s natural despr\u00e9s de la p\u00e8rdua d'un ser estimat, especialment en entorns hospitalaris on la c\u00e0rrega emocional \u00e9s alta.","robots":{"index":"index","follow":"follow","max-snippet":"max-snippet:-1","max-image-preview":"max-image-preview:large","max-video-preview":"max-video-preview:-1"},"canonical":"https:\/\/www.csantantoni.com\/ca\/2025\/02\/18\/com-afrontar-el-dol-en-lentorn-hospitalari\/","og_locale":"ca_ES","og_type":"article","og_title":"Com afrontar el dol en l'entorn hospitalari - Cl\u00ednica Sant Antoni","og_description":"El dol \u00e9s un proc\u00e9s natural despr\u00e9s de la p\u00e8rdua d'un ser estimat, especialment en entorns hospitalaris on la c\u00e0rrega emocional \u00e9s alta.","og_url":"https:\/\/www.csantantoni.com\/ca\/2025\/02\/18\/com-afrontar-el-dol-en-lentorn-hospitalari\/","og_site_name":"Cl\u00ednica Sant Antoni","article_published_time":"2025-02-18T13:25:11+00:00","article_modified_time":"2025-02-19T09:35:28+00:00","og_image":[{"width":1023,"height":1077,"url":"https:\/\/www.csantantoni.com\/wp-content\/uploads\/2025\/02\/Duelo-en-entornos-hospitalarios.jpg","type":"image\/jpeg"}],"author":"maria","twitter_card":"summary_large_image","twitter_misc":{"Escrit per":"maria","Temps estimat de lectura":"4 minuts"},"schema":{"@context":"https:\/\/schema.org","@graph":[{"@type":"Article","@id":"https:\/\/www.csantantoni.com\/ca\/2025\/02\/18\/com-afrontar-el-dol-en-lentorn-hospitalari\/#article","isPartOf":{"@id":"https:\/\/www.csantantoni.com\/ca\/2025\/02\/18\/com-afrontar-el-dol-en-lentorn-hospitalari\/"},"author":{"name":"maria","@id":"https:\/\/www.csantantoni.com\/#\/schema\/person\/1ac3bacc730030dd4af35da287c58da7"},"headline":"Com afrontar el dol en l&#8217;entorn hospitalari","datePublished":"2025-02-18T13:25:11+00:00","dateModified":"2025-02-19T09:35:28+00:00","mainEntityOfPage":{"@id":"https:\/\/www.csantantoni.com\/ca\/2025\/02\/18\/com-afrontar-el-dol-en-lentorn-hospitalari\/"},"wordCount":618,"publisher":{"@id":"https:\/\/www.csantantoni.com\/#organization"},"image":{"@id":"https:\/\/www.csantantoni.com\/ca\/2025\/02\/18\/com-afrontar-el-dol-en-lentorn-hospitalari\/#primaryimage"},"thumbnailUrl":"https:\/\/www.csantantoni.com\/wp-content\/uploads\/2025\/02\/Duelo-en-entornos-hospitalarios.jpg","keywords":["Barcelona","Clinica Sant Antoni","consells","CSA","Hospital Atenci\u00f3n intermedia","pacients","recomenacions","salut"],"articleSection":["Blog","Not\u00edcies"],"inLanguage":"ca"},{"@type":"WebPage","@id":"https:\/\/www.csantantoni.com\/ca\/2025\/02\/18\/com-afrontar-el-dol-en-lentorn-hospitalari\/","url":"https:\/\/www.csantantoni.com\/ca\/2025\/02\/18\/com-afrontar-el-dol-en-lentorn-hospitalari\/","name":"Com afrontar el dol en l'entorn hospitalari - Cl\u00ednica Sant Antoni","isPartOf":{"@id":"https:\/\/www.csantantoni.com\/#website"},"primaryImageOfPage":{"@id":"https:\/\/www.csantantoni.com\/ca\/2025\/02\/18\/com-afrontar-el-dol-en-lentorn-hospitalari\/#primaryimage"},"image":{"@id":"https:\/\/www.csantantoni.com\/ca\/2025\/02\/18\/com-afrontar-el-dol-en-lentorn-hospitalari\/#primaryimage"},"thumbnailUrl":"https:\/\/www.csantantoni.com\/wp-content\/uploads\/2025\/02\/Duelo-en-entornos-hospitalarios.jpg","datePublished":"2025-02-18T13:25:11+00:00","dateModified":"2025-02-19T09:35:28+00:00","description":"El dol \u00e9s un proc\u00e9s natural despr\u00e9s de la p\u00e8rdua d'un ser estimat, especialment en entorns hospitalaris on la c\u00e0rrega emocional \u00e9s alta.","breadcrumb":{"@id":"https:\/\/www.csantantoni.com\/ca\/2025\/02\/18\/com-afrontar-el-dol-en-lentorn-hospitalari\/#breadcrumb"},"inLanguage":"ca","potentialAction":[{"@type":"ReadAction","target":["https:\/\/www.csantantoni.com\/ca\/2025\/02\/18\/com-afrontar-el-dol-en-lentorn-hospitalari\/"]}]},{"@type":"ImageObject","inLanguage":"ca","@id":"https:\/\/www.csantantoni.com\/ca\/2025\/02\/18\/com-afrontar-el-dol-en-lentorn-hospitalari\/#primaryimage","url":"https:\/\/www.csantantoni.com\/wp-content\/uploads\/2025\/02\/Duelo-en-entornos-hospitalarios.jpg","contentUrl":"https:\/\/www.csantantoni.com\/wp-content\/uploads\/2025\/02\/Duelo-en-entornos-hospitalarios.jpg","width":1023,"height":1077,"caption":"Duelo-en-entornos-hospitalarios"},{"@type":"BreadcrumbList","@id":"https:\/\/www.csantantoni.com\/ca\/2025\/02\/18\/com-afrontar-el-dol-en-lentorn-hospitalari\/#breadcrumb","itemListElement":[{"@type":"ListItem","position":1,"name":"Portada","item":"https:\/\/www.csantantoni.com\/"},{"@type":"ListItem","position":2,"name":"Com afrontar el dol en l&#8217;entorn hospitalari"}]},{"@type":"WebSite","@id":"https:\/\/www.csantantoni.com\/#website","url":"https:\/\/www.csantantoni.com\/","name":"Cl\u00ednica Sant Antoni","description":"Web de Cl\u00ednica Sant Antoni","publisher":{"@id":"https:\/\/www.csantantoni.com\/#organization"},"potentialAction":[{"@type":"SearchAction","target":{"@type":"EntryPoint","urlTemplate":"https:\/\/www.csantantoni.com\/?s={search_term_string}"},"query-input":{"@type":"PropertyValueSpecification","valueRequired":true,"valueName":"search_term_string"}}],"inLanguage":"ca"},{"@type":"Organization","@id":"https:\/\/www.csantantoni.com\/#organization","name":"Cl\u00ednica Sant Antoni","url":"https:\/\/www.csantantoni.com\/","logo":{"@type":"ImageObject","inLanguage":"ca","@id":"https:\/\/www.csantantoni.com\/#\/schema\/logo\/image\/","url":"https:\/\/www.csantantoni.com\/wp-content\/uploads\/2022\/10\/clinica-sant-antoni-01.jpg","contentUrl":"https:\/\/www.csantantoni.com\/wp-content\/uploads\/2022\/10\/clinica-sant-antoni-01.jpg","width":1980,"height":1315,"caption":"Cl\u00ednica Sant Antoni"},"image":{"@id":"https:\/\/www.csantantoni.com\/#\/schema\/logo\/image\/"}},{"@type":"Person","@id":"https:\/\/www.csantantoni.com\/#\/schema\/person\/1ac3bacc730030dd4af35da287c58da7","name":"maria","image":{"@type":"ImageObject","inLanguage":"ca","@id":"https:\/\/secure.gravatar.com\/avatar\/6976c4514c3f1e1daef2f5047bdeca80837d6cb7a7b437f151495dbc2b911500?s=96&d=mm&r=g","url":"https:\/\/secure.gravatar.com\/avatar\/6976c4514c3f1e1daef2f5047bdeca80837d6cb7a7b437f151495dbc2b911500?s=96&d=mm&r=g","contentUrl":"https:\/\/secure.gravatar.com\/avatar\/6976c4514c3f1e1daef2f5047bdeca80837d6cb7a7b437f151495dbc2b911500?s=96&d=mm&r=g","caption":"maria"},"url":"https:\/\/www.csantantoni.com\/ca\/author\/maria\/"}]}},"_links":{"self":[{"href":"https:\/\/www.csantantoni.com\/ca\/wp-json\/wp\/v2\/posts\/247056","targetHints":{"allow":["GET"]}}],"collection":[{"href":"https:\/\/www.csantantoni.com\/ca\/wp-json\/wp\/v2\/posts"}],"about":[{"href":"https:\/\/www.csantantoni.com\/ca\/wp-json\/wp\/v2\/types\/post"}],"author":[{"embeddable":true,"href":"https:\/\/www.csantantoni.com\/ca\/wp-json\/wp\/v2\/users\/5"}],"replies":[{"embeddable":true,"href":"https:\/\/www.csantantoni.com\/ca\/wp-json\/wp\/v2\/comments?post=247056"}],"version-history":[{"count":6,"href":"https:\/\/www.csantantoni.com\/ca\/wp-json\/wp\/v2\/posts\/247056\/revisions"}],"predecessor-version":[{"id":247066,"href":"https:\/\/www.csantantoni.com\/ca\/wp-json\/wp\/v2\/posts\/247056\/revisions\/247066"}],"wp:featuredmedia":[{"embeddable":true,"href":"https:\/\/www.csantantoni.com\/ca\/wp-json\/wp\/v2\/media\/246901"}],"wp:attachment":[{"href":"https:\/\/www.csantantoni.com\/ca\/wp-json\/wp\/v2\/media?parent=247056"}],"wp:term":[{"taxonomy":"category","embeddable":true,"href":"https:\/\/www.csantantoni.com\/ca\/wp-json\/wp\/v2\/categories?post=247056"},{"taxonomy":"post_tag","embeddable":true,"href":"https:\/\/www.csantantoni.com\/ca\/wp-json\/wp\/v2\/tags?post=247056"}],"curies":[{"name":"wp","href":"https:\/\/api.w.org\/{rel}","templated":true}]}}