{"id":247512,"date":"2025-04-22T14:43:36","date_gmt":"2025-04-22T14:43:36","guid":{"rendered":"https:\/\/www.csantantoni.com\/2025\/04\/22\/salut-emocional-el-pilar-invisible-del-benestar\/"},"modified":"2025-04-22T15:08:10","modified_gmt":"2025-04-22T15:08:10","slug":"salut-emocional-el-pilar-invisible-del-benestar","status":"publish","type":"post","link":"https:\/\/www.csantantoni.com\/ca\/2025\/04\/22\/salut-emocional-el-pilar-invisible-del-benestar\/","title":{"rendered":"Salut emocional: el pilar invisible del benestar"},"content":{"rendered":"\n<figure class=\"wp-block-image size-large\"><img loading=\"lazy\" decoding=\"async\" width=\"1024\" height=\"310\" src=\"https:\/\/www.csantantoni.com\/wp-content\/uploads\/2025\/04\/Cuidar-las-emociones--1024x310.png\" alt=\"cuidar els emocionis, cuidar la vida\" class=\"wp-image-247456\" srcset=\"https:\/\/www.csantantoni.com\/wp-content\/uploads\/2025\/04\/Cuidar-las-emociones--980x297.png 980w, https:\/\/www.csantantoni.com\/wp-content\/uploads\/2025\/04\/Cuidar-las-emociones--480x145.png 480w\" sizes=\"(min-width: 0px) and (max-width: 480px) 480px, (min-width: 481px) and (max-width: 980px) 980px, (min-width: 981px) 1024px, 100vw\" \/><\/figure>\n\n<p><\/p>\n\n<p class=\"has-black-color has-text-color has-link-color wp-elements-7e6f239388ca9a07466cf27c3ff07845\" style=\"font-size:18px;text-transform:none\"><div class=\"traductor-textarea form-group\">&#13;\n<div class=\"textarea-desti col-xs-12 col-sm-6\">&#13;\n<div class=\"form-control second-textarea\"><strong>La salut<\/strong> no \u00e9s nom\u00e9s l&#8217;abs\u00e8ncia de malaltia. <strong>\u00c9s un estat de benestar f\u00edsic, emocional i social.<\/strong> Aquesta \u00e9s la definici\u00f3 que promou l&#8217;Organitzaci\u00f3 Mundial de la Salut, i que en la Cl\u00ednica Sant Antoni compartim plenament.<\/div><br\/><\/div><br\/><\/div><br\/><div class=\"traductor-checkbox form-group\">&#13;\n<div class=\"row\">&#13;\n<div class=\"col-sm-offset-2 col-sm-5\">\u00a0<\/div><br\/><\/div><br\/><\/div><\/p>\n\n<p class=\"has-black-color has-text-color has-link-color wp-elements-e4641b2485c4fb432aac5d2ff8131dbf\" style=\"font-size:17px\">Per\u00f2, qu\u00e8 ocorre quan el malestar no es veu?<\/p>\n\n<p class=\"has-black-color has-text-color has-link-color wp-elements-2e0debb1dc50840db81c0f9f75a99e72\" style=\"font-size:17px\"><div class=\"traductor-textarea form-group\">&#13;\n<div class=\"textarea-desti col-xs-12 col-sm-6\">&#13;\n<div class=\"form-control second-textarea\">Quan no hi ha una ferida, ni una fractura, ni una infecci\u00f3. <strong>La salut emocional \u00e9s un dels grans reptes del nostre temps, i al mateix temps<\/strong>, una gran oportunitat per a cuidar-nos millor.<\/div><br\/><\/div><br\/><\/div><br\/><div class=\"traductor-checkbox form-group\">&#13;\n<div class=\"row\">&#13;\n<div class=\"col-sm-offset-2 col-sm-5\">\u00a0<\/div><br\/><\/div><br\/><\/div><\/p>\n\n<h2 class=\"wp-block-heading has-text-color has-link-color wp-elements-6a5754c640e52659222cec7f172f7c90\" style=\"color:#905959;font-size:22px;font-style:normal;font-weight:700\">Escoltar com ens sentim: el primer pas<\/h2>\n\n<p class=\"has-black-color has-text-color has-link-color wp-elements-afb7a875501da44ecdf791655c1e3bc2\" style=\"font-size:17px\">Moltes persones conviuen amb l&#8217;ansietat, la tristesa, la por o l&#8217;estr\u00e8s de manera cr\u00f2nica. Ho normalitzen. Ho amaguen. Ho silencien. A vegades per falta de temps, d&#8217;espai, o per no voler preocupar als altres.<br\/><\/p>\n\n<p class=\"has-black-color has-text-color has-link-color wp-elements-9838a698fd5adfc3f13bccc3251a5ec3\" style=\"font-size:17px\"><div class=\"traductor-textarea form-group\">&#13;\n<div class=\"textarea-desti col-xs-12 col-sm-6\">&#13;\n<div class=\"form-control second-textarea\"><strong>Per\u00f2 les emocions no desapareixen: s&#8217;expressen a trav\u00e9s del cos, de les relacions, del cansament acumulat o de la falta de motivaci\u00f3.<\/strong><\/div><br\/><\/div><br\/><\/div><br\/><div class=\"traductor-checkbox form-group\">&#13;\n<div class=\"row\">&#13;\n<div class=\"col-sm-offset-2 col-sm-5\">\u00a0<\/div><br\/><\/div><br\/><\/div><\/p>\n\n<p class=\"has-black-color has-text-color has-link-color wp-elements-ed4be077a392991219be1195e550db8a\" style=\"font-size:17px\">En la Cl\u00ednica Sant Antoni creiem que posar nom al que sentim \u00e9s el primer pas per a poder transformar-ho. Per aix\u00f2 oferim espais de suport emocional tant als pacients com a les seves fam\u00edlies.<br\/><\/p>\n\n<figure class=\"wp-block-image aligncenter size-full is-resized\"><img loading=\"lazy\" decoding=\"async\" width=\"940\" height=\"788\" src=\"https:\/\/www.csantantoni.com\/wp-content\/uploads\/2025\/04\/salud-emocional.png\" alt=\"salut emocional\" class=\"wp-image-247458\" style=\"width:561px;height:auto\" srcset=\"https:\/\/www.csantantoni.com\/wp-content\/uploads\/2025\/04\/salud-emocional.png 940w, https:\/\/www.csantantoni.com\/wp-content\/uploads\/2025\/04\/salud-emocional-480x402.png 480w\" sizes=\"(min-width: 0px) and (max-width: 480px) 480px, (min-width: 481px) 940px, 100vw\" \/><\/figure>\n\n<h2 class=\"wp-block-heading has-text-color has-link-color wp-elements-67c0b68439cff593d9bcc1f3a81d9acf\" style=\"color:#905959;font-size:22px;font-style:normal;font-weight:700\">Acompanyar \u00e9s cuidar<\/h2>\n\n<p class=\"has-black-color has-text-color has-link-color wp-elements-c493794b1617c81dde7c532fd255c703\" style=\"font-size:17px\">El nostre equip acompanya cada dia a persones que viuen situacions complexes: diagn\u00f2stics que remouen, p\u00e8rdues que costen d&#8217;assumir, canvis de vida que obliguen a reorganitzar prioritats.<br\/><\/p>\n\n<p class=\"has-black-color has-text-color has-link-color wp-elements-1a1a49f0449851dbca492a36b9db1779\" style=\"font-size:17px\"><div class=\"traductor-textarea form-group\">&#13;\n<div class=\"textarea-desti col-xs-12 col-sm-6\">&#13;\n<div class=\"form-control second-textarea\"><strong>Ser presents, amb humanitat i respecte, forma part de la nostra manera de cuidar.<\/strong> A vegades no fan falta grans paraules, sin\u00f3 una pres\u00e8ncia sincera, una mirada pr\u00f2xima o un gest amable.<\/div><br\/><\/div><br\/><\/div><br\/><div class=\"traductor-checkbox form-group\">&#13;\n<div class=\"row\">&#13;\n<div class=\"col-sm-offset-2 col-sm-5\">\u00a0<\/div><br\/><\/div><br\/><\/div><\/p>\n\n<p class=\"has-black-color has-text-color has-link-color wp-elements-59ebfab63a1603c283adcf4e8467b483\" style=\"font-size:17px\"><\/p>\n\n<figure class=\"wp-block-image aligncenter size-full is-resized\"><img loading=\"lazy\" decoding=\"async\" width=\"940\" height=\"788\" src=\"https:\/\/www.csantantoni.com\/wp-content\/uploads\/2025\/04\/Salud-emocional-2.png\" alt=\"salut emocional\" class=\"wp-image-247462\" style=\"width:576px;height:auto\" srcset=\"https:\/\/www.csantantoni.com\/wp-content\/uploads\/2025\/04\/Salud-emocional-2.png 940w, https:\/\/www.csantantoni.com\/wp-content\/uploads\/2025\/04\/Salud-emocional-2-480x402.png 480w\" sizes=\"(min-width: 0px) and (max-width: 480px) 480px, (min-width: 481px) 940px, 100vw\" \/><\/figure>\n\n<p class=\"has-black-color has-text-color has-link-color wp-elements-4022e0bb845d7cc22e1475740bdab338\" style=\"font-size:17px\"><\/p>\n\n<h2 class=\"wp-block-heading has-text-color has-link-color wp-elements-8714067ed33d1a2efb95432040f6c4f8\" style=\"color:#905959;font-size:22px;font-style:normal;font-weight:700\">El ioga com a eina de benestar emocional<\/h2>\n\n<p class=\"has-black-color has-text-color has-link-color wp-elements-e635566203cf769b3698cf001d5f5736\" style=\"font-size:17px\"><div class=\"traductor-textarea form-group\">&#13;\n<div class=\"textarea-desti col-xs-12 col-sm-6\">&#13;\n<div class=\"form-control second-textarea\">A la <a href=\"http:\/\/www.csantantoni.com\"><strong>Cl\u00ednica Sant Antoni<\/strong><\/a> promovem el ioga com una eina \u00fatil per a gestionar emocions i reconnectar amb un mateix.<\/div><br\/><\/div><br\/><\/div><br\/><div class=\"traductor-checkbox form-group\">&#13;\n<div class=\"row\">&#13;\n<div class=\"col-sm-offset-2 col-sm-5\">\u00a0<\/div><br\/><\/div><br\/><\/div><\/p>\n\n<p class=\"has-black-color has-text-color has-link-color wp-elements-1886edbbf30f85a4b62f2e2d49a07a91\" style=\"font-size:17px\"><div class=\"traductor-textarea form-group\">&#13;\n<div class=\"textarea-desti col-xs-12 col-sm-6\">&#13;\n<div class=\"form-control second-textarea\"><strong>Oferim classes de ioga adaptat gratu\u00eftes per a pacients, amb moviments suaus, centrats en la respiraci\u00f3 i en la presa de consci\u00e8ncia corporal.<\/strong><\/div><br\/><\/div><br\/><\/div><br\/><div class=\"traductor-checkbox form-group\">&#13;\n<div class=\"row\">&#13;\n<div class=\"col-sm-offset-2 col-sm-5\">\u00a0<\/div><br\/><\/div><br\/><\/div><\/p>\n\n<p class=\"has-black-color has-text-color has-link-color wp-elements-6fb8aaf53a5fc030039280268a1d06a3\" style=\"font-size:17px\">El ioga no sols millora la mobilitat i redueix el dolor f\u00edsic, sin\u00f3 que tamb\u00e9 ajuda a calmar la ment, reduir l&#8217;estr\u00e8s i conrear una actitud m\u00e9s amable cap a un mateix.<br\/><\/p>\n\n<figure class=\"wp-block-image aligncenter size-full is-resized\"><img loading=\"lazy\" decoding=\"async\" width=\"940\" height=\"788\" src=\"https:\/\/www.csantantoni.com\/wp-content\/uploads\/2025\/04\/yoga.png\" alt=\"ioga\" class=\"wp-image-247471\" style=\"width:591px;height:auto\" srcset=\"https:\/\/www.csantantoni.com\/wp-content\/uploads\/2025\/04\/yoga.png 940w, https:\/\/www.csantantoni.com\/wp-content\/uploads\/2025\/04\/yoga-480x402.png 480w\" sizes=\"(min-width: 0px) and (max-width: 480px) 480px, (min-width: 481px) 940px, 100vw\" \/><\/figure>\n\n<p class=\"has-text-color has-link-color wp-elements-6ee064e9320beeae0f167146176ff65e\" style=\"color:#905959;font-size:22px;font-style:normal;font-weight:900\"><div class=\"traductor-textarea form-group\">&#13;\n<div class=\"textarea-desti col-xs-12 col-sm-6\">&#13;\n<div class=\"form-control second-textarea\">Petits h\u00e0bits, grans canvis<\/div><br\/><\/div><br\/><\/div><br\/><div class=\"traductor-checkbox form-group\">&#13;\n<div class=\"row\">&#13;\n<div class=\"col-sm-offset-2 col-sm-5\">\u00a0<\/div><br\/><\/div><br\/><\/div><\/p>\n\n<p class=\"has-black-color has-text-color has-link-color wp-elements-b17d4dd512f353803fb89e26f861566e\" style=\"font-size:17px\">Aqu\u00ed tens alguns consells del nostre equip per a cuidar la salut emocional en el dia a dia:<br\/><\/p>\n\n<ul style=\"font-size:17px\" class=\"wp-block-list has-black-color has-text-color has-link-color wp-elements-3591fd2e1ba2e03ab3f7201cd8c583b6\">\n<li style=\"font-size:17px\"><div class=\"traductor-textarea form-group\">&#13;\n<div class=\"textarea-desti col-xs-12 col-sm-6\">&#13;\n<div class=\"form-control second-textarea\"><strong>Desconnecta per a reconnectar:<\/strong> busca moments sense pantalles, encara que nom\u00e9s siguin 10 minuts al dia.<\/div><br\/><\/div><br\/><\/div><br\/><div class=\"traductor-checkbox form-group\">&#13;\n<div class=\"row\">&#13;\n<div class=\"col-sm-offset-2 col-sm-5\">\u00a0<\/div><br\/><\/div><br\/><\/div><\/li>\n\n\n\n<li style=\"font-size:17px\"><div class=\"traductor-textarea form-group\">&#13;\n<div class=\"textarea-desti col-xs-12 col-sm-6\">&#13;\n<div class=\"form-control second-textarea\"><strong>Respira profundament:<\/strong> unes respiracions lentes i conscients poden ajudar-te a calmar el sistema nervi\u00f3s.<\/div><br\/><\/div><br\/><\/div><br\/><div class=\"traductor-checkbox form-group\">&#13;\n<div class=\"row\">&#13;\n<div class=\"col-sm-offset-2 col-sm-5\">\u00a0<\/div><br\/><\/div><br\/><\/div><\/li>\n\n\n\n<li style=\"font-size:17px\"><div class=\"traductor-textarea form-group\">&#13;\n<div class=\"textarea-desti col-xs-12 col-sm-6\">&#13;\n<div class=\"form-control second-textarea\"><strong>Parla amb alg\u00fa:<\/strong> compartir com et sents alleuja.<\/div><br\/><\/div><br\/><\/div><br\/><div class=\"traductor-checkbox form-group\">&#13;\n<div class=\"row\">&#13;\n<div class=\"col-sm-offset-2 col-sm-5\">\u00a0<\/div><br\/><\/div><br\/><\/div><\/li>\n\n\n\n<li style=\"font-size:17px\"><div class=\"traductor-textarea form-group\">&#13;\n<div class=\"textarea-desti col-xs-12 col-sm-6\">&#13;\n<div class=\"form-control second-textarea\"><strong>Mou-te:<\/strong> l&#8217;activitat f\u00edsica, encara que sigui suau, genera benestar emocional i millora l&#8217;\u00e0nim.<\/div><br\/><\/div><br\/><\/div><br\/><div class=\"traductor-checkbox form-group\">&#13;\n<div class=\"row\">&#13;\n<div class=\"col-sm-offset-2 col-sm-5\">\u00a0<\/div><br\/><\/div><br\/><\/div><\/li>\n\n\n\n<li style=\"font-size:17px\"><div class=\"traductor-textarea form-group\">&#13;\n<div class=\"textarea-desti col-xs-12 col-sm-6\">&#13;\n<div class=\"form-control second-textarea\"><strong>Cuida&#8217;t amb amabilitat:<\/strong> tracta&#8217;t com tractaries a alg\u00fa a qui vols. Sense exig\u00e8ncies innecess\u00e0ries.<\/div><br\/><\/div><br\/><\/div><br\/><div class=\"traductor-checkbox form-group\">&#13;\n<div class=\"row\">&#13;\n<div class=\"col-sm-offset-2 col-sm-5\">\u00a0<\/div><br\/><\/div><br\/><\/div><\/li>\n<\/ul>\n\n<figure class=\"wp-block-image aligncenter size-full is-resized\"><img loading=\"lazy\" decoding=\"async\" width=\"940\" height=\"788\" src=\"https:\/\/www.csantantoni.com\/wp-content\/uploads\/2025\/04\/habitos.png\" alt=\"h&#xE0;bits\" class=\"wp-image-247464\" style=\"width:548px;height:auto\" srcset=\"https:\/\/www.csantantoni.com\/wp-content\/uploads\/2025\/04\/habitos.png 940w, https:\/\/www.csantantoni.com\/wp-content\/uploads\/2025\/04\/habitos-480x402.png 480w\" sizes=\"(min-width: 0px) and (max-width: 480px) 480px, (min-width: 481px) 940px, 100vw\" \/><\/figure>\n\n<h2 class=\"wp-block-heading has-text-color has-link-color wp-elements-bd4acff1c2b30ebfc6070e246f9521a1\" style=\"color:#905959;font-size:22px;font-style:normal;font-weight:900\"><div class=\"traductor-textarea form-group\">&#13;\n<div class=\"textarea-desti col-xs-12 col-sm-6\">&#13;\n<div class=\"form-control second-textarea\"><strong>A Sant Antoni, la salut emocional importa<\/strong><\/div><br\/><\/div><br\/><\/div><br\/><div class=\"traductor-checkbox form-group\">&#13;\n<div class=\"row\">&#13;\n<div class=\"col-sm-offset-2 col-sm-5\">\u00a0<\/div><br\/><\/div><br\/><\/div><\/h2>\n\n<p class=\"has-black-color has-text-color has-link-color wp-elements-6faf81df745445d5686667acc9e54210\" style=\"font-size:17px\">En la Cl\u00ednica Sant Antoni no sols mirem els s\u00edmptomes, mirem a la persona. Apostem per una medicina m\u00e9s humana, m\u00e9s integral i m\u00e9s respectuosa amb els ritmes de vida.<br\/><\/p>\n\n<p class=\"has-black-color has-text-color has-link-color wp-elements-a062a6aa3509815f7d84bc67e94cc785\" style=\"font-size:17px;text-decoration:underline\"><div class=\"traductor-textarea form-group\">&#13;\n<div class=\"textarea-desti col-xs-12 col-sm-6\">&#13;\n<div class=\"form-control second-textarea\"><strong>Perqu\u00e8 cuidar la salut emocional no \u00e9s un luxe: \u00e9s essencial.<\/strong><\/div><br\/><\/div><br\/><\/div><br\/><div class=\"traductor-checkbox form-group\">&#13;\n<div class=\"row\">&#13;\n<div class=\"col-sm-offset-2 col-sm-5\">\u00a0<\/div><br\/><\/div><br\/><\/div><\/p>\n\n<p class=\"has-black-color has-text-color has-link-color wp-elements-73deebfd13a5e10b1b0102a32bfede20\" style=\"font-size:19px\"><div class=\"traductor-textarea form-group\">&#13;\n<div class=\"textarea-desti col-xs-12 col-sm-6\">&#13;\n<div class=\"form-control second-textarea\"><em><strong>Ens cuidem per a cuidar.<\/strong><\/em><\/div><br\/><\/div><br\/><\/div><br\/><div class=\"traductor-checkbox form-group\">&#13;\n<div class=\"row\">&#13;\n<div class=\"col-sm-offset-2 col-sm-5\">\u00a0<\/div><br\/><\/div><br\/><\/div><\/p>\n","protected":false},"excerpt":{"rendered":"<p>&#13; &#13; La salut no \u00e9s nom\u00e9s l&#8217;abs\u00e8ncia de malaltia. \u00c9s un estat de benestar f\u00edsic, emocional i social. Aquesta \u00e9s la definici\u00f3 que promou l&#8217;Organitzaci\u00f3 Mundial de la Salut, i que en la Cl\u00ednica Sant Antoni compartim plenament. &#13; &#13; \u00a0 Per\u00f2, qu\u00e8 ocorre quan el malestar no es veu? &#13; &#13; Quan no [&hellip;]<\/p>\n","protected":false},"author":5,"featured_media":247465,"comment_status":"closed","ping_status":"closed","sticky":false,"template":"","format":"standard","meta":{"_et_pb_use_builder":"off","_et_pb_old_content":"","_et_gb_content_width":"","footnotes":""},"categories":[348,67],"tags":[220,164,381,336,378,299,380,80,382,245,379],"class_list":["post-247512","post","type-post","status-publish","format-standard","has-post-thumbnail","hentry","category-blog-ca","category-noticies","tag-benestar","tag-clinica-sant-antoni-ca","tag-habits","tag-hospital-ca","tag-hospital-atencio-intermedia-ca","tag-ioga","tag-ioga-adaptat","tag-recomenacions","tag-respiracio","tag-salut-ca","tag-salut-emocional-ca"],"yoast_head":"<!-- This site is optimized with the Yoast SEO plugin v27.5 - https:\/\/yoast.com\/product\/yoast-seo-wordpress\/ -->\n<title>Salut emocional: el pilar invisible del benestar - Cl\u00ednica Sant Antoni<\/title>\n<meta name=\"description\" content=\"La salut emocional \u00e9s un dels grans reptes del nostre temps, i al mateix temps, una gran oportunitat per a cuidar-nos millor.\" \/>\n<meta name=\"robots\" content=\"index, follow, max-snippet:-1, max-image-preview:large, max-video-preview:-1\" \/>\n<link rel=\"canonical\" href=\"https:\/\/www.csantantoni.com\/ca\/2025\/04\/22\/salut-emocional-el-pilar-invisible-del-benestar\/\" \/>\n<meta property=\"og:locale\" content=\"ca_ES\" \/>\n<meta property=\"og:type\" content=\"article\" \/>\n<meta property=\"og:title\" content=\"Salut emocional: el pilar invisible del benestar - Cl\u00ednica Sant Antoni\" \/>\n<meta property=\"og:description\" content=\"La salut emocional \u00e9s un dels grans reptes del nostre temps, i al mateix temps, una gran oportunitat per a cuidar-nos millor.\" \/>\n<meta property=\"og:url\" content=\"https:\/\/www.csantantoni.com\/ca\/2025\/04\/22\/salut-emocional-el-pilar-invisible-del-benestar\/\" \/>\n<meta property=\"og:site_name\" content=\"Cl\u00ednica Sant Antoni\" \/>\n<meta property=\"article:published_time\" content=\"2025-04-22T14:43:36+00:00\" \/>\n<meta property=\"article:modified_time\" content=\"2025-04-22T15:08:10+00:00\" \/>\n<meta property=\"og:image\" content=\"https:\/\/www.csantantoni.com\/wp-content\/uploads\/2025\/04\/habitos.png\" \/>\n\t<meta property=\"og:image:width\" content=\"940\" \/>\n\t<meta property=\"og:image:height\" content=\"788\" \/>\n\t<meta property=\"og:image:type\" content=\"image\/png\" \/>\n<meta name=\"author\" content=\"maria\" \/>\n<meta name=\"twitter:card\" content=\"summary_large_image\" \/>\n<meta name=\"twitter:label1\" content=\"Escrit per\" \/>\n\t<meta name=\"twitter:data1\" content=\"maria\" \/>\n\t<meta name=\"twitter:label2\" content=\"Temps estimat de lectura\" \/>\n\t<meta name=\"twitter:data2\" content=\"2 minuts\" \/>\n<script type=\"application\/ld+json\" class=\"yoast-schema-graph\">{\"@context\":\"https:\\\/\\\/schema.org\",\"@graph\":[{\"@type\":\"Article\",\"@id\":\"https:\\\/\\\/www.csantantoni.com\\\/ca\\\/2025\\\/04\\\/22\\\/salut-emocional-el-pilar-invisible-del-benestar\\\/#article\",\"isPartOf\":{\"@id\":\"https:\\\/\\\/www.csantantoni.com\\\/ca\\\/2025\\\/04\\\/22\\\/salut-emocional-el-pilar-invisible-del-benestar\\\/\"},\"author\":{\"name\":\"maria\",\"@id\":\"https:\\\/\\\/www.csantantoni.com\\\/#\\\/schema\\\/person\\\/1ac3bacc730030dd4af35da287c58da7\"},\"headline\":\"Salut emocional: el pilar invisible del benestar\",\"datePublished\":\"2025-04-22T14:43:36+00:00\",\"dateModified\":\"2025-04-22T15:08:10+00:00\",\"mainEntityOfPage\":{\"@id\":\"https:\\\/\\\/www.csantantoni.com\\\/ca\\\/2025\\\/04\\\/22\\\/salut-emocional-el-pilar-invisible-del-benestar\\\/\"},\"wordCount\":512,\"publisher\":{\"@id\":\"https:\\\/\\\/www.csantantoni.com\\\/#organization\"},\"image\":{\"@id\":\"https:\\\/\\\/www.csantantoni.com\\\/ca\\\/2025\\\/04\\\/22\\\/salut-emocional-el-pilar-invisible-del-benestar\\\/#primaryimage\"},\"thumbnailUrl\":\"https:\\\/\\\/www.csantantoni.com\\\/wp-content\\\/uploads\\\/2025\\\/04\\\/habitos.png\",\"keywords\":[\"BENESTAR\",\"Clinica Sant Antoni\",\"h\u00e1bits\",\"hospital\",\"Hospital Atenci\u00f3 interm\u00e8dia\",\"ioga\",\"ioga adaptat\",\"recomenacions\",\"respiraci\u00f3\",\"Salut\",\"Salut emocional\"],\"articleSection\":[\"Blog\",\"Not\u00edcies\"],\"inLanguage\":\"ca\"},{\"@type\":\"WebPage\",\"@id\":\"https:\\\/\\\/www.csantantoni.com\\\/ca\\\/2025\\\/04\\\/22\\\/salut-emocional-el-pilar-invisible-del-benestar\\\/\",\"url\":\"https:\\\/\\\/www.csantantoni.com\\\/ca\\\/2025\\\/04\\\/22\\\/salut-emocional-el-pilar-invisible-del-benestar\\\/\",\"name\":\"Salut emocional: el pilar invisible del benestar - Cl\u00ednica Sant Antoni\",\"isPartOf\":{\"@id\":\"https:\\\/\\\/www.csantantoni.com\\\/#website\"},\"primaryImageOfPage\":{\"@id\":\"https:\\\/\\\/www.csantantoni.com\\\/ca\\\/2025\\\/04\\\/22\\\/salut-emocional-el-pilar-invisible-del-benestar\\\/#primaryimage\"},\"image\":{\"@id\":\"https:\\\/\\\/www.csantantoni.com\\\/ca\\\/2025\\\/04\\\/22\\\/salut-emocional-el-pilar-invisible-del-benestar\\\/#primaryimage\"},\"thumbnailUrl\":\"https:\\\/\\\/www.csantantoni.com\\\/wp-content\\\/uploads\\\/2025\\\/04\\\/habitos.png\",\"datePublished\":\"2025-04-22T14:43:36+00:00\",\"dateModified\":\"2025-04-22T15:08:10+00:00\",\"description\":\"La salut emocional \u00e9s un dels grans reptes del nostre temps, i al mateix temps, una gran oportunitat per a cuidar-nos millor.\",\"breadcrumb\":{\"@id\":\"https:\\\/\\\/www.csantantoni.com\\\/ca\\\/2025\\\/04\\\/22\\\/salut-emocional-el-pilar-invisible-del-benestar\\\/#breadcrumb\"},\"inLanguage\":\"ca\",\"potentialAction\":[{\"@type\":\"ReadAction\",\"target\":[\"https:\\\/\\\/www.csantantoni.com\\\/ca\\\/2025\\\/04\\\/22\\\/salut-emocional-el-pilar-invisible-del-benestar\\\/\"]}]},{\"@type\":\"ImageObject\",\"inLanguage\":\"ca\",\"@id\":\"https:\\\/\\\/www.csantantoni.com\\\/ca\\\/2025\\\/04\\\/22\\\/salut-emocional-el-pilar-invisible-del-benestar\\\/#primaryimage\",\"url\":\"https:\\\/\\\/www.csantantoni.com\\\/wp-content\\\/uploads\\\/2025\\\/04\\\/habitos.png\",\"contentUrl\":\"https:\\\/\\\/www.csantantoni.com\\\/wp-content\\\/uploads\\\/2025\\\/04\\\/habitos.png\",\"width\":940,\"height\":788,\"caption\":\"habitos\"},{\"@type\":\"BreadcrumbList\",\"@id\":\"https:\\\/\\\/www.csantantoni.com\\\/ca\\\/2025\\\/04\\\/22\\\/salut-emocional-el-pilar-invisible-del-benestar\\\/#breadcrumb\",\"itemListElement\":[{\"@type\":\"ListItem\",\"position\":1,\"name\":\"Portada\",\"item\":\"https:\\\/\\\/www.csantantoni.com\\\/\"},{\"@type\":\"ListItem\",\"position\":2,\"name\":\"Salut emocional: el pilar invisible del benestar\"}]},{\"@type\":\"WebSite\",\"@id\":\"https:\\\/\\\/www.csantantoni.com\\\/#website\",\"url\":\"https:\\\/\\\/www.csantantoni.com\\\/\",\"name\":\"Cl\u00ednica Sant Antoni\",\"description\":\"Web de Cl\u00ednica Sant Antoni\",\"publisher\":{\"@id\":\"https:\\\/\\\/www.csantantoni.com\\\/#organization\"},\"potentialAction\":[{\"@type\":\"SearchAction\",\"target\":{\"@type\":\"EntryPoint\",\"urlTemplate\":\"https:\\\/\\\/www.csantantoni.com\\\/?s={search_term_string}\"},\"query-input\":{\"@type\":\"PropertyValueSpecification\",\"valueRequired\":true,\"valueName\":\"search_term_string\"}}],\"inLanguage\":\"ca\"},{\"@type\":\"Organization\",\"@id\":\"https:\\\/\\\/www.csantantoni.com\\\/#organization\",\"name\":\"Cl\u00ednica Sant Antoni\",\"url\":\"https:\\\/\\\/www.csantantoni.com\\\/\",\"logo\":{\"@type\":\"ImageObject\",\"inLanguage\":\"ca\",\"@id\":\"https:\\\/\\\/www.csantantoni.com\\\/#\\\/schema\\\/logo\\\/image\\\/\",\"url\":\"https:\\\/\\\/www.csantantoni.com\\\/wp-content\\\/uploads\\\/2022\\\/10\\\/clinica-sant-antoni-01.jpg\",\"contentUrl\":\"https:\\\/\\\/www.csantantoni.com\\\/wp-content\\\/uploads\\\/2022\\\/10\\\/clinica-sant-antoni-01.jpg\",\"width\":1980,\"height\":1315,\"caption\":\"Cl\u00ednica Sant Antoni\"},\"image\":{\"@id\":\"https:\\\/\\\/www.csantantoni.com\\\/#\\\/schema\\\/logo\\\/image\\\/\"}},{\"@type\":\"Person\",\"@id\":\"https:\\\/\\\/www.csantantoni.com\\\/#\\\/schema\\\/person\\\/1ac3bacc730030dd4af35da287c58da7\",\"name\":\"maria\",\"image\":{\"@type\":\"ImageObject\",\"inLanguage\":\"ca\",\"@id\":\"https:\\\/\\\/secure.gravatar.com\\\/avatar\\\/6976c4514c3f1e1daef2f5047bdeca80837d6cb7a7b437f151495dbc2b911500?s=96&d=mm&r=g\",\"url\":\"https:\\\/\\\/secure.gravatar.com\\\/avatar\\\/6976c4514c3f1e1daef2f5047bdeca80837d6cb7a7b437f151495dbc2b911500?s=96&d=mm&r=g\",\"contentUrl\":\"https:\\\/\\\/secure.gravatar.com\\\/avatar\\\/6976c4514c3f1e1daef2f5047bdeca80837d6cb7a7b437f151495dbc2b911500?s=96&d=mm&r=g\",\"caption\":\"maria\"},\"url\":\"https:\\\/\\\/www.csantantoni.com\\\/ca\\\/author\\\/maria\\\/\"}]}<\/script>\n<!-- \/ Yoast SEO plugin. -->","yoast_head_json":{"title":"Salut emocional: el pilar invisible del benestar - Cl\u00ednica Sant Antoni","description":"La salut emocional \u00e9s un dels grans reptes del nostre temps, i al mateix temps, una gran oportunitat per a cuidar-nos millor.","robots":{"index":"index","follow":"follow","max-snippet":"max-snippet:-1","max-image-preview":"max-image-preview:large","max-video-preview":"max-video-preview:-1"},"canonical":"https:\/\/www.csantantoni.com\/ca\/2025\/04\/22\/salut-emocional-el-pilar-invisible-del-benestar\/","og_locale":"ca_ES","og_type":"article","og_title":"Salut emocional: el pilar invisible del benestar - Cl\u00ednica Sant Antoni","og_description":"La salut emocional \u00e9s un dels grans reptes del nostre temps, i al mateix temps, una gran oportunitat per a cuidar-nos millor.","og_url":"https:\/\/www.csantantoni.com\/ca\/2025\/04\/22\/salut-emocional-el-pilar-invisible-del-benestar\/","og_site_name":"Cl\u00ednica Sant Antoni","article_published_time":"2025-04-22T14:43:36+00:00","article_modified_time":"2025-04-22T15:08:10+00:00","og_image":[{"width":940,"height":788,"url":"https:\/\/www.csantantoni.com\/wp-content\/uploads\/2025\/04\/habitos.png","type":"image\/png"}],"author":"maria","twitter_card":"summary_large_image","twitter_misc":{"Escrit per":"maria","Temps estimat de lectura":"2 minuts"},"schema":{"@context":"https:\/\/schema.org","@graph":[{"@type":"Article","@id":"https:\/\/www.csantantoni.com\/ca\/2025\/04\/22\/salut-emocional-el-pilar-invisible-del-benestar\/#article","isPartOf":{"@id":"https:\/\/www.csantantoni.com\/ca\/2025\/04\/22\/salut-emocional-el-pilar-invisible-del-benestar\/"},"author":{"name":"maria","@id":"https:\/\/www.csantantoni.com\/#\/schema\/person\/1ac3bacc730030dd4af35da287c58da7"},"headline":"Salut emocional: el pilar invisible del benestar","datePublished":"2025-04-22T14:43:36+00:00","dateModified":"2025-04-22T15:08:10+00:00","mainEntityOfPage":{"@id":"https:\/\/www.csantantoni.com\/ca\/2025\/04\/22\/salut-emocional-el-pilar-invisible-del-benestar\/"},"wordCount":512,"publisher":{"@id":"https:\/\/www.csantantoni.com\/#organization"},"image":{"@id":"https:\/\/www.csantantoni.com\/ca\/2025\/04\/22\/salut-emocional-el-pilar-invisible-del-benestar\/#primaryimage"},"thumbnailUrl":"https:\/\/www.csantantoni.com\/wp-content\/uploads\/2025\/04\/habitos.png","keywords":["BENESTAR","Clinica Sant Antoni","h\u00e1bits","hospital","Hospital Atenci\u00f3 interm\u00e8dia","ioga","ioga adaptat","recomenacions","respiraci\u00f3","Salut","Salut emocional"],"articleSection":["Blog","Not\u00edcies"],"inLanguage":"ca"},{"@type":"WebPage","@id":"https:\/\/www.csantantoni.com\/ca\/2025\/04\/22\/salut-emocional-el-pilar-invisible-del-benestar\/","url":"https:\/\/www.csantantoni.com\/ca\/2025\/04\/22\/salut-emocional-el-pilar-invisible-del-benestar\/","name":"Salut emocional: el pilar invisible del benestar - Cl\u00ednica Sant Antoni","isPartOf":{"@id":"https:\/\/www.csantantoni.com\/#website"},"primaryImageOfPage":{"@id":"https:\/\/www.csantantoni.com\/ca\/2025\/04\/22\/salut-emocional-el-pilar-invisible-del-benestar\/#primaryimage"},"image":{"@id":"https:\/\/www.csantantoni.com\/ca\/2025\/04\/22\/salut-emocional-el-pilar-invisible-del-benestar\/#primaryimage"},"thumbnailUrl":"https:\/\/www.csantantoni.com\/wp-content\/uploads\/2025\/04\/habitos.png","datePublished":"2025-04-22T14:43:36+00:00","dateModified":"2025-04-22T15:08:10+00:00","description":"La salut emocional \u00e9s un dels grans reptes del nostre temps, i al mateix temps, una gran oportunitat per a cuidar-nos millor.","breadcrumb":{"@id":"https:\/\/www.csantantoni.com\/ca\/2025\/04\/22\/salut-emocional-el-pilar-invisible-del-benestar\/#breadcrumb"},"inLanguage":"ca","potentialAction":[{"@type":"ReadAction","target":["https:\/\/www.csantantoni.com\/ca\/2025\/04\/22\/salut-emocional-el-pilar-invisible-del-benestar\/"]}]},{"@type":"ImageObject","inLanguage":"ca","@id":"https:\/\/www.csantantoni.com\/ca\/2025\/04\/22\/salut-emocional-el-pilar-invisible-del-benestar\/#primaryimage","url":"https:\/\/www.csantantoni.com\/wp-content\/uploads\/2025\/04\/habitos.png","contentUrl":"https:\/\/www.csantantoni.com\/wp-content\/uploads\/2025\/04\/habitos.png","width":940,"height":788,"caption":"habitos"},{"@type":"BreadcrumbList","@id":"https:\/\/www.csantantoni.com\/ca\/2025\/04\/22\/salut-emocional-el-pilar-invisible-del-benestar\/#breadcrumb","itemListElement":[{"@type":"ListItem","position":1,"name":"Portada","item":"https:\/\/www.csantantoni.com\/"},{"@type":"ListItem","position":2,"name":"Salut emocional: el pilar invisible del benestar"}]},{"@type":"WebSite","@id":"https:\/\/www.csantantoni.com\/#website","url":"https:\/\/www.csantantoni.com\/","name":"Cl\u00ednica Sant Antoni","description":"Web de Cl\u00ednica Sant Antoni","publisher":{"@id":"https:\/\/www.csantantoni.com\/#organization"},"potentialAction":[{"@type":"SearchAction","target":{"@type":"EntryPoint","urlTemplate":"https:\/\/www.csantantoni.com\/?s={search_term_string}"},"query-input":{"@type":"PropertyValueSpecification","valueRequired":true,"valueName":"search_term_string"}}],"inLanguage":"ca"},{"@type":"Organization","@id":"https:\/\/www.csantantoni.com\/#organization","name":"Cl\u00ednica Sant Antoni","url":"https:\/\/www.csantantoni.com\/","logo":{"@type":"ImageObject","inLanguage":"ca","@id":"https:\/\/www.csantantoni.com\/#\/schema\/logo\/image\/","url":"https:\/\/www.csantantoni.com\/wp-content\/uploads\/2022\/10\/clinica-sant-antoni-01.jpg","contentUrl":"https:\/\/www.csantantoni.com\/wp-content\/uploads\/2022\/10\/clinica-sant-antoni-01.jpg","width":1980,"height":1315,"caption":"Cl\u00ednica Sant Antoni"},"image":{"@id":"https:\/\/www.csantantoni.com\/#\/schema\/logo\/image\/"}},{"@type":"Person","@id":"https:\/\/www.csantantoni.com\/#\/schema\/person\/1ac3bacc730030dd4af35da287c58da7","name":"maria","image":{"@type":"ImageObject","inLanguage":"ca","@id":"https:\/\/secure.gravatar.com\/avatar\/6976c4514c3f1e1daef2f5047bdeca80837d6cb7a7b437f151495dbc2b911500?s=96&d=mm&r=g","url":"https:\/\/secure.gravatar.com\/avatar\/6976c4514c3f1e1daef2f5047bdeca80837d6cb7a7b437f151495dbc2b911500?s=96&d=mm&r=g","contentUrl":"https:\/\/secure.gravatar.com\/avatar\/6976c4514c3f1e1daef2f5047bdeca80837d6cb7a7b437f151495dbc2b911500?s=96&d=mm&r=g","caption":"maria"},"url":"https:\/\/www.csantantoni.com\/ca\/author\/maria\/"}]}},"_links":{"self":[{"href":"https:\/\/www.csantantoni.com\/ca\/wp-json\/wp\/v2\/posts\/247512","targetHints":{"allow":["GET"]}}],"collection":[{"href":"https:\/\/www.csantantoni.com\/ca\/wp-json\/wp\/v2\/posts"}],"about":[{"href":"https:\/\/www.csantantoni.com\/ca\/wp-json\/wp\/v2\/types\/post"}],"author":[{"embeddable":true,"href":"https:\/\/www.csantantoni.com\/ca\/wp-json\/wp\/v2\/users\/5"}],"replies":[{"embeddable":true,"href":"https:\/\/www.csantantoni.com\/ca\/wp-json\/wp\/v2\/comments?post=247512"}],"version-history":[{"count":1,"href":"https:\/\/www.csantantoni.com\/ca\/wp-json\/wp\/v2\/posts\/247512\/revisions"}],"predecessor-version":[{"id":247513,"href":"https:\/\/www.csantantoni.com\/ca\/wp-json\/wp\/v2\/posts\/247512\/revisions\/247513"}],"wp:featuredmedia":[{"embeddable":true,"href":"https:\/\/www.csantantoni.com\/ca\/wp-json\/wp\/v2\/media\/247465"}],"wp:attachment":[{"href":"https:\/\/www.csantantoni.com\/ca\/wp-json\/wp\/v2\/media?parent=247512"}],"wp:term":[{"taxonomy":"category","embeddable":true,"href":"https:\/\/www.csantantoni.com\/ca\/wp-json\/wp\/v2\/categories?post=247512"},{"taxonomy":"post_tag","embeddable":true,"href":"https:\/\/www.csantantoni.com\/ca\/wp-json\/wp\/v2\/tags?post=247512"}],"curies":[{"name":"wp","href":"https:\/\/api.w.org\/{rel}","templated":true}]}}