{"id":247948,"date":"2025-06-18T10:29:15","date_gmt":"2025-06-18T10:29:15","guid":{"rendered":"https:\/\/www.csantantoni.com\/?p=247948"},"modified":"2025-06-18T10:29:17","modified_gmt":"2025-06-18T10:29:17","slug":"la-fiesta-de-sant-antoni-llena-de-vida-salud-y-sonrisas-la-clinica-sant-antoni","status":"publish","type":"post","link":"https:\/\/www.csantantoni.com\/ca\/2025\/06\/18\/la-fiesta-de-sant-antoni-llena-de-vida-salud-y-sonrisas-la-clinica-sant-antoni\/","title":{"rendered":"La fiesta de Sant Antoni llena de vida, salud y sonrisas la Cl\u00ednica Sant Antoni"},"content":{"rendered":"\n<figure class=\"wp-block-image size-large\"><img loading=\"lazy\" decoding=\"async\" width=\"1024\" height=\"305\" src=\"https:\/\/www.csantantoni.com\/wp-content\/uploads\/2025\/06\/capcalera--1024x305.png\" alt=\"cap\u00e7alera\" class=\"wp-image-247927\" srcset=\"https:\/\/www.csantantoni.com\/wp-content\/uploads\/2025\/06\/capcalera--980x292.png 980w, https:\/\/www.csantantoni.com\/wp-content\/uploads\/2025\/06\/capcalera--480x143.png 480w\" sizes=\"(min-width: 0px) and (max-width: 480px) 480px, (min-width: 481px) and (max-width: 980px) 980px, (min-width: 981px) 1024px, 100vw\" \/><\/figure>\n\n\n\n<p class=\"has-black-color has-text-color has-link-color wp-elements-f251b6036ceaad86148d4919f8d011ba\" style=\"font-size:17px\">El pasado <strong>viernes 13 de junio<\/strong>, la <a href=\"http:\/\/www.csantantoni.com\">Cl\u00ednica Sant Antoni <\/a>celebr\u00f3 su ya tradicional <strong>fiesta de Sant Antoni<\/strong>, una jornada pensada para compartir, cuidar y disfrutar entre pacientes, familiares y profesionales. Fue un d\u00eda completo que combin\u00f3 <strong>educaci\u00f3n sanitaria<\/strong>, <strong>m\u00fasica<\/strong>, <strong>convivencia<\/strong> y <strong>humor<\/strong>, dejando momentos inolvidables cargados de emoci\u00f3n.<\/p>\n\n\n\n<p class=\"has-black-color has-text-color has-link-color wp-elements-1f48d303740a73bdafa139d8c66a7e69\" style=\"font-size:17px\">La jornada comenz\u00f3 con una <strong>mesa de educaci\u00f3n sanitaria<\/strong> instalada en el patio de la cl\u00ednica y dirigida tanto a pacientes como a familiares. El tema central fue la <strong>prevenci\u00f3n frente a la exposici\u00f3n solar<\/strong>, y se desarroll\u00f3 mediante una din\u00e1mica participativa con cuatro preguntas clave sobre el sol y la protecci\u00f3n solar. Una vez respondidas, se entregaba un <strong>d\u00edptico informativo<\/strong> con recomendaciones pr\u00e1cticas sobre el uso correcto del fotoprotector y los riesgos de tomar el sol sin protecci\u00f3n. Adem\u00e1s, la <strong><a href=\"https:\/\/farmaciastorrents.com\/\">Farmacia Santiago Torrents<\/a><\/strong> colabor\u00f3 mostrando distintos productos solares, y se repartieron <strong>manzanas y botellas de agua<\/strong>, fomentando h\u00e1bitos saludables entre los asistentes.<\/p>\n\n\n\n<figure class=\"wp-block-gallery has-nested-images columns-default is-cropped wp-block-gallery-1 is-layout-flex wp-block-gallery-is-layout-flex\">\n<figure class=\"wp-block-image size-large\"><img loading=\"lazy\" decoding=\"async\" width=\"1024\" height=\"576\" data-id=\"247933\" src=\"https:\/\/www.csantantoni.com\/wp-content\/uploads\/2025\/06\/eed.-sanit-1024x576.jpg\" alt=\"eed. sanit\" class=\"wp-image-247933\" srcset=\"https:\/\/www.csantantoni.com\/wp-content\/uploads\/2025\/06\/eed.-sanit-980x551.jpg 980w, https:\/\/www.csantantoni.com\/wp-content\/uploads\/2025\/06\/eed.-sanit-480x270.jpg 480w\" sizes=\"(min-width: 0px) and (max-width: 480px) 480px, (min-width: 481px) and (max-width: 980px) 980px, (min-width: 981px) 1024px, 100vw\" \/><\/figure>\n\n\n\n<figure class=\"wp-block-image size-large\"><img loading=\"lazy\" decoding=\"async\" width=\"1024\" height=\"576\" data-id=\"247929\" src=\"https:\/\/www.csantantoni.com\/wp-content\/uploads\/2025\/06\/Ed.-Sa-1024x576.jpeg\" alt=\"Ed. Sa\" class=\"wp-image-247929\" srcset=\"https:\/\/www.csantantoni.com\/wp-content\/uploads\/2025\/06\/Ed.-Sa-980x551.jpeg 980w, https:\/\/www.csantantoni.com\/wp-content\/uploads\/2025\/06\/Ed.-Sa-480x270.jpeg 480w\" sizes=\"(min-width: 0px) and (max-width: 480px) 480px, (min-width: 481px) and (max-width: 980px) 980px, (min-width: 981px) 1024px, 100vw\" \/><\/figure>\n\n\n\n<figure class=\"wp-block-image size-large\"><img loading=\"lazy\" decoding=\"async\" width=\"1024\" height=\"576\" data-id=\"247931\" src=\"https:\/\/www.csantantoni.com\/wp-content\/uploads\/2025\/06\/Ed.-Sanitaria-1024x576.jpg\" alt=\"Ed. Sanitaria\" class=\"wp-image-247931\" srcset=\"https:\/\/www.csantantoni.com\/wp-content\/uploads\/2025\/06\/Ed.-Sanitaria-980x551.jpg 980w, https:\/\/www.csantantoni.com\/wp-content\/uploads\/2025\/06\/Ed.-Sanitaria-480x270.jpg 480w\" sizes=\"(min-width: 0px) and (max-width: 480px) 480px, (min-width: 481px) and (max-width: 980px) 980px, (min-width: 981px) 1024px, 100vw\" \/><\/figure>\n<\/figure>\n\n\n\n<p><\/p>\n\n\n\n<p class=\"has-black-color has-text-color has-link-color wp-elements-96704eb80dc2dfdf7ba6f98383af37c4\" style=\"font-size:17px\">Durante la ma\u00f1ana tambi\u00e9n se <strong>repartieron sombreros a todos los pacientes<\/strong>, con el objetivo de que puedan protegerse del sol ahora que se acerca la \u00e9poca m\u00e1s calurosa del a\u00f1o.<\/p>\n\n\n\n<figure class=\"wp-block-image aligncenter size-full is-resized\"><img loading=\"lazy\" decoding=\"async\" width=\"995\" height=\"1016\" src=\"https:\/\/www.csantantoni.com\/wp-content\/uploads\/2025\/06\/sombreros-pacientes-.png\" alt=\"sombreros pacientes\" class=\"wp-image-247937\" style=\"width:633px;height:auto\" srcset=\"https:\/\/www.csantantoni.com\/wp-content\/uploads\/2025\/06\/sombreros-pacientes-.png 995w, https:\/\/www.csantantoni.com\/wp-content\/uploads\/2025\/06\/sombreros-pacientes--980x1001.png 980w, https:\/\/www.csantantoni.com\/wp-content\/uploads\/2025\/06\/sombreros-pacientes--480x490.png 480w\" sizes=\"(min-width: 0px) and (max-width: 480px) 480px, (min-width: 481px) and (max-width: 980px) 980px, (min-width: 981px) 995px, 100vw\" \/><figcaption class=\"wp-element-caption\">Entrega de sombreros para todos los pacientes <\/figcaption><\/figure>\n\n\n\n<p class=\"has-black-color has-text-color has-link-color wp-elements-810cda7305b5bff2b7c768ba2bb8dd23\" style=\"font-size:17px\">A las <strong>12:00 h<\/strong>, el vest\u00edbulo de la cl\u00ednica se llen\u00f3 de m\u00fasica con el concierto del d\u00fao <strong>&#8220;<a href=\"https:\/\/www.instagram.com\/entresolifa\/\">Entre Sol i Fa<\/a>&#8220;<\/strong>, que volvi\u00f3 a emocionar al p\u00fablico con su repertorio, como ya lo ha hecho en otras ocasiones.<\/p>\n\n\n\n<figure class=\"wp-block-gallery has-nested-images columns-default is-cropped wp-block-gallery-2 is-layout-flex wp-block-gallery-is-layout-flex\">\n<figure class=\"wp-block-image size-large\"><img loading=\"lazy\" decoding=\"async\" width=\"1024\" height=\"576\" data-id=\"247941\" src=\"https:\/\/www.csantantoni.com\/wp-content\/uploads\/2025\/06\/Concert-1024x576.jpeg\" alt=\"Concert\" class=\"wp-image-247941\" srcset=\"https:\/\/www.csantantoni.com\/wp-content\/uploads\/2025\/06\/Concert-980x551.jpeg 980w, https:\/\/www.csantantoni.com\/wp-content\/uploads\/2025\/06\/Concert-480x270.jpeg 480w\" sizes=\"(min-width: 0px) and (max-width: 480px) 480px, (min-width: 481px) and (max-width: 980px) 980px, (min-width: 981px) 1024px, 100vw\" \/><figcaption class=\"wp-element-caption\">Concierto duet Entre Sol i Fa<\/figcaption><\/figure>\n\n\n\n<figure class=\"wp-block-image size-large\"><img loading=\"lazy\" decoding=\"async\" width=\"1024\" height=\"576\" data-id=\"247939\" src=\"https:\/\/www.csantantoni.com\/wp-content\/uploads\/2025\/06\/Concert-Sant-Antoni-duet-Entre-Sol-i-Fa-1024x576.jpg\" alt=\"Concert Sant Antoni - duet Entre Sol i Fa\" class=\"wp-image-247939\" srcset=\"https:\/\/www.csantantoni.com\/wp-content\/uploads\/2025\/06\/Concert-Sant-Antoni-duet-Entre-Sol-i-Fa-980x551.jpg 980w, https:\/\/www.csantantoni.com\/wp-content\/uploads\/2025\/06\/Concert-Sant-Antoni-duet-Entre-Sol-i-Fa-480x270.jpg 480w\" sizes=\"(min-width: 0px) and (max-width: 480px) 480px, (min-width: 481px) and (max-width: 980px) 980px, (min-width: 981px) 1024px, 100vw\" \/><figcaption class=\"wp-element-caption\">Concierto duet Entre Sol i Fa<\/figcaption><\/figure>\n<\/figure>\n\n\n\n<p><\/p>\n\n\n\n<p class=\"has-black-color has-text-color has-link-color wp-elements-18dc698d2aad82a996a9966a4be2be13\" style=\"font-size:17px\">Posteriormente, el personal de la cl\u00ednica disfrut\u00f3 de un <strong>aperitivo conjunto<\/strong>, un momento distendido y muy bien acogido por todos los equipos. Fue una ocasi\u00f3n perfecta para encontrarse y compartir entre profesionales de distintos servicios. Durante este encuentro, el <strong>director gerente, Pedro Ayesa<\/strong>, dirigi\u00f3 unas palabras a los asistentes, destacando el principal objetivo actual del centro: <strong>cuidar de quienes cuidan<\/strong>, haciendo especial referencia al lema que define a la cl\u00ednica: <em>\u201cNos cuidamos para cuidar\u201d<\/em>.<\/p>\n\n\n\n<p class=\"has-black-color has-text-color has-link-color wp-elements-d78649a1866908e60cf5d74de0ec278b\" style=\"font-size:17px\">En su intervenci\u00f3n, el Sr. Ayesa tambi\u00e9n puso en valor el enfoque de trabajo de la cl\u00ednica basado en el modelo de <strong>Atenci\u00f3n Centrada en la Persona que Cuida a la Persona (ACPCP)<\/strong>, remarcando los beneficios que este m\u00e9todo aporta al trabajador en t\u00e9rminos de <strong>motivaci\u00f3n, bienestar y productividad<\/strong>, que se ve reflejada en una mejor atenci\u00f3n al paciente, y reafirmando el compromiso de la organizaci\u00f3n con un modelo asistencial m\u00e1s humano, cercano y sostenible.<\/p>\n\n\n\n<figure class=\"wp-block-image size-large\"><img loading=\"lazy\" decoding=\"async\" width=\"1024\" height=\"576\" src=\"https:\/\/www.csantantoni.com\/wp-content\/uploads\/2025\/06\/Aperitiu-treballadors-1024x576.jpg\" alt=\"Aperitiu treballadors\" class=\"wp-image-247943\" srcset=\"https:\/\/www.csantantoni.com\/wp-content\/uploads\/2025\/06\/Aperitiu-treballadors-980x551.jpg 980w, https:\/\/www.csantantoni.com\/wp-content\/uploads\/2025\/06\/Aperitiu-treballadors-480x270.jpg 480w\" sizes=\"(min-width: 0px) and (max-width: 480px) 480px, (min-width: 481px) and (max-width: 980px) 980px, (min-width: 981px) 1024px, 100vw\" \/><figcaption class=\"wp-element-caption\">Aperitivo para trabajadores<\/figcaption><\/figure>\n\n\n\n<p class=\"has-black-color has-text-color has-link-color wp-elements-3cebaec6c2669ac8e1bd1c714845ad76\" style=\"font-size:17px\">Por la tarde, alrededor de las <strong>16:00 h<\/strong>, el patio volvi\u00f3 a convertirse en punto de encuentro, esta vez con el humor como protagonista. El <strong>comediante <a href=\"https:\/\/victorparrado.es\/\">V\u00edctor Parrado<\/a><\/strong> ofreci\u00f3 un mon\u00f3logo dirigido a pacientes y familiares que supo ganarse al p\u00fablico desde el primer momento, generando un ambiente de alegr\u00eda y desconexi\u00f3n.<\/p>\n\n\n\n<p class=\"has-black-color has-text-color has-link-color wp-elements-4022e0bb845d7cc22e1475740bdab338\" style=\"font-size:17px\"><\/p>\n\n\n\n<figure class=\"wp-block-image size-large\"><img loading=\"lazy\" decoding=\"async\" width=\"1024\" height=\"576\" src=\"https:\/\/www.csantantoni.com\/wp-content\/uploads\/2025\/06\/Monologo-1024x576.jpeg\" alt=\"\" class=\"wp-image-247904\" srcset=\"https:\/\/www.csantantoni.com\/wp-content\/uploads\/2025\/06\/Monologo-980x551.jpeg 980w, https:\/\/www.csantantoni.com\/wp-content\/uploads\/2025\/06\/Monologo-480x270.jpeg 480w\" sizes=\"(min-width: 0px) and (max-width: 480px) 480px, (min-width: 481px) and (max-width: 980px) 980px, (min-width: 981px) 1024px, 100vw\" \/><figcaption class=\"wp-element-caption\">Victor Parrado haciendo su espect\u00e1culo en el patio de la cl\u00ednica <\/figcaption><\/figure>\n\n\n\n<p class=\"has-black-color has-text-color has-link-color wp-elements-0b2b1f4220b17b51c6ce29a18fff60df\" style=\"font-size:17px\">Al finalizar la actuaci\u00f3n, <strong>Sonia Suescun<\/strong>, como representante de la cl\u00ednica, agradeci\u00f3 a <strong>Yolanda Gallego<\/strong>, representante de <strong><a href=\"https:\/\/www.altima-sfi.com\/es\">\u00c1ltima<\/a><\/strong>, su colaboraci\u00f3n para hacer posible la visita de V\u00edctor a la cl\u00ednica. Tambi\u00e9n dedic\u00f3 unas palabras de agradecimiento al propio artista, destacando c\u00f3mo, durante unos instantes, logr\u00f3 que los pacientes olvidaran d\u00f3nde estaban y el proceso que atraviesan.<\/p>\n\n\n\n<figure class=\"wp-block-image aligncenter size-large is-resized\"><img loading=\"lazy\" decoding=\"async\" width=\"768\" height=\"1024\" src=\"https:\/\/www.csantantoni.com\/wp-content\/uploads\/2025\/06\/sonia-768x1024.jpeg\" alt=\"Sonia Suescun (CSA), Victor Parrado, Yolanda Gallego (\u00c1ltima)\" class=\"wp-image-247945\" style=\"width:460px;height:auto\"\/><figcaption class=\"wp-element-caption\">Sonia Suescun (CSA), Victor Parrado, Yolanda Gallego (\u00c1ltima)<\/figcaption><\/figure>\n\n\n\n<p class=\"has-black-color has-text-color has-link-color wp-elements-e9ca3ddd835c7aa2d4b06a81462d34ca\" style=\"font-size:17px\"><strong>Un a\u00f1o m\u00e1s, la fiesta de Sant Antoni ha sido un aut\u00e9ntico \u00e9xito<\/strong>, reafirmando la apuesta del centro por una atenci\u00f3n sanitaria humanizada, que va mucho m\u00e1s all\u00e1 de lo estrictamente asistencial.<\/p>\n","protected":false},"excerpt":{"rendered":"<p>El pasado viernes 13 de junio, la Cl\u00ednica Sant Antoni celebr\u00f3 su ya tradicional fiesta de Sant Antoni, una jornada pensada para compartir, cuidar y disfrutar entre pacientes, familiares y profesionales. Fue un d\u00eda completo que combin\u00f3 educaci\u00f3n sanitaria, m\u00fasica, convivencia y humor, dejando momentos inolvidables cargados de emoci\u00f3n. La jornada comenz\u00f3 con una mesa [&hellip;]<\/p>\n","protected":false},"author":5,"featured_media":247905,"comment_status":"closed","ping_status":"closed","sticky":false,"template":"","format":"standard","meta":{"_et_pb_use_builder":"off","_et_pb_old_content":"","_et_gb_content_width":"","footnotes":""},"categories":[347,67],"tags":[255,164,440,222,399,441,256,257,258,260,325,166,324,111,49,442],"class_list":["post-247948","post","type-post","status-publish","format-standard","has-post-thumbnail","hentry","category-actualitat","category-noticies","tag-altima-ca","tag-clinica-sant-antoni-ca","tag-concierto-ca","tag-csa-ca","tag-educacion-sanitaria-ca","tag-entre-sol-i-fa-ca","tag-fiesta-ca","tag-fiesta-anual-ca","tag-hospital-atencion-intermedia-ca","tag-monologo-ca","tag-musica-ca","tag-pacients","tag-piano-ca","tag-salut","tag-sociosanitari-ca","tag-victor-parrado-ca"],"yoast_head":"<!-- This site is optimized with the Yoast SEO plugin v27.5 - https:\/\/yoast.com\/product\/yoast-seo-wordpress\/ -->\n<title>La fiesta de Sant Antoni llena de vida, salud y sonrisas la Cl\u00ednica Sant Antoni - Cl\u00ednica Sant Antoni<\/title>\n<meta name=\"description\" content=\"Fue un d\u00eda completo que combin\u00f3 educaci\u00f3n sanitaria, m\u00fasica, convivencia y humor, dejando momentos inolvidables cargados de emoci\u00f3n.\" \/>\n<meta name=\"robots\" content=\"index, follow, max-snippet:-1, max-image-preview:large, max-video-preview:-1\" \/>\n<link rel=\"canonical\" href=\"https:\/\/www.csantantoni.com\/ca\/2025\/06\/18\/la-fiesta-de-sant-antoni-llena-de-vida-salud-y-sonrisas-la-clinica-sant-antoni\/\" \/>\n<meta property=\"og:locale\" content=\"ca_ES\" \/>\n<meta property=\"og:type\" content=\"article\" \/>\n<meta property=\"og:title\" content=\"La fiesta de Sant Antoni llena de vida, salud y sonrisas la Cl\u00ednica Sant Antoni - Cl\u00ednica Sant Antoni\" \/>\n<meta property=\"og:description\" content=\"Fue un d\u00eda completo que combin\u00f3 educaci\u00f3n sanitaria, m\u00fasica, convivencia y humor, dejando momentos inolvidables cargados de emoci\u00f3n.\" \/>\n<meta property=\"og:url\" content=\"https:\/\/www.csantantoni.com\/ca\/2025\/06\/18\/la-fiesta-de-sant-antoni-llena-de-vida-salud-y-sonrisas-la-clinica-sant-antoni\/\" \/>\n<meta property=\"og:site_name\" content=\"Cl\u00ednica Sant Antoni\" \/>\n<meta property=\"article:published_time\" content=\"2025-06-18T10:29:15+00:00\" \/>\n<meta property=\"article:modified_time\" content=\"2025-06-18T10:29:17+00:00\" \/>\n<meta property=\"og:image\" content=\"https:\/\/www.csantantoni.com\/wp-content\/uploads\/2025\/06\/Monologo-1024x576.jpeg\" \/>\n<meta name=\"author\" content=\"maria\" \/>\n<meta name=\"twitter:card\" content=\"summary_large_image\" \/>\n<meta name=\"twitter:label1\" content=\"Escrit per\" \/>\n\t<meta name=\"twitter:data1\" content=\"maria\" \/>\n\t<meta name=\"twitter:label2\" content=\"Temps estimat de lectura\" \/>\n\t<meta name=\"twitter:data2\" content=\"5 minuts\" \/>\n<script type=\"application\/ld+json\" class=\"yoast-schema-graph\">{\"@context\":\"https:\\\/\\\/schema.org\",\"@graph\":[{\"@type\":\"Article\",\"@id\":\"https:\\\/\\\/www.csantantoni.com\\\/ca\\\/2025\\\/06\\\/18\\\/la-fiesta-de-sant-antoni-llena-de-vida-salud-y-sonrisas-la-clinica-sant-antoni\\\/#article\",\"isPartOf\":{\"@id\":\"https:\\\/\\\/www.csantantoni.com\\\/ca\\\/2025\\\/06\\\/18\\\/la-fiesta-de-sant-antoni-llena-de-vida-salud-y-sonrisas-la-clinica-sant-antoni\\\/\"},\"author\":{\"name\":\"maria\",\"@id\":\"https:\\\/\\\/www.csantantoni.com\\\/#\\\/schema\\\/person\\\/1ac3bacc730030dd4af35da287c58da7\"},\"headline\":\"La fiesta de Sant Antoni llena de vida, salud y sonrisas la Cl\u00ednica Sant Antoni\",\"datePublished\":\"2025-06-18T10:29:15+00:00\",\"dateModified\":\"2025-06-18T10:29:17+00:00\",\"mainEntityOfPage\":{\"@id\":\"https:\\\/\\\/www.csantantoni.com\\\/ca\\\/2025\\\/06\\\/18\\\/la-fiesta-de-sant-antoni-llena-de-vida-salud-y-sonrisas-la-clinica-sant-antoni\\\/\"},\"wordCount\":622,\"publisher\":{\"@id\":\"https:\\\/\\\/www.csantantoni.com\\\/#organization\"},\"image\":{\"@id\":\"https:\\\/\\\/www.csantantoni.com\\\/ca\\\/2025\\\/06\\\/18\\\/la-fiesta-de-sant-antoni-llena-de-vida-salud-y-sonrisas-la-clinica-sant-antoni\\\/#primaryimage\"},\"thumbnailUrl\":\"https:\\\/\\\/www.csantantoni.com\\\/wp-content\\\/uploads\\\/2025\\\/06\\\/Monologo-scaled.jpeg\",\"keywords\":[\"\u00c1ltima\",\"Clinica Sant Antoni\",\"concierto\",\"CSA\",\"educaci\u00f3n sanitaria\",\"Entre sol i fa\",\"Fiesta\",\"Fiesta Anual\",\"Hospital Atenci\u00f3n intermedia\",\"Monologo\",\"M\u00fasica\",\"pacients\",\"Piano\",\"salut\",\"sociosanitari\",\"Victor Parrado\"],\"articleSection\":[\"Actualitat\",\"Not\u00edcies\"],\"inLanguage\":\"ca\"},{\"@type\":\"WebPage\",\"@id\":\"https:\\\/\\\/www.csantantoni.com\\\/ca\\\/2025\\\/06\\\/18\\\/la-fiesta-de-sant-antoni-llena-de-vida-salud-y-sonrisas-la-clinica-sant-antoni\\\/\",\"url\":\"https:\\\/\\\/www.csantantoni.com\\\/ca\\\/2025\\\/06\\\/18\\\/la-fiesta-de-sant-antoni-llena-de-vida-salud-y-sonrisas-la-clinica-sant-antoni\\\/\",\"name\":\"La fiesta de Sant Antoni llena de vida, salud y sonrisas la Cl\u00ednica Sant Antoni - Cl\u00ednica Sant Antoni\",\"isPartOf\":{\"@id\":\"https:\\\/\\\/www.csantantoni.com\\\/#website\"},\"primaryImageOfPage\":{\"@id\":\"https:\\\/\\\/www.csantantoni.com\\\/ca\\\/2025\\\/06\\\/18\\\/la-fiesta-de-sant-antoni-llena-de-vida-salud-y-sonrisas-la-clinica-sant-antoni\\\/#primaryimage\"},\"image\":{\"@id\":\"https:\\\/\\\/www.csantantoni.com\\\/ca\\\/2025\\\/06\\\/18\\\/la-fiesta-de-sant-antoni-llena-de-vida-salud-y-sonrisas-la-clinica-sant-antoni\\\/#primaryimage\"},\"thumbnailUrl\":\"https:\\\/\\\/www.csantantoni.com\\\/wp-content\\\/uploads\\\/2025\\\/06\\\/Monologo-scaled.jpeg\",\"datePublished\":\"2025-06-18T10:29:15+00:00\",\"dateModified\":\"2025-06-18T10:29:17+00:00\",\"description\":\"Fue un d\u00eda completo que combin\u00f3 educaci\u00f3n sanitaria, m\u00fasica, convivencia y humor, dejando momentos inolvidables cargados de emoci\u00f3n.\",\"breadcrumb\":{\"@id\":\"https:\\\/\\\/www.csantantoni.com\\\/ca\\\/2025\\\/06\\\/18\\\/la-fiesta-de-sant-antoni-llena-de-vida-salud-y-sonrisas-la-clinica-sant-antoni\\\/#breadcrumb\"},\"inLanguage\":\"ca\",\"potentialAction\":[{\"@type\":\"ReadAction\",\"target\":[\"https:\\\/\\\/www.csantantoni.com\\\/ca\\\/2025\\\/06\\\/18\\\/la-fiesta-de-sant-antoni-llena-de-vida-salud-y-sonrisas-la-clinica-sant-antoni\\\/\"]}]},{\"@type\":\"ImageObject\",\"inLanguage\":\"ca\",\"@id\":\"https:\\\/\\\/www.csantantoni.com\\\/ca\\\/2025\\\/06\\\/18\\\/la-fiesta-de-sant-antoni-llena-de-vida-salud-y-sonrisas-la-clinica-sant-antoni\\\/#primaryimage\",\"url\":\"https:\\\/\\\/www.csantantoni.com\\\/wp-content\\\/uploads\\\/2025\\\/06\\\/Monologo-scaled.jpeg\",\"contentUrl\":\"https:\\\/\\\/www.csantantoni.com\\\/wp-content\\\/uploads\\\/2025\\\/06\\\/Monologo-scaled.jpeg\",\"width\":2560,\"height\":1440,\"caption\":\"Monologo\"},{\"@type\":\"BreadcrumbList\",\"@id\":\"https:\\\/\\\/www.csantantoni.com\\\/ca\\\/2025\\\/06\\\/18\\\/la-fiesta-de-sant-antoni-llena-de-vida-salud-y-sonrisas-la-clinica-sant-antoni\\\/#breadcrumb\",\"itemListElement\":[{\"@type\":\"ListItem\",\"position\":1,\"name\":\"Portada\",\"item\":\"https:\\\/\\\/www.csantantoni.com\\\/\"},{\"@type\":\"ListItem\",\"position\":2,\"name\":\"La fiesta de Sant Antoni llena de vida, salud y sonrisas la Cl\u00ednica Sant Antoni\"}]},{\"@type\":\"WebSite\",\"@id\":\"https:\\\/\\\/www.csantantoni.com\\\/#website\",\"url\":\"https:\\\/\\\/www.csantantoni.com\\\/\",\"name\":\"Cl\u00ednica Sant Antoni\",\"description\":\"Web de Cl\u00ednica Sant Antoni\",\"publisher\":{\"@id\":\"https:\\\/\\\/www.csantantoni.com\\\/#organization\"},\"potentialAction\":[{\"@type\":\"SearchAction\",\"target\":{\"@type\":\"EntryPoint\",\"urlTemplate\":\"https:\\\/\\\/www.csantantoni.com\\\/?s={search_term_string}\"},\"query-input\":{\"@type\":\"PropertyValueSpecification\",\"valueRequired\":true,\"valueName\":\"search_term_string\"}}],\"inLanguage\":\"ca\"},{\"@type\":\"Organization\",\"@id\":\"https:\\\/\\\/www.csantantoni.com\\\/#organization\",\"name\":\"Cl\u00ednica Sant Antoni\",\"url\":\"https:\\\/\\\/www.csantantoni.com\\\/\",\"logo\":{\"@type\":\"ImageObject\",\"inLanguage\":\"ca\",\"@id\":\"https:\\\/\\\/www.csantantoni.com\\\/#\\\/schema\\\/logo\\\/image\\\/\",\"url\":\"https:\\\/\\\/www.csantantoni.com\\\/wp-content\\\/uploads\\\/2022\\\/10\\\/clinica-sant-antoni-01.jpg\",\"contentUrl\":\"https:\\\/\\\/www.csantantoni.com\\\/wp-content\\\/uploads\\\/2022\\\/10\\\/clinica-sant-antoni-01.jpg\",\"width\":1980,\"height\":1315,\"caption\":\"Cl\u00ednica Sant Antoni\"},\"image\":{\"@id\":\"https:\\\/\\\/www.csantantoni.com\\\/#\\\/schema\\\/logo\\\/image\\\/\"}},{\"@type\":\"Person\",\"@id\":\"https:\\\/\\\/www.csantantoni.com\\\/#\\\/schema\\\/person\\\/1ac3bacc730030dd4af35da287c58da7\",\"name\":\"maria\",\"image\":{\"@type\":\"ImageObject\",\"inLanguage\":\"ca\",\"@id\":\"https:\\\/\\\/secure.gravatar.com\\\/avatar\\\/6976c4514c3f1e1daef2f5047bdeca80837d6cb7a7b437f151495dbc2b911500?s=96&d=mm&r=g\",\"url\":\"https:\\\/\\\/secure.gravatar.com\\\/avatar\\\/6976c4514c3f1e1daef2f5047bdeca80837d6cb7a7b437f151495dbc2b911500?s=96&d=mm&r=g\",\"contentUrl\":\"https:\\\/\\\/secure.gravatar.com\\\/avatar\\\/6976c4514c3f1e1daef2f5047bdeca80837d6cb7a7b437f151495dbc2b911500?s=96&d=mm&r=g\",\"caption\":\"maria\"},\"url\":\"https:\\\/\\\/www.csantantoni.com\\\/ca\\\/author\\\/maria\\\/\"}]}<\/script>\n<!-- \/ Yoast SEO plugin. -->","yoast_head_json":{"title":"La fiesta de Sant Antoni llena de vida, salud y sonrisas la Cl\u00ednica Sant Antoni - Cl\u00ednica Sant Antoni","description":"Fue un d\u00eda completo que combin\u00f3 educaci\u00f3n sanitaria, m\u00fasica, convivencia y humor, dejando momentos inolvidables cargados de emoci\u00f3n.","robots":{"index":"index","follow":"follow","max-snippet":"max-snippet:-1","max-image-preview":"max-image-preview:large","max-video-preview":"max-video-preview:-1"},"canonical":"https:\/\/www.csantantoni.com\/ca\/2025\/06\/18\/la-fiesta-de-sant-antoni-llena-de-vida-salud-y-sonrisas-la-clinica-sant-antoni\/","og_locale":"ca_ES","og_type":"article","og_title":"La fiesta de Sant Antoni llena de vida, salud y sonrisas la Cl\u00ednica Sant Antoni - Cl\u00ednica Sant Antoni","og_description":"Fue un d\u00eda completo que combin\u00f3 educaci\u00f3n sanitaria, m\u00fasica, convivencia y humor, dejando momentos inolvidables cargados de emoci\u00f3n.","og_url":"https:\/\/www.csantantoni.com\/ca\/2025\/06\/18\/la-fiesta-de-sant-antoni-llena-de-vida-salud-y-sonrisas-la-clinica-sant-antoni\/","og_site_name":"Cl\u00ednica Sant Antoni","article_published_time":"2025-06-18T10:29:15+00:00","article_modified_time":"2025-06-18T10:29:17+00:00","og_image":[{"url":"https:\/\/www.csantantoni.com\/wp-content\/uploads\/2025\/06\/Monologo-1024x576.jpeg","type":"","width":"","height":""}],"author":"maria","twitter_card":"summary_large_image","twitter_misc":{"Escrit per":"maria","Temps estimat de lectura":"5 minuts"},"schema":{"@context":"https:\/\/schema.org","@graph":[{"@type":"Article","@id":"https:\/\/www.csantantoni.com\/ca\/2025\/06\/18\/la-fiesta-de-sant-antoni-llena-de-vida-salud-y-sonrisas-la-clinica-sant-antoni\/#article","isPartOf":{"@id":"https:\/\/www.csantantoni.com\/ca\/2025\/06\/18\/la-fiesta-de-sant-antoni-llena-de-vida-salud-y-sonrisas-la-clinica-sant-antoni\/"},"author":{"name":"maria","@id":"https:\/\/www.csantantoni.com\/#\/schema\/person\/1ac3bacc730030dd4af35da287c58da7"},"headline":"La fiesta de Sant Antoni llena de vida, salud y sonrisas la Cl\u00ednica Sant Antoni","datePublished":"2025-06-18T10:29:15+00:00","dateModified":"2025-06-18T10:29:17+00:00","mainEntityOfPage":{"@id":"https:\/\/www.csantantoni.com\/ca\/2025\/06\/18\/la-fiesta-de-sant-antoni-llena-de-vida-salud-y-sonrisas-la-clinica-sant-antoni\/"},"wordCount":622,"publisher":{"@id":"https:\/\/www.csantantoni.com\/#organization"},"image":{"@id":"https:\/\/www.csantantoni.com\/ca\/2025\/06\/18\/la-fiesta-de-sant-antoni-llena-de-vida-salud-y-sonrisas-la-clinica-sant-antoni\/#primaryimage"},"thumbnailUrl":"https:\/\/www.csantantoni.com\/wp-content\/uploads\/2025\/06\/Monologo-scaled.jpeg","keywords":["\u00c1ltima","Clinica Sant Antoni","concierto","CSA","educaci\u00f3n sanitaria","Entre sol i fa","Fiesta","Fiesta Anual","Hospital Atenci\u00f3n intermedia","Monologo","M\u00fasica","pacients","Piano","salut","sociosanitari","Victor Parrado"],"articleSection":["Actualitat","Not\u00edcies"],"inLanguage":"ca"},{"@type":"WebPage","@id":"https:\/\/www.csantantoni.com\/ca\/2025\/06\/18\/la-fiesta-de-sant-antoni-llena-de-vida-salud-y-sonrisas-la-clinica-sant-antoni\/","url":"https:\/\/www.csantantoni.com\/ca\/2025\/06\/18\/la-fiesta-de-sant-antoni-llena-de-vida-salud-y-sonrisas-la-clinica-sant-antoni\/","name":"La fiesta de Sant Antoni llena de vida, salud y sonrisas la Cl\u00ednica Sant Antoni - Cl\u00ednica Sant Antoni","isPartOf":{"@id":"https:\/\/www.csantantoni.com\/#website"},"primaryImageOfPage":{"@id":"https:\/\/www.csantantoni.com\/ca\/2025\/06\/18\/la-fiesta-de-sant-antoni-llena-de-vida-salud-y-sonrisas-la-clinica-sant-antoni\/#primaryimage"},"image":{"@id":"https:\/\/www.csantantoni.com\/ca\/2025\/06\/18\/la-fiesta-de-sant-antoni-llena-de-vida-salud-y-sonrisas-la-clinica-sant-antoni\/#primaryimage"},"thumbnailUrl":"https:\/\/www.csantantoni.com\/wp-content\/uploads\/2025\/06\/Monologo-scaled.jpeg","datePublished":"2025-06-18T10:29:15+00:00","dateModified":"2025-06-18T10:29:17+00:00","description":"Fue un d\u00eda completo que combin\u00f3 educaci\u00f3n sanitaria, m\u00fasica, convivencia y humor, dejando momentos inolvidables cargados de emoci\u00f3n.","breadcrumb":{"@id":"https:\/\/www.csantantoni.com\/ca\/2025\/06\/18\/la-fiesta-de-sant-antoni-llena-de-vida-salud-y-sonrisas-la-clinica-sant-antoni\/#breadcrumb"},"inLanguage":"ca","potentialAction":[{"@type":"ReadAction","target":["https:\/\/www.csantantoni.com\/ca\/2025\/06\/18\/la-fiesta-de-sant-antoni-llena-de-vida-salud-y-sonrisas-la-clinica-sant-antoni\/"]}]},{"@type":"ImageObject","inLanguage":"ca","@id":"https:\/\/www.csantantoni.com\/ca\/2025\/06\/18\/la-fiesta-de-sant-antoni-llena-de-vida-salud-y-sonrisas-la-clinica-sant-antoni\/#primaryimage","url":"https:\/\/www.csantantoni.com\/wp-content\/uploads\/2025\/06\/Monologo-scaled.jpeg","contentUrl":"https:\/\/www.csantantoni.com\/wp-content\/uploads\/2025\/06\/Monologo-scaled.jpeg","width":2560,"height":1440,"caption":"Monologo"},{"@type":"BreadcrumbList","@id":"https:\/\/www.csantantoni.com\/ca\/2025\/06\/18\/la-fiesta-de-sant-antoni-llena-de-vida-salud-y-sonrisas-la-clinica-sant-antoni\/#breadcrumb","itemListElement":[{"@type":"ListItem","position":1,"name":"Portada","item":"https:\/\/www.csantantoni.com\/"},{"@type":"ListItem","position":2,"name":"La fiesta de Sant Antoni llena de vida, salud y sonrisas la Cl\u00ednica Sant Antoni"}]},{"@type":"WebSite","@id":"https:\/\/www.csantantoni.com\/#website","url":"https:\/\/www.csantantoni.com\/","name":"Cl\u00ednica Sant Antoni","description":"Web de Cl\u00ednica Sant Antoni","publisher":{"@id":"https:\/\/www.csantantoni.com\/#organization"},"potentialAction":[{"@type":"SearchAction","target":{"@type":"EntryPoint","urlTemplate":"https:\/\/www.csantantoni.com\/?s={search_term_string}"},"query-input":{"@type":"PropertyValueSpecification","valueRequired":true,"valueName":"search_term_string"}}],"inLanguage":"ca"},{"@type":"Organization","@id":"https:\/\/www.csantantoni.com\/#organization","name":"Cl\u00ednica Sant Antoni","url":"https:\/\/www.csantantoni.com\/","logo":{"@type":"ImageObject","inLanguage":"ca","@id":"https:\/\/www.csantantoni.com\/#\/schema\/logo\/image\/","url":"https:\/\/www.csantantoni.com\/wp-content\/uploads\/2022\/10\/clinica-sant-antoni-01.jpg","contentUrl":"https:\/\/www.csantantoni.com\/wp-content\/uploads\/2022\/10\/clinica-sant-antoni-01.jpg","width":1980,"height":1315,"caption":"Cl\u00ednica Sant Antoni"},"image":{"@id":"https:\/\/www.csantantoni.com\/#\/schema\/logo\/image\/"}},{"@type":"Person","@id":"https:\/\/www.csantantoni.com\/#\/schema\/person\/1ac3bacc730030dd4af35da287c58da7","name":"maria","image":{"@type":"ImageObject","inLanguage":"ca","@id":"https:\/\/secure.gravatar.com\/avatar\/6976c4514c3f1e1daef2f5047bdeca80837d6cb7a7b437f151495dbc2b911500?s=96&d=mm&r=g","url":"https:\/\/secure.gravatar.com\/avatar\/6976c4514c3f1e1daef2f5047bdeca80837d6cb7a7b437f151495dbc2b911500?s=96&d=mm&r=g","contentUrl":"https:\/\/secure.gravatar.com\/avatar\/6976c4514c3f1e1daef2f5047bdeca80837d6cb7a7b437f151495dbc2b911500?s=96&d=mm&r=g","caption":"maria"},"url":"https:\/\/www.csantantoni.com\/ca\/author\/maria\/"}]}},"_links":{"self":[{"href":"https:\/\/www.csantantoni.com\/ca\/wp-json\/wp\/v2\/posts\/247948","targetHints":{"allow":["GET"]}}],"collection":[{"href":"https:\/\/www.csantantoni.com\/ca\/wp-json\/wp\/v2\/posts"}],"about":[{"href":"https:\/\/www.csantantoni.com\/ca\/wp-json\/wp\/v2\/types\/post"}],"author":[{"embeddable":true,"href":"https:\/\/www.csantantoni.com\/ca\/wp-json\/wp\/v2\/users\/5"}],"replies":[{"embeddable":true,"href":"https:\/\/www.csantantoni.com\/ca\/wp-json\/wp\/v2\/comments?post=247948"}],"version-history":[{"count":3,"href":"https:\/\/www.csantantoni.com\/ca\/wp-json\/wp\/v2\/posts\/247948\/revisions"}],"predecessor-version":[{"id":247953,"href":"https:\/\/www.csantantoni.com\/ca\/wp-json\/wp\/v2\/posts\/247948\/revisions\/247953"}],"wp:featuredmedia":[{"embeddable":true,"href":"https:\/\/www.csantantoni.com\/ca\/wp-json\/wp\/v2\/media\/247905"}],"wp:attachment":[{"href":"https:\/\/www.csantantoni.com\/ca\/wp-json\/wp\/v2\/media?parent=247948"}],"wp:term":[{"taxonomy":"category","embeddable":true,"href":"https:\/\/www.csantantoni.com\/ca\/wp-json\/wp\/v2\/categories?post=247948"},{"taxonomy":"post_tag","embeddable":true,"href":"https:\/\/www.csantantoni.com\/ca\/wp-json\/wp\/v2\/tags?post=247948"}],"curies":[{"name":"wp","href":"https:\/\/api.w.org\/{rel}","templated":true}]}}