{"id":248055,"date":"2025-07-07T09:12:51","date_gmt":"2025-07-07T09:12:51","guid":{"rendered":"https:\/\/www.csantantoni.com\/2025\/07\/07\/professionals-sanitaris-impulsan-a-barcelona-una-nova-ruta-per-millorar-latencio-a-les-persones-fragils-i-complexes\/"},"modified":"2025-07-07T10:42:11","modified_gmt":"2025-07-07T10:42:11","slug":"professionals-sanitaris-impulsan-a-barcelona-una-nova-ruta-per-millorar-latencio-a-les-persones-fragils-i-complexes","status":"publish","type":"post","link":"https:\/\/www.csantantoni.com\/ca\/2025\/07\/07\/professionals-sanitaris-impulsan-a-barcelona-una-nova-ruta-per-millorar-latencio-a-les-persones-fragils-i-complexes\/","title":{"rendered":"Professionals sanitaris impulsen a Barcelona una nova ruta per millorar l&#8217;atenci\u00f3 a les persones fr\u00e0gils i complexes"},"content":{"rendered":"\n<p class=\"has-black-color has-text-color has-link-color wp-elements-e3e7bb65e85d32165eb361544a82e8aa\" style=\"font-size:23px;font-style:italic;font-weight:300\"><p><em>El Dr. Julio Dur\u00e1n, l\u00edder territorial d&#8217;Atenci\u00f3 Interm\u00e8dia de l&#8217;AISBE, va defensar el paper estrat\u00e8gic d&#8217;aquest nivell assistencial per garantir <\/em><em>continu\u00eftat\u00a0<\/em><em>i efici\u00e8ncia en el sistema de salud.<\/em><\/p><\/p>\n\n<p class=\"has-black-color has-text-color has-link-color wp-elements-c28af3343dacd0eac01d5d9fc07c508b\" style=\"font-size:19px\"><p>Amb la voluntat de transformar el model d&#8217;atenci\u00f3 a la ciutadania m\u00e9s vulnerable, diversos professionals sanitaris, gestors i representants institucionals es van <strong>reunir<\/strong> el passat divendres a l&#8217;Auditori del<a href=\"https:\/\/perevirgili.gencat.cat\/ca\/inici\" data-mce-href=\"https:\/\/perevirgili.gencat.cat\/ca\/inici\"> Parc Sanitari Pere Virgili<\/a> de Barcelona en una jornada de treball\u00a0 per avan\u00e7ar en el disseny d&#8217;una<strong> nova ruta assistencial per a les persones amb fragilitat i complexitat.<\/strong><\/p><\/p>\n\n<figure class=\"wp-block-image size-large\"><img loading=\"lazy\" decoding=\"async\" width=\"1024\" height=\"576\" src=\"https:\/\/www.csantantoni.com\/wp-content\/uploads\/2025\/07\/11-1024x576.jpg\" alt=\"Obertura PPC - MACA\" class=\"wp-image-248041\" srcset=\"https:\/\/www.csantantoni.com\/wp-content\/uploads\/2025\/07\/11-980x551.jpg 980w, https:\/\/www.csantantoni.com\/wp-content\/uploads\/2025\/07\/11-480x270.jpg 480w\" sizes=\"(min-width: 0px) and (max-width: 480px) 480px, (min-width: 481px) and (max-width: 980px) 980px, (min-width: 981px) 1024px, 100vw\" \/><\/figure>\n\n<p class=\"has-black-color has-text-color has-link-color has-medium-font-size wp-elements-a485e1c14921bbaaf459c5c857ac3684\"><p>La trobada va comptar amb una \u00e0mplia representaci\u00f3 de dispositius assistencials de la ciutat i <strong>es va iniciar <\/strong>amb la<strong> benvinguda institucional a c\u00e0rrec de M\u00f2nica Almi\u00f1ana Riqu\u00e9, gerenta del <a href=\"https:\/\/www.csb.cat\/\" data-mce-href=\"https:\/\/www.csb.cat\/\">Consorci Sanitari de Barcelona<\/a>,<\/strong> qui va <strong>destacar<\/strong> la import\u00e0ncia de treballar de forma coordinada i transversal per donar resposta als reptes actuals del sistema de salut.<\/p><\/p>\n\n<h3 class=\"wp-block-heading has-text-align-center has-black-color has-pale-cyan-blue-background-color has-text-color has-background has-link-color wp-elements-958d34b4a1074f599c339f0ca19bd9bf\" style=\"font-size:22px\">Una aposta estrat\u00e8gica per la integraci\u00f3 territorial<\/h3>\n\n<p><\/p>\n\n<p class=\"has-black-color has-text-color has-link-color wp-elements-cec60425713837d1b71c9b0e00c9010b\" style=\"font-size:19px\"><p>Durant la jornada <strong>es va posar de manifest<\/strong> que el sistema sanitari actual, dissenyat fa m\u00e9s de set d\u00e8cades, <strong>necessita adaptar-se<\/strong> a un <strong>context marcat<\/strong><strong> per l&#8217;envelliment de la poblaci\u00f3, la cronicitat i l&#8217;increment de pacients amb situacions complexes<\/strong>, que sovint no requereixen atenci\u00f3 hospital\u00e0ria per\u00f2 s\u00ed una resposta intensiva i integrada.<\/p><\/p>\n\n<p class=\"has-black-color has-text-color has-link-color wp-elements-aa7e123e0784e7052326218669540464\" style=\"font-size:19px\"><p>Un dels punts clau va ser la necessitar de <strong>dotar de coher\u00e8ncia i alineaci\u00f3 les rutes d&#8217;atenci\u00f3 entre territoris,<\/strong> tenint sempre en compte les <strong>desigualtats i particularitats pr\u00f2pies de cada barri.<\/strong> M\u00e9s que unificar els protocols de manera r\u00edgida, <strong>es va proposar <\/strong><strong>adaptar la resposta assistencial al perfil de la poblaci\u00f3 de cada zona, garantint criteris comuns de qualitat<\/strong><strong>, equitat i continu\u00eftat assistencial.<\/strong><\/p><\/p>\n\n<figure class=\"wp-block-image size-large\"><img loading=\"lazy\" decoding=\"async\" width=\"1024\" height=\"573\" src=\"https:\/\/www.csantantoni.com\/wp-content\/uploads\/2025\/07\/inauguracio-1024x573.jpeg\" alt=\"inauguraci&#xF3;\" class=\"wp-image-248051\" srcset=\"https:\/\/www.csantantoni.com\/wp-content\/uploads\/2025\/07\/inauguracio-980x549.jpeg 980w, https:\/\/www.csantantoni.com\/wp-content\/uploads\/2025\/07\/inauguracio-480x269.jpeg 480w\" sizes=\"(min-width: 0px) and (max-width: 480px) 480px, (min-width: 481px) and (max-width: 980px) 980px, (min-width: 981px) 1024px, 100vw\" \/><\/figure>\n\n<p class=\"has-black-color has-text-color has-link-color wp-elements-8bfd44a4e112e8444670b66d6ec5f881\" style=\"font-size:19px\"><p>Jordi Ambl\u00e0s, director de l&#8217;<a href=\"https:\/\/salutweb.gencat.cat\/ca\/site\/aiss\/inici\/\" data-mce-href=\"https:\/\/salutweb.gencat.cat\/ca\/site\/aiss\/inici\/\"> Atenci\u00f3 Integrada del Departament de Salut,<\/a> coordinador cient\u00edfic d&#8217;envelliment i cronicitat del IRIS-CC, <strong>va senyalar<\/strong>\u00a0que <em>\u201cel plantejament assistencial ha de deixar de basar-se \u00fanicament en el volum i centrar-se en el que realment necessita cada persona\u201d<\/em>. A m\u00e9s, <strong>va afegir <\/strong>que el model actual ofereix\u00a0 una resposta que amb freq\u00fc\u00e8ncia \u00e9s massa complexa i fragmentada.\u00a0<\/p><\/p>\n\n<p class=\"has-black-color has-text-color has-link-color wp-elements-8addfd398bd91cf3453e63900148e9c8\" style=\"font-size:19px\"><p>Les dades compartides durant la trobada <strong>reforcen<\/strong> la urg\u00e8ncia del canvi: <strong>una persona fr\u00e0gil pot consumir quatre vegades m\u00e9s recursos sanitaris que una persona no fr\u00e0gil, i una persona amb complexitat cl\u00ednica, fins a vuit vegades m\u00e9s.<\/strong> Aquesta realitat impacta directament a la sostenibilitat del sistema, per\u00f2 tamb\u00e9 a la qualitat de vida de les persones ateses.<br\/><\/p><\/p>\n\n<p class=\"has-black-color has-text-color has-link-color wp-elements-8796aafc3b4de4f7725cdbb98cdf48ed\" style=\"font-size:19px\"><p>En aquest sentit,<strong> es va posar en valor que evitar un sol dia d&#8217;ingr\u00e9s hospitalari innecessari pot suposar un estalvi de fins a 90.000 euros per al sistema<\/strong>, sempre que es garanteixi una alternativa segura, eficient i personalitzada des del territori.<br\/><\/p><\/p>\n\n<p><\/p>\n\n<h3 class=\"wp-block-heading has-text-align-center has-black-color has-pale-cyan-blue-background-color has-text-color has-background has-link-color wp-elements-44880fe079519fde9c182bf80ae82429\" style=\"font-size:22px\">Coordinaci\u00f3 entre nivells i aprenentatge compartit <\/h3>\n\n<p><\/p>\n\n<p class=\"has-black-color has-text-color has-link-color wp-elements-9936107fdce1b7fa14e86434c40b7e1c\" style=\"font-size:19px\"><p>La nova ruta que<strong> s&#8217;est\u00e0 dissenyant forma part d&#8217;un projecte estrat\u00e8gic de la regi\u00f3 sanit\u00e0ria de Barcelona,<\/strong> \u200b\u200bamb el lideratge compartit del Consorci Sanitari i un desplegament organitzatiu que inclou un <strong>comit\u00e8 directiu transversal, un comit\u00e8 operatiu i diversos grups de treball<\/strong> actius des del 8 de febrer passat.<br\/><\/p><\/p>\n\n<p class=\"has-black-color has-text-color has-link-color wp-elements-0cd364b7af231eb5e0a21997a064ce4b\" style=\"font-size:19px\"><p>A m\u00e9s de definir nous circuits i protocols, la iniciativa <strong>promou la interacci\u00f3 fluida entre dispositius assistencials, fomenta la coresponsabilitat cl\u00ednica i va establir mecanismes davaluaci\u00f3 i millora cont\u00ednua.<\/strong> Tot aix\u00f2 amb l&#8217;objectiu d&#8217;oferir una resposta m\u00e9s propera, proactiva i adaptada a les necessitats de les persones en situaci\u00f3 de complexitat o amb risc de fragilitat.<br\/><\/p><\/p>\n\n<p class=\"has-black-color has-text-color has-link-color wp-elements-fb608922583f7359664db597480187c4\" style=\"font-size:19px\"><p>Tal com van <strong>expressar<\/strong> diversos dels i les participants,<strong> comprendre millor el context, revisar les pr\u00e0ctiques actuals i aportar noves mirades<\/strong> \u00e9s essencial per evolucionar cap a un sistema que situ\u00ef la persona al centre, garantint una atenci\u00f3 de qualitat i amb sentit territorial.<br\/><\/p><\/p>\n\n<h3 class=\"wp-block-heading has-text-align-center has-black-color has-pale-cyan-blue-background-color has-text-color has-background has-link-color wp-elements-505d40c8590676452bd22c17537de238\" style=\"font-size:22px\">El paper de l&#8217;atenci\u00f3 interm\u00e8dia: una pe\u00e7a clau per a la continu\u00eftat assistencial<br\/><\/h3>\n\n<p><\/p>\n\n<figure class=\"wp-block-image size-large\"><img loading=\"lazy\" decoding=\"async\" width=\"1024\" height=\"576\" src=\"https:\/\/www.csantantoni.com\/wp-content\/uploads\/2025\/07\/15-1024x576.jpg\" alt=\"Intervenci&#xF3; Dr. Dur&#xE1;n\" class=\"wp-image-248045\" srcset=\"https:\/\/www.csantantoni.com\/wp-content\/uploads\/2025\/07\/15-980x551.jpg 980w, https:\/\/www.csantantoni.com\/wp-content\/uploads\/2025\/07\/15-480x270.jpg 480w\" sizes=\"(min-width: 0px) and (max-width: 480px) 480px, (min-width: 481px) and (max-width: 980px) 980px, (min-width: 981px) 1024px, 100vw\" \/><\/figure>\n\n<p class=\"has-black-color has-text-color has-link-color wp-elements-cd0b29383c006d31a4ce2da9641a72b2\" style=\"font-size:19px\"><p>Enaquest marc de transformaci\u00f3 del model, <strong>va destacar <\/strong>la intervenci\u00f3 del <strong>Dr. Julio Dur\u00e1n<\/strong>, director m\u00e8dic de la <a href=\"http:\/\/www.csantantoni.com\" data-mce-href=\"http:\/\/www.csantantoni.com\"><strong>Cl\u00ednica Sant Antoni<\/strong><\/a> i l\u00edder territorial d&#8217;Atenci\u00f3 Interm\u00e8dia del <a href=\"https:\/\/salutintegralbcn.gencat.cat\/ca\/Arees_Integrals_de_Salut\/ais-barcelona-esquerra\/\" data-mce-href=\"https:\/\/salutintegralbcn.gencat.cat\/ca\/Arees_Integrals_de_Salut\/ais-barcelona-esquerra\/\">AISBE<\/a>, qui<strong> va defensar<\/strong> e<strong>l paper estrat\u00e8gic d&#8217;aquest nivell assistencial com element fonamental\u00a0 <\/strong>per garantir la continu\u00eftat, la seguretat i l&#8217;efici\u00e8ncia en l&#8217;atenci\u00f3 a les persones amb fragilitat o complexitat.<br\/><\/p><\/p>\n\n<p class=\"has-text-align-center has-black-color has-text-color has-link-color wp-elements-f11be5484c23abc5790e644e83b4e2fb\" style=\"font-size:20px\"><p><em>&#8220;L&#8217;atenci\u00f3 interm\u00e8dia \u00e9s molt m\u00e9s que un recurs de transici\u00f3&#8221;, <strong>va afirmar<\/strong>. \u201c\u00c9s una baula clau en el recorregut de les persones, perqu\u00e8 permet abordar casos cl\u00ednics que no requereixen hospitalitzaci\u00f3 aguda, per\u00f2 s\u00ed una intervenci\u00f3 intensiva i propera\u201d.<\/em><br\/><\/p><\/p>\n\n<p class=\"has-black-color has-text-color has-link-color wp-elements-f4e98872c98b3c7e7f5043d36c8a5a09\" style=\"font-size:19px\"><p>El Dr. Dur\u00e1n<strong> va insistir<\/strong> que cal superar la visi\u00f3 compartimentada del sistema i <strong>entendre l&#8217;atenci\u00f3 interm\u00e8dia com un espai d&#8217;alt valor afegit,<\/strong> capa\u00e7 de millorar resultats cl\u00ednics i optimitzar recursos, situant sempre al centre la dignitat i les prefer\u00e8ncies de la persona.<br\/><\/p><\/p>\n\n<p class=\"has-black-color has-text-color has-link-color wp-elements-fa39deb7cf58eb24b29c30e706369615\" style=\"font-size:19px\"><\/p>\n\n<figure class=\"wp-block-image size-large\"><img loading=\"lazy\" decoding=\"async\" width=\"1024\" height=\"576\" src=\"https:\/\/www.csantantoni.com\/wp-content\/uploads\/2025\/07\/16-1024x576.jpg\" alt=\"Dr. Julio Dur&#xE1;n \" class=\"wp-image-248047\" srcset=\"https:\/\/www.csantantoni.com\/wp-content\/uploads\/2025\/07\/16-980x551.jpg 980w, https:\/\/www.csantantoni.com\/wp-content\/uploads\/2025\/07\/16-480x270.jpg 480w\" sizes=\"(min-width: 0px) and (max-width: 480px) 480px, (min-width: 481px) and (max-width: 980px) 980px, (min-width: 981px) 1024px, 100vw\" \/><\/figure>\n\n<p class=\"has-black-color has-text-color has-link-color wp-elements-fa39deb7cf58eb24b29c30e706369615\" style=\"font-size:19px\"><\/p>\n\n<p class=\"has-black-color has-text-color has-link-color wp-elements-e5e19ccb3ad7ea299e2a9803465c00c8\" style=\"font-size:19px\"><p>Tamb\u00e9 <strong>va subratllar <\/strong>la necessitat de millorar la coordinaci\u00f3 funcional entre nivells assistencials, promoure equips multidisciplinaris i <strong>revisar els models organitzatius actuals per fer-los m\u00e9s \u00e0gils i resolutius.<\/strong><br\/><\/p><\/p>\n\n<p class=\"has-text-align-center has-black-color has-text-color has-link-color wp-elements-3a51e4a3c29df829e17e621e42074d50\" style=\"font-size:20px\"><p><em>\u201cQuan el sistema \u00e9s capa\u00e7 de coordinar-se i actuar amb sentit cl\u00ednic i territorial, la resposta no nom\u00e9s \u00e9s m\u00e9s eficient, sin\u00f3 tamb\u00e9 m\u00e9s humana\u201d,<\/em> <strong>va concloure.<\/strong><br\/><\/p><\/p>\n\n<h3 class=\"wp-block-heading has-text-align-center has-black-color has-pale-cyan-blue-background-color has-text-color has-background has-link-color wp-elements-01444dab20ee259e8556653aed7d1894\" style=\"font-size:22px\">Una mirada cap a el futur<\/h3>\n\n<p><\/p>\n\n<p class=\"has-black-color has-text-color has-link-color wp-elements-5ebcc34eb019f6ab8f33b51009585afa\" style=\"font-size:19px\"><p>La jornada <strong>va posar en relleu que el repte de l&#8217;atenci\u00f3 a la fragilitat i la complexitat no \u00e9s nom\u00e9s cl\u00ednic, sin\u00f3 tamb\u00e9 estructural i cultural.<\/strong> Cal repensar els circuits, per\u00f2 tamb\u00e9 les relacions entre professionals, la manera com es prenen decisions i la manera com se situa la persona al centre.<br\/><\/p><\/p>\n\n<p class=\"has-black-color has-text-color has-link-color wp-elements-5ce9508bb720e276a4c2be26210bea5e\" style=\"font-size:19px\"><p>Amb iniciatives com aquesta, la regi\u00f3 sanit\u00e0ria de Barcelona <strong>fa un pas endavant en la construcci\u00f3 d&#8217;un model de salut m\u00e9s integrat, m\u00e9s intel\u00b7ligent i m\u00e9s hum\u00e0,<\/strong> capa\u00e7 de respondre als reptes presents i futurs del territori.<br\/><\/p><\/p>\n\n<p><\/p>\n\n<p>Font: elaboraci\u00f3 pr\u00f2pia. <\/p>\n","protected":false},"excerpt":{"rendered":"<p>El Dr. Julio Dur\u00e1n, l\u00edder territorial d&#8217;Atenci\u00f3 Interm\u00e8dia de l&#8217;AISBE, va defensar el paper estrat\u00e8gic d&#8217;aquest nivell assistencial per garantir continu\u00eftat\u00a0i efici\u00e8ncia en el sistema de salud. Amb la voluntat de transformar el model d&#8217;atenci\u00f3 a la ciutadania m\u00e9s vulnerable, diversos professionals sanitaris, gestors i representants institucionals es van reunir el passat divendres a l&#8217;Auditori [&hellip;]<\/p>\n","protected":false},"author":5,"featured_media":248048,"comment_status":"closed","ping_status":"closed","sticky":false,"template":"","format":"standard","meta":{"_et_pb_use_builder":"off","_et_pb_old_content":"","_et_gb_content_width":"","footnotes":""},"categories":[347,67],"tags":[467,468,146,470,469,164,473,474,258,475,472,166,476,471,111,477],"class_list":["post-248055","post","type-post","status-publish","format-standard","has-post-thumbnail","hentry","category-actualitat","category-noticies","tag-aisbe-ca","tag-atencio-intermedia","tag-barcelona-ca","tag-cat-salut-ca","tag-catsalut-ca","tag-clinica-sant-antoni-ca","tag-consorci-sanitari-de-barcelona-ca","tag-grups-de-treball-ca","tag-hospital-atencion-intermedia-ca","tag-liders-territorials","tag-maca-ca","tag-pacients","tag-parc-sanitari-pere-virgili-ca","tag-ruta-sanitaria-ca","tag-salut","tag-sistema-sanitari-catala-ca"],"yoast_head":"<!-- This site is optimized with the Yoast SEO plugin v27.5 - https:\/\/yoast.com\/product\/yoast-seo-wordpress\/ -->\n<title>Professionals sanitaris impulsen a Barcelona una nova ruta per millorar l&#039;atenci\u00f3 a les persones fr\u00e0gils i complexes - Cl\u00ednica Sant Antoni<\/title>\n<meta name=\"description\" content=\"Professionals sanitaris treballen a Barcelona per un model d&#039;atenci\u00f3 m\u00e9s coordinat, adaptat a la fragilitat i complexitat del territori\" \/>\n<meta name=\"robots\" content=\"index, follow, max-snippet:-1, max-image-preview:large, max-video-preview:-1\" \/>\n<link rel=\"canonical\" href=\"https:\/\/www.csantantoni.com\/ca\/2025\/07\/07\/professionals-sanitaris-impulsan-a-barcelona-una-nova-ruta-per-millorar-latencio-a-les-persones-fragils-i-complexes\/\" \/>\n<meta property=\"og:locale\" content=\"ca_ES\" \/>\n<meta property=\"og:type\" content=\"article\" \/>\n<meta property=\"og:title\" content=\"Professionals sanitaris impulsen a Barcelona una nova ruta per millorar l&#039;atenci\u00f3 a les persones fr\u00e0gils i complexes - Cl\u00ednica Sant Antoni\" \/>\n<meta property=\"og:description\" content=\"Professionals sanitaris treballen a Barcelona per un model d&#039;atenci\u00f3 m\u00e9s coordinat, adaptat a la fragilitat i la complexitat del territori\" \/>\n<meta property=\"og:url\" content=\"https:\/\/www.csantantoni.com\/ca\/2025\/07\/07\/professionals-sanitaris-impulsan-a-barcelona-una-nova-ruta-per-millorar-latencio-a-les-persones-fragils-i-complexes\/\" \/>\n<meta property=\"og:site_name\" content=\"Cl\u00ednica Sant Antoni\" \/>\n<meta property=\"article:published_time\" content=\"2025-07-07T09:12:51+00:00\" \/>\n<meta property=\"article:modified_time\" content=\"2025-07-07T10:42:11+00:00\" \/>\n<meta property=\"og:image\" content=\"https:\/\/www.csantantoni.com\/wp-content\/uploads\/2025\/07\/16-scaled.jpg\" \/>\n\t<meta property=\"og:image:width\" content=\"2560\" \/>\n\t<meta property=\"og:image:height\" content=\"1440\" \/>\n\t<meta property=\"og:image:type\" content=\"image\/jpeg\" \/>\n<meta name=\"author\" content=\"maria\" \/>\n<meta name=\"twitter:card\" content=\"summary_large_image\" \/>\n<meta name=\"twitter:label1\" content=\"Escrit per\" \/>\n\t<meta name=\"twitter:data1\" content=\"maria\" \/>\n\t<meta name=\"twitter:label2\" content=\"Temps estimat de lectura\" \/>\n\t<meta name=\"twitter:data2\" content=\"6 minuts\" \/>\n<script type=\"application\/ld+json\" class=\"yoast-schema-graph\">{\"@context\":\"https:\\\/\\\/schema.org\",\"@graph\":[{\"@type\":\"Article\",\"@id\":\"https:\\\/\\\/www.csantantoni.com\\\/ca\\\/2025\\\/07\\\/07\\\/professionals-sanitaris-impulsan-a-barcelona-una-nova-ruta-per-millorar-latencio-a-les-persones-fragils-i-complexes\\\/#article\",\"isPartOf\":{\"@id\":\"https:\\\/\\\/www.csantantoni.com\\\/ca\\\/2025\\\/07\\\/07\\\/professionals-sanitaris-impulsan-a-barcelona-una-nova-ruta-per-millorar-latencio-a-les-persones-fragils-i-complexes\\\/\"},\"author\":{\"name\":\"maria\",\"@id\":\"https:\\\/\\\/www.csantantoni.com\\\/#\\\/schema\\\/person\\\/1ac3bacc730030dd4af35da287c58da7\"},\"headline\":\"Professionals sanitaris impulsen a Barcelona una nova ruta per millorar l&#8217;atenci\u00f3 a les persones fr\u00e0gils i complexes\",\"datePublished\":\"2025-07-07T09:12:51+00:00\",\"dateModified\":\"2025-07-07T10:42:11+00:00\",\"mainEntityOfPage\":{\"@id\":\"https:\\\/\\\/www.csantantoni.com\\\/ca\\\/2025\\\/07\\\/07\\\/professionals-sanitaris-impulsan-a-barcelona-una-nova-ruta-per-millorar-latencio-a-les-persones-fragils-i-complexes\\\/\"},\"wordCount\":994,\"publisher\":{\"@id\":\"https:\\\/\\\/www.csantantoni.com\\\/#organization\"},\"image\":{\"@id\":\"https:\\\/\\\/www.csantantoni.com\\\/ca\\\/2025\\\/07\\\/07\\\/professionals-sanitaris-impulsan-a-barcelona-una-nova-ruta-per-millorar-latencio-a-les-persones-fragils-i-complexes\\\/#primaryimage\"},\"thumbnailUrl\":\"https:\\\/\\\/www.csantantoni.com\\\/wp-content\\\/uploads\\\/2025\\\/07\\\/16-scaled.jpg\",\"keywords\":[\"AISBE\",\"Atenci\u00f3 Interm\u00e8dia\",\"Barcelona\",\"Cat Salut\",\"CATSALUT\",\"Clinica Sant Antoni\",\"Consorci Sanitari de Barcelona\",\"Grups de Treball\",\"Hospital Atenci\u00f3n intermedia\",\"l\u00edders territorials\",\"MACA\",\"pacients\",\"Parc Sanitari Pere Virgili\",\"ruta sanit\u00e0ria\",\"salut\",\"Sistema Sanitari Catal\u00e0\"],\"articleSection\":[\"Actualitat\",\"Not\u00edcies\"],\"inLanguage\":\"ca\"},{\"@type\":\"WebPage\",\"@id\":\"https:\\\/\\\/www.csantantoni.com\\\/ca\\\/2025\\\/07\\\/07\\\/professionals-sanitaris-impulsan-a-barcelona-una-nova-ruta-per-millorar-latencio-a-les-persones-fragils-i-complexes\\\/\",\"url\":\"https:\\\/\\\/www.csantantoni.com\\\/ca\\\/2025\\\/07\\\/07\\\/professionals-sanitaris-impulsan-a-barcelona-una-nova-ruta-per-millorar-latencio-a-les-persones-fragils-i-complexes\\\/\",\"name\":\"Professionals sanitaris impulsen a Barcelona una nova ruta per millorar l'atenci\u00f3 a les persones fr\u00e0gils i complexes - Cl\u00ednica Sant Antoni\",\"isPartOf\":{\"@id\":\"https:\\\/\\\/www.csantantoni.com\\\/#website\"},\"primaryImageOfPage\":{\"@id\":\"https:\\\/\\\/www.csantantoni.com\\\/ca\\\/2025\\\/07\\\/07\\\/professionals-sanitaris-impulsan-a-barcelona-una-nova-ruta-per-millorar-latencio-a-les-persones-fragils-i-complexes\\\/#primaryimage\"},\"image\":{\"@id\":\"https:\\\/\\\/www.csantantoni.com\\\/ca\\\/2025\\\/07\\\/07\\\/professionals-sanitaris-impulsan-a-barcelona-una-nova-ruta-per-millorar-latencio-a-les-persones-fragils-i-complexes\\\/#primaryimage\"},\"thumbnailUrl\":\"https:\\\/\\\/www.csantantoni.com\\\/wp-content\\\/uploads\\\/2025\\\/07\\\/16-scaled.jpg\",\"datePublished\":\"2025-07-07T09:12:51+00:00\",\"dateModified\":\"2025-07-07T10:42:11+00:00\",\"description\":\"Professionals sanitaris treballen a Barcelona per un model d'atenci\u00f3 m\u00e9s coordinat, adaptat a la fragilitat i complexitat del territori\",\"breadcrumb\":{\"@id\":\"https:\\\/\\\/www.csantantoni.com\\\/ca\\\/2025\\\/07\\\/07\\\/professionals-sanitaris-impulsan-a-barcelona-una-nova-ruta-per-millorar-latencio-a-les-persones-fragils-i-complexes\\\/#breadcrumb\"},\"inLanguage\":\"ca\",\"potentialAction\":[{\"@type\":\"ReadAction\",\"target\":[\"https:\\\/\\\/www.csantantoni.com\\\/ca\\\/2025\\\/07\\\/07\\\/professionals-sanitaris-impulsan-a-barcelona-una-nova-ruta-per-millorar-latencio-a-les-persones-fragils-i-complexes\\\/\"]}]},{\"@type\":\"ImageObject\",\"inLanguage\":\"ca\",\"@id\":\"https:\\\/\\\/www.csantantoni.com\\\/ca\\\/2025\\\/07\\\/07\\\/professionals-sanitaris-impulsan-a-barcelona-una-nova-ruta-per-millorar-latencio-a-les-persones-fragils-i-complexes\\\/#primaryimage\",\"url\":\"https:\\\/\\\/www.csantantoni.com\\\/wp-content\\\/uploads\\\/2025\\\/07\\\/16-scaled.jpg\",\"contentUrl\":\"https:\\\/\\\/www.csantantoni.com\\\/wp-content\\\/uploads\\\/2025\\\/07\\\/16-scaled.jpg\",\"width\":2560,\"height\":1440,\"caption\":\"Dr. Julio Dur\u00e1n\"},{\"@type\":\"BreadcrumbList\",\"@id\":\"https:\\\/\\\/www.csantantoni.com\\\/ca\\\/2025\\\/07\\\/07\\\/professionals-sanitaris-impulsan-a-barcelona-una-nova-ruta-per-millorar-latencio-a-les-persones-fragils-i-complexes\\\/#breadcrumb\",\"itemListElement\":[{\"@type\":\"ListItem\",\"position\":1,\"name\":\"Portada\",\"item\":\"https:\\\/\\\/www.csantantoni.com\\\/\"},{\"@type\":\"ListItem\",\"position\":2,\"name\":\"Professionals sanitaris impulsen a Barcelona una nova ruta per millorar l&#8217;atenci\u00f3 a les persones fr\u00e0gils i complexes\"}]},{\"@type\":\"WebSite\",\"@id\":\"https:\\\/\\\/www.csantantoni.com\\\/#website\",\"url\":\"https:\\\/\\\/www.csantantoni.com\\\/\",\"name\":\"Cl\u00ednica Sant Antoni\",\"description\":\"Web de Cl\u00ednica Sant Antoni\",\"publisher\":{\"@id\":\"https:\\\/\\\/www.csantantoni.com\\\/#organization\"},\"potentialAction\":[{\"@type\":\"SearchAction\",\"target\":{\"@type\":\"EntryPoint\",\"urlTemplate\":\"https:\\\/\\\/www.csantantoni.com\\\/?s={search_term_string}\"},\"query-input\":{\"@type\":\"PropertyValueSpecification\",\"valueRequired\":true,\"valueName\":\"search_term_string\"}}],\"inLanguage\":\"ca\"},{\"@type\":\"Organization\",\"@id\":\"https:\\\/\\\/www.csantantoni.com\\\/#organization\",\"name\":\"Cl\u00ednica Sant Antoni\",\"url\":\"https:\\\/\\\/www.csantantoni.com\\\/\",\"logo\":{\"@type\":\"ImageObject\",\"inLanguage\":\"ca\",\"@id\":\"https:\\\/\\\/www.csantantoni.com\\\/#\\\/schema\\\/logo\\\/image\\\/\",\"url\":\"https:\\\/\\\/www.csantantoni.com\\\/wp-content\\\/uploads\\\/2022\\\/10\\\/clinica-sant-antoni-01.jpg\",\"contentUrl\":\"https:\\\/\\\/www.csantantoni.com\\\/wp-content\\\/uploads\\\/2022\\\/10\\\/clinica-sant-antoni-01.jpg\",\"width\":1980,\"height\":1315,\"caption\":\"Cl\u00ednica Sant Antoni\"},\"image\":{\"@id\":\"https:\\\/\\\/www.csantantoni.com\\\/#\\\/schema\\\/logo\\\/image\\\/\"}},{\"@type\":\"Person\",\"@id\":\"https:\\\/\\\/www.csantantoni.com\\\/#\\\/schema\\\/person\\\/1ac3bacc730030dd4af35da287c58da7\",\"name\":\"maria\",\"image\":{\"@type\":\"ImageObject\",\"inLanguage\":\"ca\",\"@id\":\"https:\\\/\\\/secure.gravatar.com\\\/avatar\\\/6976c4514c3f1e1daef2f5047bdeca80837d6cb7a7b437f151495dbc2b911500?s=96&d=mm&r=g\",\"url\":\"https:\\\/\\\/secure.gravatar.com\\\/avatar\\\/6976c4514c3f1e1daef2f5047bdeca80837d6cb7a7b437f151495dbc2b911500?s=96&d=mm&r=g\",\"contentUrl\":\"https:\\\/\\\/secure.gravatar.com\\\/avatar\\\/6976c4514c3f1e1daef2f5047bdeca80837d6cb7a7b437f151495dbc2b911500?s=96&d=mm&r=g\",\"caption\":\"maria\"},\"url\":\"https:\\\/\\\/www.csantantoni.com\\\/ca\\\/author\\\/maria\\\/\"}]}<\/script>\n<!-- \/ Yoast SEO plugin. -->","yoast_head_json":{"title":"Professionals sanitaris impulsen a Barcelona una nova ruta per millorar l'atenci\u00f3 a les persones fr\u00e0gils i complexes - Cl\u00ednica Sant Antoni","description":"Professionals sanitaris treballen a Barcelona per un model d'atenci\u00f3 m\u00e9s coordinat, adaptat a la fragilitat i complexitat del territori","robots":{"index":"index","follow":"follow","max-snippet":"max-snippet:-1","max-image-preview":"max-image-preview:large","max-video-preview":"max-video-preview:-1"},"canonical":"https:\/\/www.csantantoni.com\/ca\/2025\/07\/07\/professionals-sanitaris-impulsan-a-barcelona-una-nova-ruta-per-millorar-latencio-a-les-persones-fragils-i-complexes\/","og_locale":"ca_ES","og_type":"article","og_title":"Professionals sanitaris impulsen a Barcelona una nova ruta per millorar l'atenci\u00f3 a les persones fr\u00e0gils i complexes - Cl\u00ednica Sant Antoni","og_description":"Professionals sanitaris treballen a Barcelona per un model d'atenci\u00f3 m\u00e9s coordinat, adaptat a la fragilitat i la complexitat del territori","og_url":"https:\/\/www.csantantoni.com\/ca\/2025\/07\/07\/professionals-sanitaris-impulsan-a-barcelona-una-nova-ruta-per-millorar-latencio-a-les-persones-fragils-i-complexes\/","og_site_name":"Cl\u00ednica Sant Antoni","article_published_time":"2025-07-07T09:12:51+00:00","article_modified_time":"2025-07-07T10:42:11+00:00","og_image":[{"width":2560,"height":1440,"url":"https:\/\/www.csantantoni.com\/wp-content\/uploads\/2025\/07\/16-scaled.jpg","type":"image\/jpeg"}],"author":"maria","twitter_card":"summary_large_image","twitter_misc":{"Escrit per":"maria","Temps estimat de lectura":"6 minuts"},"schema":{"@context":"https:\/\/schema.org","@graph":[{"@type":"Article","@id":"https:\/\/www.csantantoni.com\/ca\/2025\/07\/07\/professionals-sanitaris-impulsan-a-barcelona-una-nova-ruta-per-millorar-latencio-a-les-persones-fragils-i-complexes\/#article","isPartOf":{"@id":"https:\/\/www.csantantoni.com\/ca\/2025\/07\/07\/professionals-sanitaris-impulsan-a-barcelona-una-nova-ruta-per-millorar-latencio-a-les-persones-fragils-i-complexes\/"},"author":{"name":"maria","@id":"https:\/\/www.csantantoni.com\/#\/schema\/person\/1ac3bacc730030dd4af35da287c58da7"},"headline":"Professionals sanitaris impulsen a Barcelona una nova ruta per millorar l&#8217;atenci\u00f3 a les persones fr\u00e0gils i complexes","datePublished":"2025-07-07T09:12:51+00:00","dateModified":"2025-07-07T10:42:11+00:00","mainEntityOfPage":{"@id":"https:\/\/www.csantantoni.com\/ca\/2025\/07\/07\/professionals-sanitaris-impulsan-a-barcelona-una-nova-ruta-per-millorar-latencio-a-les-persones-fragils-i-complexes\/"},"wordCount":994,"publisher":{"@id":"https:\/\/www.csantantoni.com\/#organization"},"image":{"@id":"https:\/\/www.csantantoni.com\/ca\/2025\/07\/07\/professionals-sanitaris-impulsan-a-barcelona-una-nova-ruta-per-millorar-latencio-a-les-persones-fragils-i-complexes\/#primaryimage"},"thumbnailUrl":"https:\/\/www.csantantoni.com\/wp-content\/uploads\/2025\/07\/16-scaled.jpg","keywords":["AISBE","Atenci\u00f3 Interm\u00e8dia","Barcelona","Cat Salut","CATSALUT","Clinica Sant Antoni","Consorci Sanitari de Barcelona","Grups de Treball","Hospital Atenci\u00f3n intermedia","l\u00edders territorials","MACA","pacients","Parc Sanitari Pere Virgili","ruta sanit\u00e0ria","salut","Sistema Sanitari Catal\u00e0"],"articleSection":["Actualitat","Not\u00edcies"],"inLanguage":"ca"},{"@type":"WebPage","@id":"https:\/\/www.csantantoni.com\/ca\/2025\/07\/07\/professionals-sanitaris-impulsan-a-barcelona-una-nova-ruta-per-millorar-latencio-a-les-persones-fragils-i-complexes\/","url":"https:\/\/www.csantantoni.com\/ca\/2025\/07\/07\/professionals-sanitaris-impulsan-a-barcelona-una-nova-ruta-per-millorar-latencio-a-les-persones-fragils-i-complexes\/","name":"Professionals sanitaris impulsen a Barcelona una nova ruta per millorar l'atenci\u00f3 a les persones fr\u00e0gils i complexes - Cl\u00ednica Sant Antoni","isPartOf":{"@id":"https:\/\/www.csantantoni.com\/#website"},"primaryImageOfPage":{"@id":"https:\/\/www.csantantoni.com\/ca\/2025\/07\/07\/professionals-sanitaris-impulsan-a-barcelona-una-nova-ruta-per-millorar-latencio-a-les-persones-fragils-i-complexes\/#primaryimage"},"image":{"@id":"https:\/\/www.csantantoni.com\/ca\/2025\/07\/07\/professionals-sanitaris-impulsan-a-barcelona-una-nova-ruta-per-millorar-latencio-a-les-persones-fragils-i-complexes\/#primaryimage"},"thumbnailUrl":"https:\/\/www.csantantoni.com\/wp-content\/uploads\/2025\/07\/16-scaled.jpg","datePublished":"2025-07-07T09:12:51+00:00","dateModified":"2025-07-07T10:42:11+00:00","description":"Professionals sanitaris treballen a Barcelona per un model d'atenci\u00f3 m\u00e9s coordinat, adaptat a la fragilitat i complexitat del territori","breadcrumb":{"@id":"https:\/\/www.csantantoni.com\/ca\/2025\/07\/07\/professionals-sanitaris-impulsan-a-barcelona-una-nova-ruta-per-millorar-latencio-a-les-persones-fragils-i-complexes\/#breadcrumb"},"inLanguage":"ca","potentialAction":[{"@type":"ReadAction","target":["https:\/\/www.csantantoni.com\/ca\/2025\/07\/07\/professionals-sanitaris-impulsan-a-barcelona-una-nova-ruta-per-millorar-latencio-a-les-persones-fragils-i-complexes\/"]}]},{"@type":"ImageObject","inLanguage":"ca","@id":"https:\/\/www.csantantoni.com\/ca\/2025\/07\/07\/professionals-sanitaris-impulsan-a-barcelona-una-nova-ruta-per-millorar-latencio-a-les-persones-fragils-i-complexes\/#primaryimage","url":"https:\/\/www.csantantoni.com\/wp-content\/uploads\/2025\/07\/16-scaled.jpg","contentUrl":"https:\/\/www.csantantoni.com\/wp-content\/uploads\/2025\/07\/16-scaled.jpg","width":2560,"height":1440,"caption":"Dr. Julio Dur\u00e1n"},{"@type":"BreadcrumbList","@id":"https:\/\/www.csantantoni.com\/ca\/2025\/07\/07\/professionals-sanitaris-impulsan-a-barcelona-una-nova-ruta-per-millorar-latencio-a-les-persones-fragils-i-complexes\/#breadcrumb","itemListElement":[{"@type":"ListItem","position":1,"name":"Portada","item":"https:\/\/www.csantantoni.com\/"},{"@type":"ListItem","position":2,"name":"Professionals sanitaris impulsen a Barcelona una nova ruta per millorar l&#8217;atenci\u00f3 a les persones fr\u00e0gils i complexes"}]},{"@type":"WebSite","@id":"https:\/\/www.csantantoni.com\/#website","url":"https:\/\/www.csantantoni.com\/","name":"Cl\u00ednica Sant Antoni","description":"Web de Cl\u00ednica Sant Antoni","publisher":{"@id":"https:\/\/www.csantantoni.com\/#organization"},"potentialAction":[{"@type":"SearchAction","target":{"@type":"EntryPoint","urlTemplate":"https:\/\/www.csantantoni.com\/?s={search_term_string}"},"query-input":{"@type":"PropertyValueSpecification","valueRequired":true,"valueName":"search_term_string"}}],"inLanguage":"ca"},{"@type":"Organization","@id":"https:\/\/www.csantantoni.com\/#organization","name":"Cl\u00ednica Sant Antoni","url":"https:\/\/www.csantantoni.com\/","logo":{"@type":"ImageObject","inLanguage":"ca","@id":"https:\/\/www.csantantoni.com\/#\/schema\/logo\/image\/","url":"https:\/\/www.csantantoni.com\/wp-content\/uploads\/2022\/10\/clinica-sant-antoni-01.jpg","contentUrl":"https:\/\/www.csantantoni.com\/wp-content\/uploads\/2022\/10\/clinica-sant-antoni-01.jpg","width":1980,"height":1315,"caption":"Cl\u00ednica Sant Antoni"},"image":{"@id":"https:\/\/www.csantantoni.com\/#\/schema\/logo\/image\/"}},{"@type":"Person","@id":"https:\/\/www.csantantoni.com\/#\/schema\/person\/1ac3bacc730030dd4af35da287c58da7","name":"maria","image":{"@type":"ImageObject","inLanguage":"ca","@id":"https:\/\/secure.gravatar.com\/avatar\/6976c4514c3f1e1daef2f5047bdeca80837d6cb7a7b437f151495dbc2b911500?s=96&d=mm&r=g","url":"https:\/\/secure.gravatar.com\/avatar\/6976c4514c3f1e1daef2f5047bdeca80837d6cb7a7b437f151495dbc2b911500?s=96&d=mm&r=g","contentUrl":"https:\/\/secure.gravatar.com\/avatar\/6976c4514c3f1e1daef2f5047bdeca80837d6cb7a7b437f151495dbc2b911500?s=96&d=mm&r=g","caption":"maria"},"url":"https:\/\/www.csantantoni.com\/ca\/author\/maria\/"}]}},"_links":{"self":[{"href":"https:\/\/www.csantantoni.com\/ca\/wp-json\/wp\/v2\/posts\/248055","targetHints":{"allow":["GET"]}}],"collection":[{"href":"https:\/\/www.csantantoni.com\/ca\/wp-json\/wp\/v2\/posts"}],"about":[{"href":"https:\/\/www.csantantoni.com\/ca\/wp-json\/wp\/v2\/types\/post"}],"author":[{"embeddable":true,"href":"https:\/\/www.csantantoni.com\/ca\/wp-json\/wp\/v2\/users\/5"}],"replies":[{"embeddable":true,"href":"https:\/\/www.csantantoni.com\/ca\/wp-json\/wp\/v2\/comments?post=248055"}],"version-history":[{"count":4,"href":"https:\/\/www.csantantoni.com\/ca\/wp-json\/wp\/v2\/posts\/248055\/revisions"}],"predecessor-version":[{"id":248059,"href":"https:\/\/www.csantantoni.com\/ca\/wp-json\/wp\/v2\/posts\/248055\/revisions\/248059"}],"wp:featuredmedia":[{"embeddable":true,"href":"https:\/\/www.csantantoni.com\/ca\/wp-json\/wp\/v2\/media\/248048"}],"wp:attachment":[{"href":"https:\/\/www.csantantoni.com\/ca\/wp-json\/wp\/v2\/media?parent=248055"}],"wp:term":[{"taxonomy":"category","embeddable":true,"href":"https:\/\/www.csantantoni.com\/ca\/wp-json\/wp\/v2\/categories?post=248055"},{"taxonomy":"post_tag","embeddable":true,"href":"https:\/\/www.csantantoni.com\/ca\/wp-json\/wp\/v2\/tags?post=248055"}],"curies":[{"name":"wp","href":"https:\/\/api.w.org\/{rel}","templated":true}]}}