{"id":248366,"date":"2025-08-29T10:18:12","date_gmt":"2025-08-29T10:18:12","guid":{"rendered":"https:\/\/www.csantantoni.com\/2025\/08\/29\/consells-per-reprendre-habits-saludables-despres-de-lestiu\/"},"modified":"2025-09-04T10:37:40","modified_gmt":"2025-09-04T10:37:40","slug":"consells-per-reprendre-habits-saludables-despres-de-lestiu","status":"publish","type":"post","link":"https:\/\/www.csantantoni.com\/ca\/2025\/08\/29\/consells-per-reprendre-habits-saludables-despres-de-lestiu\/","title":{"rendered":"Consells per reprendre h\u00e0bits saludables despr\u00e9s de l&#8217;estiu"},"content":{"rendered":"\n<h3 class=\"wp-block-heading has-black-color has-text-color has-link-color wp-elements-768e71bd08725375abfbc01eeadf1a18\">Torna a la rutina amb energia i benestar<\/h3>\n\n\n\n<figure class=\"wp-block-image size-large\"><img loading=\"lazy\" decoding=\"async\" width=\"1024\" height=\"312\" src=\"https:\/\/www.csantantoni.com\/wp-content\/uploads\/2025\/08\/capcalera-blog-10-1024x312.jpg\" alt=\"Torna a la rutina amb energia i benestar\" class=\"wp-image-248331\" srcset=\"https:\/\/www.csantantoni.com\/wp-content\/uploads\/2025\/08\/capcalera-blog-10-980x298.jpg 980w, https:\/\/www.csantantoni.com\/wp-content\/uploads\/2025\/08\/capcalera-blog-10-480x146.jpg 480w\" sizes=\"(min-width: 0px) and (max-width: 480px) 480px, (min-width: 481px) and (max-width: 980px) 980px, (min-width: 981px) 1024px, 100vw\" \/><\/figure>\n\n\n\n<p class=\"has-black-color has-text-color has-link-color wp-elements-ea83b7aa19f4f04741d4bf911bafb4cd\" style=\"font-size:18px\">L&#8217;estiu ens regala dies m\u00e9s llargs, menjars improvisats i moments de relaxaci\u00f3 que trenquen amb la rutina. Aquest canvi d\u201fh\u00e0bits \u00e9s natural i necessari, per\u00f2 sovint arriba setembre i notem que ens costa tornar al ritme habitual. Recuperar les rutines de salut no ha de ser un esfor\u00e7 impossible, sin\u00f3 una oportunitat per retrobar-nos amb all\u00f2 que ens fa sentir millor, tant a nivell f\u00edsic com emocional.<\/p>\n\n\n\n<p class=\"has-black-color has-text-color has-link-color wp-elements-a83848da792b804d4168fa9adf3fc4d1\" style=\"font-size:18px\">El primer pas per reprendre uns h\u00e0bits saludables \u00e9s <strong>reordenar els horaris<\/strong>. Durant les vacances \u00e9s f\u00e0cil ficar-se al llit m\u00e9s tard, aixecar-se sense despertador i menjar a hores irregulars. A poc a poc cal tornar a establir una pauta estable: respectar les hores de son, sopar d&#8217;hora i aixecar-se a la mateixa hora cada dia. El cos agraeix aquesta regularitat, i en pocs dies notarem que el descans millora i que recuperem energia per fer front a les tasques di\u00e0ries.<\/p>\n\n\n\n<figure class=\"wp-block-image size-large\"><img loading=\"lazy\" decoding=\"async\" width=\"1024\" height=\"416\" src=\"https:\/\/www.csantantoni.com\/wp-content\/uploads\/2025\/08\/Reordenar-horarios-1024x416.jpg\" alt=\"Reordenar horaris\" class=\"wp-image-248318\" srcset=\"https:\/\/www.csantantoni.com\/wp-content\/uploads\/2025\/08\/Reordenar-horarios-980x398.jpg 980w, https:\/\/www.csantantoni.com\/wp-content\/uploads\/2025\/08\/Reordenar-horarios-480x195.jpg 480w\" sizes=\"(min-width: 0px) and (max-width: 480px) 480px, (min-width: 481px) and (max-width: 980px) 980px, (min-width: 981px) 1024px, 100vw\" \/><figcaption class=\"wp-element-caption\">Reordenar horaris<\/figcaption><\/figure>\n\n\n\n<p class=\"has-black-color has-text-color has-link-color wp-elements-1d383d2b8817a61acd7c89618d6ac0d8\" style=\"font-size:18px\">Un altre aspecte essencial \u00e9s <strong>l&#8217;alimentaci\u00f3.<\/strong> Els \u00e0pats d&#8217;estiu solen incloure m\u00e9s excessos: gelats, refrescos, barbacoes o menjar r\u00e0pid. \u00c9s moment de tornar a una dieta equilibrada, basada en fruita i verdura de temporada, cereals integrals i prote\u00efnes de qualitat. No es tracta de compensar amb restriccions estrictes, sin\u00f3 de recuperar la sensaci\u00f3 dequilibri i de benestar que ens aporta una alimentaci\u00f3 variada. A m\u00e9s, \u00e9s recomanable planificar els \u00e0pats setmanals: aix\u00ed evitem improvisar i acabar escollint opcions menys saludables.<\/p>\n\n\n\n<figure class=\"wp-block-image size-large\"><img loading=\"lazy\" decoding=\"async\" width=\"1024\" height=\"412\" src=\"https:\/\/www.csantantoni.com\/wp-content\/uploads\/2025\/08\/Planifica-apats-1024x412.jpg\" alt=\"Planifica \u00e0pats\" class=\"wp-image-248320\" srcset=\"https:\/\/www.csantantoni.com\/wp-content\/uploads\/2025\/08\/Planifica-apats-980x395.jpg 980w, https:\/\/www.csantantoni.com\/wp-content\/uploads\/2025\/08\/Planifica-apats-480x193.jpg 480w\" sizes=\"(min-width: 0px) and (max-width: 480px) 480px, (min-width: 481px) and (max-width: 980px) 980px, (min-width: 981px) 1024px, 100vw\" \/><figcaption class=\"wp-element-caption\">Planificar \u00e0pats<\/figcaption><\/figure>\n\n\n\n<p class=\"has-black-color has-text-color has-link-color wp-elements-d874457f66ed66739ff753152fd1eb4e\" style=\"font-size:18px\">Tamb\u00e9 \u00e9s fonamental recuperar <strong>l&#8217;activitat f\u00edsica<\/strong>. L&#8217;estiu sovint comporta una vida m\u00e9s sedent\u00e0ria, encara que hi pugui haver dies de platja, excursions o llargues caminades. Ara \u00e9s un bon moment per tornar a integrar l&#8217;exercici a la nostra rutina. No cal comen\u00e7ar amb grans reptes ni apuntar-se al gimn\u00e0s immediatament: nom\u00e9s cal moure&#8217;s cada dia. Una caminada de mitja hora, pujar escales en comptes d&#8217;agafar l&#8217;ascensor o fer activitats suaus com el ioga o els estiraments poden ser una bona porta d&#8217;entrada. El que \u00e9s important \u00e9s la const\u00e0ncia, perqu\u00e8 \u00e9s el que realment marca la difer\u00e8ncia en la salut a llarg termini.<\/p>\n\n\n\n<figure class=\"wp-block-image size-large\"><img loading=\"lazy\" decoding=\"async\" width=\"1024\" height=\"412\" src=\"https:\/\/www.csantantoni.com\/wp-content\/uploads\/2025\/08\/Recuperars-la-actividad-fisica-1024x412.jpg\" alt=\"Recuperar l'actividad f\u00edsica\" class=\"wp-image-248322\" srcset=\"https:\/\/www.csantantoni.com\/wp-content\/uploads\/2025\/08\/Recuperars-la-actividad-fisica-980x395.jpg 980w, https:\/\/www.csantantoni.com\/wp-content\/uploads\/2025\/08\/Recuperars-la-actividad-fisica-480x193.jpg 480w\" sizes=\"(min-width: 0px) and (max-width: 480px) 480px, (min-width: 481px) and (max-width: 980px) 980px, (min-width: 981px) 1024px, 100vw\" \/><figcaption class=\"wp-element-caption\">Recuperar l&#8217;actividad f\u00edsica<\/figcaption><\/figure>\n\n\n\n<p class=\"has-black-color has-text-color has-link-color wp-elements-5968d7b3d0ba18345915e30d9aa456d0\" style=\"font-size:18px\"><strong>La hidrataci\u00f3 <\/strong>\u00e9s un altre h\u00e0bit que sovint passem per alt quan arriba la tardor. Amb menys calor, \u00e9s f\u00e0cil oblidar-se de beure aigua. No obstant aix\u00f2, mantenir una bona hidrataci\u00f3 continua sent clau per al nostre benestar. Tenir sempre una ampolla a m\u00e0 i acostumar-nos a beure al llarg del dia ens ajuda a evitar la sensaci\u00f3 de cansament i millora el funcionament del nostre organisme.<\/p>\n\n\n\n<figure class=\"wp-block-image size-large\"><img loading=\"lazy\" decoding=\"async\" width=\"1024\" height=\"411\" src=\"https:\/\/www.csantantoni.com\/wp-content\/uploads\/2025\/08\/Hidratarse-1024x411.jpg\" alt=\"Hidratarse\" class=\"wp-image-248324\" srcset=\"https:\/\/www.csantantoni.com\/wp-content\/uploads\/2025\/08\/Hidratarse-980x393.jpg 980w, https:\/\/www.csantantoni.com\/wp-content\/uploads\/2025\/08\/Hidratarse-480x193.jpg 480w\" sizes=\"(min-width: 0px) and (max-width: 480px) 480px, (min-width: 481px) and (max-width: 980px) 980px, (min-width: 981px) 1024px, 100vw\" \/><figcaption class=\"wp-element-caption\">Hidratar-se<\/figcaption><\/figure>\n\n\n\n<p class=\"has-black-color has-text-color has-link-color wp-elements-01f3dceb6d27974647ad1d23fbf9913d\" style=\"font-size:18px\">A m\u00e9s del cos, tamb\u00e9 hem de tenir <strong>cura de la ment<\/strong>. La tornada a la rutina, amb la feina, els horaris i les responsabilitats familiars, pot generar estr\u00e8s i ansietat. Per aix\u00f2 \u00e9s important reservar espais per desconnectar. No calen gaires coses: llegir un llibre, escoltar m\u00fasica, caminar una estona en silenci o practicar t\u00e8cniques de respiraci\u00f3 conscient poden marcar la difer\u00e8ncia. El benestar emocional \u00e9s tan rellevant com el f\u00edsic, i tots dos aspectes estan profundament connectats.<\/p>\n\n\n\n<figure class=\"wp-block-image size-large\"><img loading=\"lazy\" decoding=\"async\" width=\"1024\" height=\"411\" src=\"https:\/\/www.csantantoni.com\/wp-content\/uploads\/2025\/08\/Bienestar-emocional-1024x411.jpg\" alt=\"Benestar emocional\" class=\"wp-image-248326\" srcset=\"https:\/\/www.csantantoni.com\/wp-content\/uploads\/2025\/08\/Bienestar-emocional-980x393.jpg 980w, https:\/\/www.csantantoni.com\/wp-content\/uploads\/2025\/08\/Bienestar-emocional-480x193.jpg 480w\" sizes=\"(min-width: 0px) and (max-width: 480px) 480px, (min-width: 481px) and (max-width: 980px) 980px, (min-width: 981px) 1024px, 100vw\" \/><figcaption class=\"wp-element-caption\">Benestar emocional<\/figcaption><\/figure>\n\n\n\n<p class=\"has-black-color has-text-color has-link-color wp-elements-570838ccb82d5296f66a9cfdad220484\" style=\"font-size:18px\">Finalment, \u00e9s \u00fatil <strong>marcar objectius realistes<\/strong>. De vegades, quan volem reprendre els h\u00e0bits saludables, ens exigim massa i acabem frustrats. \u00c9s millor comen\u00e7ar amb petits canvis i mantenir-los en el temps que voler canviar-ho tot de cop. Escriure aquests prop\u00f2sits i fer-ne un seguiment pot ser una bona manera de motivar-nos. Cada petit aven\u00e7 \u00e9s un pas endavant cap a una vida m\u00e9s equilibrada.<\/p>\n\n\n\n<figure class=\"wp-block-image size-large\"><img loading=\"lazy\" decoding=\"async\" width=\"1024\" height=\"408\" src=\"https:\/\/www.csantantoni.com\/wp-content\/uploads\/2025\/08\/Objetivos-realistas-1024x408.jpg\" alt=\"Objectius realistes\" class=\"wp-image-248328\" srcset=\"https:\/\/www.csantantoni.com\/wp-content\/uploads\/2025\/08\/Objetivos-realistas-980x391.jpg 980w, https:\/\/www.csantantoni.com\/wp-content\/uploads\/2025\/08\/Objetivos-realistas-480x191.jpg 480w\" sizes=\"(min-width: 0px) and (max-width: 480px) 480px, (min-width: 481px) and (max-width: 980px) 980px, (min-width: 981px) 1024px, 100vw\" \/><figcaption class=\"wp-element-caption\">Objectius realistes<\/figcaption><\/figure>\n\n\n\n<p class=\"has-black-color has-text-color has-link-color wp-elements-9a10fbeedfaf472c7e2d02d4f2daa099\" style=\"font-size:18px\">En definitiva, reprendre els h\u00e0bits saludables despr\u00e9s de l&#8217;estiu no \u00e9s una cursa contrarellotge. \u00c9s un proc\u00e9s gradual que ens permet retrobar-nos amb el nostre cos i la nostra ment. Si aconseguim integrar aquests petits gestos al dia a dia, setembre es converteix en una oportunitat per comen\u00e7ar de nou amb energia, vitalitat i il\u00b7lusi\u00f3. Des de la <strong><a href=\"http:\/\/www.csantantoni.com\">Cl\u00ednica Sant Antoni<\/a><\/strong> us animem a fer aquest pas ia cuidar-vos cada dia, perqu\u00e8 la prevenci\u00f3 i l&#8217;autocura s\u00f3n la base d&#8217;una vida m\u00e9s plena i saludable.<\/p>\n\n\n\n<p class=\"has-black-color has-text-color has-link-color wp-elements-ec176e668fa79d5995778196189795f7\" style=\"font-size:18px\">Font: elaboraci\u00f3 pr\u00f2pia<\/p>\n","protected":false},"excerpt":{"rendered":"<p>Torna a la rutina amb energia i benestar L&#8217;estiu ens regala dies m\u00e9s llargs, menjars improvisats i moments de relaxaci\u00f3 que trenquen amb la rutina. Aquest canvi d\u201fh\u00e0bits \u00e9s natural i necessari, per\u00f2 sovint arriba setembre i notem que ens costa tornar al ritme habitual. Recuperar les rutines de salut no ha de ser un [&hellip;]<\/p>\n","protected":false},"author":5,"featured_media":248329,"comment_status":"closed","ping_status":"closed","sticky":false,"template":"","format":"standard","meta":{"_et_pb_use_builder":"off","_et_pb_old_content":"","_et_gb_content_width":"","footnotes":""},"categories":[348,67],"tags":[75,146,164,68,222,510,81,381,508,507,336,258,509,166,80,506,111],"class_list":["post-248366","post","type-post","status-publish","format-standard","has-post-thumbnail","hentry","category-blog-ca","category-noticies","tag-alimentacio","tag-barcelona-ca","tag-clinica-sant-antoni-ca","tag-consells","tag-csa-ca","tag-cuidar-la-ment","tag-estiu","tag-habits","tag-hidratacio","tag-horaris","tag-hospital-ca","tag-hospital-atencion-intermedia-ca","tag-objectius-realistes","tag-pacients","tag-recomenacions","tag-rutina-ca","tag-salut"],"yoast_head":"<!-- This site is optimized with the Yoast SEO plugin v27.5 - https:\/\/yoast.com\/product\/yoast-seo-wordpress\/ -->\n<title>Consells per reprendre h\u00e0bits saludables despr\u00e9s de l&#039;estiu - Cl\u00ednica Sant Antoni<\/title>\n<meta name=\"description\" content=\"Reprendre els h\u00e0bits saludables despr\u00e9s de l&#039;estiu no \u00e9s una cursa contrarellotge, sin\u00f3 una oportunitat per retrobar-nos amb el nostre cos i la nostra ment.\" \/>\n<meta name=\"robots\" content=\"index, follow, max-snippet:-1, max-image-preview:large, max-video-preview:-1\" \/>\n<link rel=\"canonical\" href=\"https:\/\/www.csantantoni.com\/ca\/2025\/08\/29\/consells-per-reprendre-habits-saludables-despres-de-lestiu\/\" \/>\n<meta property=\"og:locale\" content=\"ca_ES\" \/>\n<meta property=\"og:type\" content=\"article\" \/>\n<meta property=\"og:title\" content=\"Reprendre h\u00e0bits saludables despr\u00e9s de l&#039;estiu\" \/>\n<meta property=\"og:description\" content=\"Reprendre els h\u00e0bits saludables despr\u00e9s de l&#039;estiu no \u00e9s una cursa contrarellotge, sin\u00f3 una oportunitat per retrobar-nos amb el nostre cos i la nostra ment.\" \/>\n<meta property=\"og:url\" content=\"https:\/\/www.csantantoni.com\/ca\/2025\/08\/29\/consells-per-reprendre-habits-saludables-despres-de-lestiu\/\" \/>\n<meta property=\"og:site_name\" content=\"Cl\u00ednica Sant Antoni\" \/>\n<meta property=\"article:published_time\" content=\"2025-08-29T10:18:12+00:00\" \/>\n<meta property=\"article:modified_time\" content=\"2025-09-04T10:37:40+00:00\" \/>\n<meta property=\"og:image\" content=\"https:\/\/www.csantantoni.com\/wp-content\/uploads\/2025\/08\/Objetivos-realistas-scaled.jpg\" \/>\n\t<meta property=\"og:image:width\" content=\"2560\" \/>\n\t<meta property=\"og:image:height\" content=\"1021\" \/>\n\t<meta property=\"og:image:type\" content=\"image\/jpeg\" \/>\n<meta name=\"author\" content=\"maria\" \/>\n<meta name=\"twitter:card\" content=\"summary_large_image\" \/>\n<meta name=\"twitter:label1\" content=\"Escrit per\" \/>\n\t<meta name=\"twitter:data1\" content=\"maria\" \/>\n\t<meta name=\"twitter:label2\" content=\"Temps estimat de lectura\" \/>\n\t<meta name=\"twitter:data2\" content=\"5 minuts\" \/>\n<script type=\"application\/ld+json\" class=\"yoast-schema-graph\">{\"@context\":\"https:\\\/\\\/schema.org\",\"@graph\":[{\"@type\":\"Article\",\"@id\":\"https:\\\/\\\/www.csantantoni.com\\\/ca\\\/2025\\\/08\\\/29\\\/consells-per-reprendre-habits-saludables-despres-de-lestiu\\\/#article\",\"isPartOf\":{\"@id\":\"https:\\\/\\\/www.csantantoni.com\\\/ca\\\/2025\\\/08\\\/29\\\/consells-per-reprendre-habits-saludables-despres-de-lestiu\\\/\"},\"author\":{\"name\":\"maria\",\"@id\":\"https:\\\/\\\/www.csantantoni.com\\\/#\\\/schema\\\/person\\\/1ac3bacc730030dd4af35da287c58da7\"},\"headline\":\"Consells per reprendre h\u00e0bits saludables despr\u00e9s de l&#8217;estiu\",\"datePublished\":\"2025-08-29T10:18:12+00:00\",\"dateModified\":\"2025-09-04T10:37:40+00:00\",\"mainEntityOfPage\":{\"@id\":\"https:\\\/\\\/www.csantantoni.com\\\/ca\\\/2025\\\/08\\\/29\\\/consells-per-reprendre-habits-saludables-despres-de-lestiu\\\/\"},\"wordCount\":717,\"publisher\":{\"@id\":\"https:\\\/\\\/www.csantantoni.com\\\/#organization\"},\"image\":{\"@id\":\"https:\\\/\\\/www.csantantoni.com\\\/ca\\\/2025\\\/08\\\/29\\\/consells-per-reprendre-habits-saludables-despres-de-lestiu\\\/#primaryimage\"},\"thumbnailUrl\":\"https:\\\/\\\/www.csantantoni.com\\\/wp-content\\\/uploads\\\/2025\\\/08\\\/Objetivos-realistas-scaled.jpg\",\"keywords\":[\"alimentaci\u00f3\",\"Barcelona\",\"Clinica Sant Antoni\",\"consells\",\"CSA\",\"cuidar la ment\",\"estiu\",\"h\u00e1bits\",\"hidrataci\u00f3\",\"horaris\",\"hospital\",\"Hospital Atenci\u00f3n intermedia\",\"objectius realistes\",\"pacients\",\"recomenacions\",\"rutina\",\"salut\"],\"articleSection\":[\"Blog\",\"Not\u00edcies\"],\"inLanguage\":\"ca\"},{\"@type\":\"WebPage\",\"@id\":\"https:\\\/\\\/www.csantantoni.com\\\/ca\\\/2025\\\/08\\\/29\\\/consells-per-reprendre-habits-saludables-despres-de-lestiu\\\/\",\"url\":\"https:\\\/\\\/www.csantantoni.com\\\/ca\\\/2025\\\/08\\\/29\\\/consells-per-reprendre-habits-saludables-despres-de-lestiu\\\/\",\"name\":\"Consells per reprendre h\u00e0bits saludables despr\u00e9s de l'estiu - Cl\u00ednica Sant Antoni\",\"isPartOf\":{\"@id\":\"https:\\\/\\\/www.csantantoni.com\\\/#website\"},\"primaryImageOfPage\":{\"@id\":\"https:\\\/\\\/www.csantantoni.com\\\/ca\\\/2025\\\/08\\\/29\\\/consells-per-reprendre-habits-saludables-despres-de-lestiu\\\/#primaryimage\"},\"image\":{\"@id\":\"https:\\\/\\\/www.csantantoni.com\\\/ca\\\/2025\\\/08\\\/29\\\/consells-per-reprendre-habits-saludables-despres-de-lestiu\\\/#primaryimage\"},\"thumbnailUrl\":\"https:\\\/\\\/www.csantantoni.com\\\/wp-content\\\/uploads\\\/2025\\\/08\\\/Objetivos-realistas-scaled.jpg\",\"datePublished\":\"2025-08-29T10:18:12+00:00\",\"dateModified\":\"2025-09-04T10:37:40+00:00\",\"description\":\"Reprendre els h\u00e0bits saludables despr\u00e9s de l'estiu no \u00e9s una cursa contrarellotge, sin\u00f3 una oportunitat per retrobar-nos amb el nostre cos i la nostra ment.\",\"breadcrumb\":{\"@id\":\"https:\\\/\\\/www.csantantoni.com\\\/ca\\\/2025\\\/08\\\/29\\\/consells-per-reprendre-habits-saludables-despres-de-lestiu\\\/#breadcrumb\"},\"inLanguage\":\"ca\",\"potentialAction\":[{\"@type\":\"ReadAction\",\"target\":[\"https:\\\/\\\/www.csantantoni.com\\\/ca\\\/2025\\\/08\\\/29\\\/consells-per-reprendre-habits-saludables-despres-de-lestiu\\\/\"]}]},{\"@type\":\"ImageObject\",\"inLanguage\":\"ca\",\"@id\":\"https:\\\/\\\/www.csantantoni.com\\\/ca\\\/2025\\\/08\\\/29\\\/consells-per-reprendre-habits-saludables-despres-de-lestiu\\\/#primaryimage\",\"url\":\"https:\\\/\\\/www.csantantoni.com\\\/wp-content\\\/uploads\\\/2025\\\/08\\\/Objetivos-realistas-scaled.jpg\",\"contentUrl\":\"https:\\\/\\\/www.csantantoni.com\\\/wp-content\\\/uploads\\\/2025\\\/08\\\/Objetivos-realistas-scaled.jpg\",\"width\":2560,\"height\":1021,\"caption\":\"Objetivos realistas\"},{\"@type\":\"BreadcrumbList\",\"@id\":\"https:\\\/\\\/www.csantantoni.com\\\/ca\\\/2025\\\/08\\\/29\\\/consells-per-reprendre-habits-saludables-despres-de-lestiu\\\/#breadcrumb\",\"itemListElement\":[{\"@type\":\"ListItem\",\"position\":1,\"name\":\"Portada\",\"item\":\"https:\\\/\\\/www.csantantoni.com\\\/\"},{\"@type\":\"ListItem\",\"position\":2,\"name\":\"Consells per reprendre h\u00e0bits saludables despr\u00e9s de l&#8217;estiu\"}]},{\"@type\":\"WebSite\",\"@id\":\"https:\\\/\\\/www.csantantoni.com\\\/#website\",\"url\":\"https:\\\/\\\/www.csantantoni.com\\\/\",\"name\":\"Cl\u00ednica Sant Antoni\",\"description\":\"Web de Cl\u00ednica Sant Antoni\",\"publisher\":{\"@id\":\"https:\\\/\\\/www.csantantoni.com\\\/#organization\"},\"potentialAction\":[{\"@type\":\"SearchAction\",\"target\":{\"@type\":\"EntryPoint\",\"urlTemplate\":\"https:\\\/\\\/www.csantantoni.com\\\/?s={search_term_string}\"},\"query-input\":{\"@type\":\"PropertyValueSpecification\",\"valueRequired\":true,\"valueName\":\"search_term_string\"}}],\"inLanguage\":\"ca\"},{\"@type\":\"Organization\",\"@id\":\"https:\\\/\\\/www.csantantoni.com\\\/#organization\",\"name\":\"Cl\u00ednica Sant Antoni\",\"url\":\"https:\\\/\\\/www.csantantoni.com\\\/\",\"logo\":{\"@type\":\"ImageObject\",\"inLanguage\":\"ca\",\"@id\":\"https:\\\/\\\/www.csantantoni.com\\\/#\\\/schema\\\/logo\\\/image\\\/\",\"url\":\"https:\\\/\\\/www.csantantoni.com\\\/wp-content\\\/uploads\\\/2022\\\/10\\\/clinica-sant-antoni-01.jpg\",\"contentUrl\":\"https:\\\/\\\/www.csantantoni.com\\\/wp-content\\\/uploads\\\/2022\\\/10\\\/clinica-sant-antoni-01.jpg\",\"width\":1980,\"height\":1315,\"caption\":\"Cl\u00ednica Sant Antoni\"},\"image\":{\"@id\":\"https:\\\/\\\/www.csantantoni.com\\\/#\\\/schema\\\/logo\\\/image\\\/\"}},{\"@type\":\"Person\",\"@id\":\"https:\\\/\\\/www.csantantoni.com\\\/#\\\/schema\\\/person\\\/1ac3bacc730030dd4af35da287c58da7\",\"name\":\"maria\",\"image\":{\"@type\":\"ImageObject\",\"inLanguage\":\"ca\",\"@id\":\"https:\\\/\\\/secure.gravatar.com\\\/avatar\\\/6976c4514c3f1e1daef2f5047bdeca80837d6cb7a7b437f151495dbc2b911500?s=96&d=mm&r=g\",\"url\":\"https:\\\/\\\/secure.gravatar.com\\\/avatar\\\/6976c4514c3f1e1daef2f5047bdeca80837d6cb7a7b437f151495dbc2b911500?s=96&d=mm&r=g\",\"contentUrl\":\"https:\\\/\\\/secure.gravatar.com\\\/avatar\\\/6976c4514c3f1e1daef2f5047bdeca80837d6cb7a7b437f151495dbc2b911500?s=96&d=mm&r=g\",\"caption\":\"maria\"},\"url\":\"https:\\\/\\\/www.csantantoni.com\\\/ca\\\/author\\\/maria\\\/\"}]}<\/script>\n<!-- \/ Yoast SEO plugin. -->","yoast_head_json":{"title":"Consells per reprendre h\u00e0bits saludables despr\u00e9s de l'estiu - Cl\u00ednica Sant Antoni","description":"Reprendre els h\u00e0bits saludables despr\u00e9s de l'estiu no \u00e9s una cursa contrarellotge, sin\u00f3 una oportunitat per retrobar-nos amb el nostre cos i la nostra ment.","robots":{"index":"index","follow":"follow","max-snippet":"max-snippet:-1","max-image-preview":"max-image-preview:large","max-video-preview":"max-video-preview:-1"},"canonical":"https:\/\/www.csantantoni.com\/ca\/2025\/08\/29\/consells-per-reprendre-habits-saludables-despres-de-lestiu\/","og_locale":"ca_ES","og_type":"article","og_title":"Reprendre h\u00e0bits saludables despr\u00e9s de l'estiu","og_description":"Reprendre els h\u00e0bits saludables despr\u00e9s de l'estiu no \u00e9s una cursa contrarellotge, sin\u00f3 una oportunitat per retrobar-nos amb el nostre cos i la nostra ment.","og_url":"https:\/\/www.csantantoni.com\/ca\/2025\/08\/29\/consells-per-reprendre-habits-saludables-despres-de-lestiu\/","og_site_name":"Cl\u00ednica Sant Antoni","article_published_time":"2025-08-29T10:18:12+00:00","article_modified_time":"2025-09-04T10:37:40+00:00","og_image":[{"width":2560,"height":1021,"url":"https:\/\/www.csantantoni.com\/wp-content\/uploads\/2025\/08\/Objetivos-realistas-scaled.jpg","type":"image\/jpeg"}],"author":"maria","twitter_card":"summary_large_image","twitter_misc":{"Escrit per":"maria","Temps estimat de lectura":"5 minuts"},"schema":{"@context":"https:\/\/schema.org","@graph":[{"@type":"Article","@id":"https:\/\/www.csantantoni.com\/ca\/2025\/08\/29\/consells-per-reprendre-habits-saludables-despres-de-lestiu\/#article","isPartOf":{"@id":"https:\/\/www.csantantoni.com\/ca\/2025\/08\/29\/consells-per-reprendre-habits-saludables-despres-de-lestiu\/"},"author":{"name":"maria","@id":"https:\/\/www.csantantoni.com\/#\/schema\/person\/1ac3bacc730030dd4af35da287c58da7"},"headline":"Consells per reprendre h\u00e0bits saludables despr\u00e9s de l&#8217;estiu","datePublished":"2025-08-29T10:18:12+00:00","dateModified":"2025-09-04T10:37:40+00:00","mainEntityOfPage":{"@id":"https:\/\/www.csantantoni.com\/ca\/2025\/08\/29\/consells-per-reprendre-habits-saludables-despres-de-lestiu\/"},"wordCount":717,"publisher":{"@id":"https:\/\/www.csantantoni.com\/#organization"},"image":{"@id":"https:\/\/www.csantantoni.com\/ca\/2025\/08\/29\/consells-per-reprendre-habits-saludables-despres-de-lestiu\/#primaryimage"},"thumbnailUrl":"https:\/\/www.csantantoni.com\/wp-content\/uploads\/2025\/08\/Objetivos-realistas-scaled.jpg","keywords":["alimentaci\u00f3","Barcelona","Clinica Sant Antoni","consells","CSA","cuidar la ment","estiu","h\u00e1bits","hidrataci\u00f3","horaris","hospital","Hospital Atenci\u00f3n intermedia","objectius realistes","pacients","recomenacions","rutina","salut"],"articleSection":["Blog","Not\u00edcies"],"inLanguage":"ca"},{"@type":"WebPage","@id":"https:\/\/www.csantantoni.com\/ca\/2025\/08\/29\/consells-per-reprendre-habits-saludables-despres-de-lestiu\/","url":"https:\/\/www.csantantoni.com\/ca\/2025\/08\/29\/consells-per-reprendre-habits-saludables-despres-de-lestiu\/","name":"Consells per reprendre h\u00e0bits saludables despr\u00e9s de l'estiu - Cl\u00ednica Sant Antoni","isPartOf":{"@id":"https:\/\/www.csantantoni.com\/#website"},"primaryImageOfPage":{"@id":"https:\/\/www.csantantoni.com\/ca\/2025\/08\/29\/consells-per-reprendre-habits-saludables-despres-de-lestiu\/#primaryimage"},"image":{"@id":"https:\/\/www.csantantoni.com\/ca\/2025\/08\/29\/consells-per-reprendre-habits-saludables-despres-de-lestiu\/#primaryimage"},"thumbnailUrl":"https:\/\/www.csantantoni.com\/wp-content\/uploads\/2025\/08\/Objetivos-realistas-scaled.jpg","datePublished":"2025-08-29T10:18:12+00:00","dateModified":"2025-09-04T10:37:40+00:00","description":"Reprendre els h\u00e0bits saludables despr\u00e9s de l'estiu no \u00e9s una cursa contrarellotge, sin\u00f3 una oportunitat per retrobar-nos amb el nostre cos i la nostra ment.","breadcrumb":{"@id":"https:\/\/www.csantantoni.com\/ca\/2025\/08\/29\/consells-per-reprendre-habits-saludables-despres-de-lestiu\/#breadcrumb"},"inLanguage":"ca","potentialAction":[{"@type":"ReadAction","target":["https:\/\/www.csantantoni.com\/ca\/2025\/08\/29\/consells-per-reprendre-habits-saludables-despres-de-lestiu\/"]}]},{"@type":"ImageObject","inLanguage":"ca","@id":"https:\/\/www.csantantoni.com\/ca\/2025\/08\/29\/consells-per-reprendre-habits-saludables-despres-de-lestiu\/#primaryimage","url":"https:\/\/www.csantantoni.com\/wp-content\/uploads\/2025\/08\/Objetivos-realistas-scaled.jpg","contentUrl":"https:\/\/www.csantantoni.com\/wp-content\/uploads\/2025\/08\/Objetivos-realistas-scaled.jpg","width":2560,"height":1021,"caption":"Objetivos realistas"},{"@type":"BreadcrumbList","@id":"https:\/\/www.csantantoni.com\/ca\/2025\/08\/29\/consells-per-reprendre-habits-saludables-despres-de-lestiu\/#breadcrumb","itemListElement":[{"@type":"ListItem","position":1,"name":"Portada","item":"https:\/\/www.csantantoni.com\/"},{"@type":"ListItem","position":2,"name":"Consells per reprendre h\u00e0bits saludables despr\u00e9s de l&#8217;estiu"}]},{"@type":"WebSite","@id":"https:\/\/www.csantantoni.com\/#website","url":"https:\/\/www.csantantoni.com\/","name":"Cl\u00ednica Sant Antoni","description":"Web de Cl\u00ednica Sant Antoni","publisher":{"@id":"https:\/\/www.csantantoni.com\/#organization"},"potentialAction":[{"@type":"SearchAction","target":{"@type":"EntryPoint","urlTemplate":"https:\/\/www.csantantoni.com\/?s={search_term_string}"},"query-input":{"@type":"PropertyValueSpecification","valueRequired":true,"valueName":"search_term_string"}}],"inLanguage":"ca"},{"@type":"Organization","@id":"https:\/\/www.csantantoni.com\/#organization","name":"Cl\u00ednica Sant Antoni","url":"https:\/\/www.csantantoni.com\/","logo":{"@type":"ImageObject","inLanguage":"ca","@id":"https:\/\/www.csantantoni.com\/#\/schema\/logo\/image\/","url":"https:\/\/www.csantantoni.com\/wp-content\/uploads\/2022\/10\/clinica-sant-antoni-01.jpg","contentUrl":"https:\/\/www.csantantoni.com\/wp-content\/uploads\/2022\/10\/clinica-sant-antoni-01.jpg","width":1980,"height":1315,"caption":"Cl\u00ednica Sant Antoni"},"image":{"@id":"https:\/\/www.csantantoni.com\/#\/schema\/logo\/image\/"}},{"@type":"Person","@id":"https:\/\/www.csantantoni.com\/#\/schema\/person\/1ac3bacc730030dd4af35da287c58da7","name":"maria","image":{"@type":"ImageObject","inLanguage":"ca","@id":"https:\/\/secure.gravatar.com\/avatar\/6976c4514c3f1e1daef2f5047bdeca80837d6cb7a7b437f151495dbc2b911500?s=96&d=mm&r=g","url":"https:\/\/secure.gravatar.com\/avatar\/6976c4514c3f1e1daef2f5047bdeca80837d6cb7a7b437f151495dbc2b911500?s=96&d=mm&r=g","contentUrl":"https:\/\/secure.gravatar.com\/avatar\/6976c4514c3f1e1daef2f5047bdeca80837d6cb7a7b437f151495dbc2b911500?s=96&d=mm&r=g","caption":"maria"},"url":"https:\/\/www.csantantoni.com\/ca\/author\/maria\/"}]}},"_links":{"self":[{"href":"https:\/\/www.csantantoni.com\/ca\/wp-json\/wp\/v2\/posts\/248366","targetHints":{"allow":["GET"]}}],"collection":[{"href":"https:\/\/www.csantantoni.com\/ca\/wp-json\/wp\/v2\/posts"}],"about":[{"href":"https:\/\/www.csantantoni.com\/ca\/wp-json\/wp\/v2\/types\/post"}],"author":[{"embeddable":true,"href":"https:\/\/www.csantantoni.com\/ca\/wp-json\/wp\/v2\/users\/5"}],"replies":[{"embeddable":true,"href":"https:\/\/www.csantantoni.com\/ca\/wp-json\/wp\/v2\/comments?post=248366"}],"version-history":[{"count":2,"href":"https:\/\/www.csantantoni.com\/ca\/wp-json\/wp\/v2\/posts\/248366\/revisions"}],"predecessor-version":[{"id":248370,"href":"https:\/\/www.csantantoni.com\/ca\/wp-json\/wp\/v2\/posts\/248366\/revisions\/248370"}],"wp:featuredmedia":[{"embeddable":true,"href":"https:\/\/www.csantantoni.com\/ca\/wp-json\/wp\/v2\/media\/248329"}],"wp:attachment":[{"href":"https:\/\/www.csantantoni.com\/ca\/wp-json\/wp\/v2\/media?parent=248366"}],"wp:term":[{"taxonomy":"category","embeddable":true,"href":"https:\/\/www.csantantoni.com\/ca\/wp-json\/wp\/v2\/categories?post=248366"},{"taxonomy":"post_tag","embeddable":true,"href":"https:\/\/www.csantantoni.com\/ca\/wp-json\/wp\/v2\/tags?post=248366"}],"curies":[{"name":"wp","href":"https:\/\/api.w.org\/{rel}","templated":true}]}}