{"id":248654,"date":"2025-10-16T12:58:00","date_gmt":"2025-10-16T12:58:00","guid":{"rendered":"https:\/\/www.csantantoni.com\/2025\/10\/16\/dia-mundial-contra-el-cancer-de-mama\/"},"modified":"2025-10-16T14:23:40","modified_gmt":"2025-10-16T14:23:40","slug":"dia-mundial-contra-el-cancer-de-mama","status":"publish","type":"post","link":"https:\/\/www.csantantoni.com\/ca\/2025\/10\/16\/dia-mundial-contra-el-cancer-de-mama\/","title":{"rendered":"Dia Mundial contra el C\u00e0ncer de Mama"},"content":{"rendered":"\n<figure class=\"wp-block-image size-large\"><img loading=\"lazy\" decoding=\"async\" width=\"1024\" height=\"305\" src=\"https:\/\/www.csantantoni.com\/wp-content\/uploads\/2025\/10\/Deteccio-1024x305.jpg\" alt=\"Detecci\u00f3\" class=\"wp-image-248657\" srcset=\"https:\/\/www.csantantoni.com\/wp-content\/uploads\/2025\/10\/Deteccio-980x292.jpg 980w, https:\/\/www.csantantoni.com\/wp-content\/uploads\/2025\/10\/Deteccio-480x143.jpg 480w\" sizes=\"(min-width: 0px) and (max-width: 480px) 480px, (min-width: 481px) and (max-width: 980px) 980px, (min-width: 981px) 1024px, 100vw\" \/><\/figure>\n\n\n\n<p class=\"has-black-color has-text-color has-link-color has-medium-font-size wp-elements-0023388f9ccfa45884b108a6f194c126\">Cada 19 d\u2019octubre es commemora el <strong>Dia Mundial contra el C\u00e0ncer de Mama<\/strong>, una jornada que ens recorda la import\u00e0ncia de la <strong>prevenci\u00f3<\/strong>, la <strong>detecci\u00f3 preco\u00e7<\/strong> i el <strong>suport emocional<\/strong> a totes les persones que conviuen amb aquesta malaltia.<\/p>\n\n\n\n<p class=\"has-black-color has-text-color has-link-color wp-elements-6d5cc9036b986143570bee1ad1a0ad42\" style=\"font-size:17px\">El c\u00e0ncer de mama \u00e9s el <strong>tipus de c\u00e0ncer m\u00e9s freq\u00fcent entre les dones<\/strong> i, tot i que la majoria dels casos es diagnostiquen en fases inicials, la detecci\u00f3 a temps continua sent un factor clau per garantir una millor resposta al tractament i una major superviv\u00e8ncia.<\/p>\n\n\n\n<p class=\"has-text-align-center has-black-color has-pale-pink-background-color has-text-color has-background has-link-color has-medium-font-size wp-elements-91e271d8b69061f7837987b5a2d4a4e5\"><strong>La import\u00e0ncia de la detecci\u00f3 preco\u00e7<\/strong><\/p>\n\n\n\n<p><\/p>\n\n\n\n<p class=\"has-black-color has-text-color has-link-color wp-elements-948ef60deb39a5f4f9af11fad1344f7e\" style=\"font-size:17px\">Detectar el c\u00e0ncer de mama en fases inicials pot <strong>incrementar la superviv\u00e8ncia fins a un 90%<\/strong>. Per aix\u00f2, \u00e9s essencial seguir les recomanacions de cribratge i mantenir una actitud activa pel que fa a la pr\u00f2pia salut.<\/p>\n\n\n\n<p class=\"has-black-color has-text-color has-link-color wp-elements-e355e59dc4c13f6f962d01eeeb8cb0ad\" style=\"font-size:17px\">Algunes pautes b\u00e0siques inclouen:<\/p>\n\n\n\n<ul class=\"wp-block-list\">\n<li class=\"has-black-color has-text-color has-link-color wp-elements-b4379177c7ebd467a3b44aa0ee4d43a4\" style=\"font-size:17px\"><strong>Fer mamografies peri\u00f2diques<\/strong> a partir dels 40 o 50 anys (segons indicaci\u00f3 m\u00e8dica).<\/li>\n\n\n\n<li class=\"has-black-color has-text-color has-link-color wp-elements-1ac241011644bd5511c00b2b4b380649\" style=\"font-size:17px\"><strong>Practicar l\u2019autoexploraci\u00f3 mam\u00e0ria<\/strong> un cop al mes per con\u00e8ixer el propi cos i identificar canvis.<\/li>\n\n\n\n<li class=\"has-black-color has-text-color has-link-color wp-elements-7ca707e19d4d5dbb79239cb36330fb45\" style=\"font-size:17px\"><strong>Consultar el metge<\/strong> davant qualsevol bony, secreci\u00f3, canvi de color, retracci\u00f3 del mugr\u00f3 o alteraci\u00f3 visible al pit.<\/li>\n\n\n\n<li class=\"has-black-color has-text-color has-link-color wp-elements-6892ea903046e065a25bfa5fdd0bb70e\" style=\"font-size:17px\"><strong>Mantenir un seguiment regular<\/strong> amb els professionals de salut, especialment si hi ha antecedents familiars.<\/li>\n<\/ul>\n\n\n\n<p class=\"has-text-align-center has-black-color has-pale-pink-background-color has-text-color has-background has-link-color has-medium-font-size wp-elements-bba86a8f4a6a1652d6febdaa078457bb\"><strong>H\u00e0bits saludables per reduir el risc<\/strong><\/p>\n\n\n\n<p><\/p>\n\n\n\n<p class=\"has-black-color has-text-color has-link-color wp-elements-2893dc0d920f346f6c7281bda5e41b8a\" style=\"font-size:16px\">Encara que el c\u00e0ncer de mama pot apar\u00e8ixer per m\u00faltiples factors \u2014gen\u00e8tics, hormonals o ambientals\u2014, <strong>adoptar un estil de vida saludable<\/strong> pot ajudar a reduir el risc de desenvolupar-lo i millorar el benestar general.<\/p>\n\n\n\n<p class=\"has-black-color has-text-color has-link-color wp-elements-2399626cc1b2e7effb2541afcb5fc9f6\" style=\"font-size:16px\">Algunes recomanacions \u00fatils s\u00f3n:<\/p>\n\n\n\n<ul class=\"wp-block-list\">\n<li class=\"has-black-color has-text-color has-link-color wp-elements-9cdd9e2a4de3ffdf164219f85f83a6e2\" style=\"font-size:17px\"><strong>Mantenir un pes saludable.<\/strong> El sobrep\u00e8s, sobretot despr\u00e9s de la menopausa, s\u2019associa amb un major risc.<\/li>\n\n\n\n<li class=\"has-black-color has-text-color has-link-color wp-elements-53b7960ba879f51224b03ad6881f1229\" style=\"font-size:17px\"><strong>Fer activitat f\u00edsica regular.<\/strong> Caminar, nedar, practicar ioga o qualsevol exercici adaptat ajuda a regular les hormones i a reduir l\u2019estr\u00e8s.<\/li>\n\n\n\n<li class=\"has-black-color has-text-color has-link-color wp-elements-fdda00eadc8937924aa9833ee938083e\" style=\"font-size:17px\"><strong>Seguir una alimentaci\u00f3 equilibrada.<\/strong> Donar prefer\u00e8ncia a fruites, verdures, cereals integrals, llegums i greixos saludables com l\u2019oli d\u2019oliva.<\/li>\n\n\n\n<li class=\"has-black-color has-text-color has-link-color wp-elements-f8a40c431c8f5d6a090d61b7c570ce96\" style=\"font-size:17px\"><strong>Evitar el tabac i limitar el consum d\u2019alcohol.<\/strong> S\u00f3n factors directament relacionats amb l\u2019aparici\u00f3 de diversos tipus de c\u00e0ncer.<\/li>\n\n\n\n<li class=\"has-black-color has-text-color has-link-color wp-elements-f27f3fc34e3a8772eb50f0bec3bccd5c\" style=\"font-size:17px\"><strong>Dedicar temps a descansar i gestionar l\u2019estr\u00e8s.<\/strong> El descans adequat i la calma mental influeixen positivament en el sistema immunitari i en la recuperaci\u00f3.<\/li>\n<\/ul>\n\n\n\n<p class=\"has-text-align-center has-black-color has-pale-pink-background-color has-text-color has-background has-link-color has-medium-font-size wp-elements-2157d12742d43cc92285503104d86d6c\"><strong>Viure i conviure amb el c\u00e0ncer de mama<\/strong><\/p>\n\n\n\n<p><\/p>\n\n\n\n<p class=\"has-black-color has-text-color has-link-color wp-elements-de09e3c2f3fd72dad4462af6116f80f1\" style=\"font-size:17px\">Rebre un diagn\u00f2stic de c\u00e0ncer de mama pot generar por, incertesa i un gran impacte emocional. En aquests moments, \u00e9s fonamental <strong>sentir-se acompanyada<\/strong> per un equip professional i per l\u2019entorn m\u00e9s proper.<\/p>\n\n\n\n<p class=\"has-black-color has-text-color has-link-color wp-elements-f93d882413c63219cc3f0cb251af3ccd\" style=\"font-size:17px\">A la <strong>Cl\u00ednica Sant Antoni<\/strong>, treballem des d\u2019una <strong>mirada integral i humanitzada<\/strong>, oferint atenci\u00f3 m\u00e8dica, fisioterap\u00e8utica, psicol\u00f2gica i social a les persones que han viscut o viuen un proc\u00e9s oncol\u00f2gic.<br>El nostre objectiu \u00e9s <strong>tenir cura de la salut f\u00edsica i emocional<\/strong>, i ajudar cada pacient a recuperar autonomia i qualitat de vida.<\/p>\n\n\n\n<p class=\"has-black-color has-text-color has-link-color wp-elements-e7062e9a80a41f4e5edff35c49b7f7c3\" style=\"font-size:17px\">Tamb\u00e9 \u00e9s important:<\/p>\n\n\n\n<ul class=\"wp-block-list\">\n<li class=\"has-black-color has-text-color has-link-color wp-elements-b9f01ead2561f3d2559ab77b1a41ee24\" style=\"font-size:17px\"><strong>Participar en grups de suport o activitats terap\u00e8utiques.<\/strong> Compartir experi\u00e8ncies amb altres dones pot ajudar a gestionar millor les emocions.<\/li>\n\n\n\n<li class=\"has-black-color has-text-color has-link-color wp-elements-de6f1fabf2de403ce4ab6fa863001200\" style=\"font-size:17px\"><strong>Mantenir una comunicaci\u00f3 oberta<\/strong> amb els professionals i la fam\u00edlia. Expressar dubtes, pors o necessitats \u00e9s essencial per rebre l\u2019ajuda adequada.<\/li>\n\n\n\n<li class=\"has-black-color has-text-color has-link-color wp-elements-2f3f886c7ed8dcfbca625d18b5cb4f5d\" style=\"font-size:17px\"><strong>Donar temps al cos i a la ment.<\/strong> El proc\u00e9s de recuperaci\u00f3 \u00e9s \u00fanic per a cada persona, i cal respectar-ne els ritmes.<\/li>\n<\/ul>\n\n\n\n<p class=\"has-text-align-center has-black-color has-pale-pink-background-color has-text-color has-background has-link-color wp-elements-bad219e17223d8feb1356f42c0b95f59\" style=\"font-size:20px\"><strong>Un missatge d\u2019esperan\u00e7a<\/strong><\/p>\n\n\n\n<p><\/p>\n\n\n\n<p class=\"has-black-color has-text-color has-link-color wp-elements-6a3d9fa1ef299364b439d026be65be98\" style=\"font-size:17px\">El Dia Mundial contra el C\u00e0ncer de Mama \u00e9s tamb\u00e9 una jornada per <strong>recon\u00e8ixer la for\u00e7a, la resili\u00e8ncia i la valentia<\/strong> de totes les dones que han lluitat o lluiten contra aquesta malaltia, i per recordar que <strong>la recerca, la prevenci\u00f3 i l\u2019acompanyament emocional<\/strong> continuen salvant vides.<\/p>\n\n\n\n<p class=\"has-black-color has-text-color has-link-color wp-elements-3cdef96172728e98a99d055e092d2da1\" style=\"font-size:17px\">Des de la<a href=\"http:\/\/www.csantantoni.com\"> <strong>Cl\u00ednica Sant Antoni<\/strong><\/a> reafirmem el nostre comprom\u00eds amb una sanitat m\u00e9s humana, on l\u2019atenci\u00f3 integral i el suport continu siguin una realitat per a totes les persones.<\/p>\n\n\n\n<p class=\"has-text-align-center has-pale-pink-color has-text-color has-link-color wp-elements-eb1c23dd7d5a6450f6ee9bd60ada736e\" style=\"font-size:23px\"> <em>Junts podem construir un futur amb m\u00e9s salut, m\u00e9s consci\u00e8ncia i m\u00e9s esperan\u00e7a.<\/em><\/p>\n\n\n\n<figure class=\"wp-block-image size-large\"><img loading=\"lazy\" decoding=\"async\" width=\"1024\" height=\"679\" src=\"https:\/\/www.csantantoni.com\/wp-content\/uploads\/2025\/10\/Cancer-de-mama-1024x679.jpg\" alt=\"C\u00e0ncer de mama\" class=\"wp-image-248651\" srcset=\"https:\/\/www.csantantoni.com\/wp-content\/uploads\/2025\/10\/Cancer-de-mama-980x650.jpg 980w, https:\/\/www.csantantoni.com\/wp-content\/uploads\/2025\/10\/Cancer-de-mama-480x318.jpg 480w\" sizes=\"(min-width: 0px) and (max-width: 480px) 480px, (min-width: 481px) and (max-width: 980px) 980px, (min-width: 981px) 1024px, 100vw\" \/><\/figure>\n","protected":false},"excerpt":{"rendered":"<p>Cada 19 d\u2019octubre es commemora el Dia Mundial contra el C\u00e0ncer de Mama, una jornada que ens recorda la import\u00e0ncia de la prevenci\u00f3, la detecci\u00f3 preco\u00e7 i el suport emocional a totes les persones que conviuen amb aquesta malaltia. El c\u00e0ncer de mama \u00e9s el tipus de c\u00e0ncer m\u00e9s freq\u00fcent entre les dones i, tot [&hellip;]<\/p>\n","protected":false},"author":5,"featured_media":248651,"comment_status":"closed","ping_status":"closed","sticky":false,"template":"","format":"standard","meta":{"_et_pb_use_builder":"off","_et_pb_old_content":"","_et_gb_content_width":"","footnotes":""},"categories":[348,67],"tags":[543,544,164,546,551,313],"class_list":["post-248654","post","type-post","status-publish","format-standard","has-post-thumbnail","hentry","category-blog-ca","category-noticies","tag-cancer-ca","tag-cancer-ca-2","tag-clinica-sant-antoni-ca","tag-dia-mundial-ca-2","tag-esperanza-ca","tag-prevencio"],"yoast_head":"<!-- This site is optimized with the Yoast SEO plugin v27.5 - https:\/\/yoast.com\/product\/yoast-seo-wordpress\/ -->\n<title>Dia Mundial contra el C\u00e0ncer de Mama - Cl\u00ednica Sant Antoni<\/title>\n<meta name=\"description\" content=\"Cada 19 d\u2019octubre es commemora el Dia Mundial contra el C\u00e0ncer de Mama, una jornada que ens recorda la import\u00e0ncia de la prevenci\u00f3, la detecci\u00f3 preco\u00e7 i el suport emocional a totes les persones que conviuen amb aquesta malaltia.\" \/>\n<meta name=\"robots\" content=\"index, follow, max-snippet:-1, max-image-preview:large, max-video-preview:-1\" \/>\n<link rel=\"canonical\" href=\"https:\/\/www.csantantoni.com\/ca\/2025\/10\/16\/dia-mundial-contra-el-cancer-de-mama\/\" \/>\n<meta property=\"og:locale\" content=\"ca_ES\" \/>\n<meta property=\"og:type\" content=\"article\" \/>\n<meta property=\"og:title\" content=\"Dia Mundial contra el C\u00e0ncer de Mama: la import\u00e0ncia de la prevenci\u00f3, el diagn\u00f2stic preco\u00e7 i el suport integral\" \/>\n<meta property=\"og:description\" content=\"Cada 19 d\u2019octubre es commemora el Dia Mundial contra el C\u00e0ncer de Mama, una jornada que ens recorda la import\u00e0ncia de la prevenci\u00f3, la detecci\u00f3 preco\u00e7 i el suport emocional a totes les persones que conviuen amb aquesta malaltia.\" \/>\n<meta property=\"og:url\" content=\"https:\/\/www.csantantoni.com\/ca\/2025\/10\/16\/dia-mundial-contra-el-cancer-de-mama\/\" \/>\n<meta property=\"og:site_name\" content=\"Cl\u00ednica Sant Antoni\" \/>\n<meta property=\"article:published_time\" content=\"2025-10-16T12:58:00+00:00\" \/>\n<meta property=\"article:modified_time\" content=\"2025-10-16T14:23:40+00:00\" \/>\n<meta property=\"og:image\" content=\"https:\/\/www.csantantoni.com\/wp-content\/uploads\/2025\/10\/Cancer-de-mama.jpg\" \/>\n\t<meta property=\"og:image:width\" content=\"2160\" \/>\n\t<meta property=\"og:image:height\" content=\"1433\" \/>\n\t<meta property=\"og:image:type\" content=\"image\/jpeg\" \/>\n<meta name=\"author\" content=\"maria\" \/>\n<meta name=\"twitter:card\" content=\"summary_large_image\" \/>\n<meta name=\"twitter:label1\" content=\"Escrit per\" \/>\n\t<meta name=\"twitter:data1\" content=\"maria\" \/>\n\t<meta name=\"twitter:label2\" content=\"Temps estimat de lectura\" \/>\n\t<meta name=\"twitter:data2\" content=\"4 minuts\" \/>\n<script type=\"application\/ld+json\" class=\"yoast-schema-graph\">{\"@context\":\"https:\\\/\\\/schema.org\",\"@graph\":[{\"@type\":\"Article\",\"@id\":\"https:\\\/\\\/www.csantantoni.com\\\/ca\\\/2025\\\/10\\\/16\\\/dia-mundial-contra-el-cancer-de-mama\\\/#article\",\"isPartOf\":{\"@id\":\"https:\\\/\\\/www.csantantoni.com\\\/ca\\\/2025\\\/10\\\/16\\\/dia-mundial-contra-el-cancer-de-mama\\\/\"},\"author\":{\"name\":\"maria\",\"@id\":\"https:\\\/\\\/www.csantantoni.com\\\/#\\\/schema\\\/person\\\/1ac3bacc730030dd4af35da287c58da7\"},\"headline\":\"Dia Mundial contra el C\u00e0ncer de Mama\",\"datePublished\":\"2025-10-16T12:58:00+00:00\",\"dateModified\":\"2025-10-16T14:23:40+00:00\",\"mainEntityOfPage\":{\"@id\":\"https:\\\/\\\/www.csantantoni.com\\\/ca\\\/2025\\\/10\\\/16\\\/dia-mundial-contra-el-cancer-de-mama\\\/\"},\"wordCount\":666,\"publisher\":{\"@id\":\"https:\\\/\\\/www.csantantoni.com\\\/#organization\"},\"image\":{\"@id\":\"https:\\\/\\\/www.csantantoni.com\\\/ca\\\/2025\\\/10\\\/16\\\/dia-mundial-contra-el-cancer-de-mama\\\/#primaryimage\"},\"thumbnailUrl\":\"https:\\\/\\\/www.csantantoni.com\\\/wp-content\\\/uploads\\\/2025\\\/10\\\/Cancer-de-mama.jpg\",\"keywords\":[\"cancer\",\"c\u00e1ncer\",\"Clinica Sant Antoni\",\"dia mundial\",\"esperanza\",\"Prevenci\u00f3\"],\"articleSection\":[\"Blog\",\"Not\u00edcies\"],\"inLanguage\":\"ca\"},{\"@type\":\"WebPage\",\"@id\":\"https:\\\/\\\/www.csantantoni.com\\\/ca\\\/2025\\\/10\\\/16\\\/dia-mundial-contra-el-cancer-de-mama\\\/\",\"url\":\"https:\\\/\\\/www.csantantoni.com\\\/ca\\\/2025\\\/10\\\/16\\\/dia-mundial-contra-el-cancer-de-mama\\\/\",\"name\":\"Dia Mundial contra el C\u00e0ncer de Mama - Cl\u00ednica Sant Antoni\",\"isPartOf\":{\"@id\":\"https:\\\/\\\/www.csantantoni.com\\\/#website\"},\"primaryImageOfPage\":{\"@id\":\"https:\\\/\\\/www.csantantoni.com\\\/ca\\\/2025\\\/10\\\/16\\\/dia-mundial-contra-el-cancer-de-mama\\\/#primaryimage\"},\"image\":{\"@id\":\"https:\\\/\\\/www.csantantoni.com\\\/ca\\\/2025\\\/10\\\/16\\\/dia-mundial-contra-el-cancer-de-mama\\\/#primaryimage\"},\"thumbnailUrl\":\"https:\\\/\\\/www.csantantoni.com\\\/wp-content\\\/uploads\\\/2025\\\/10\\\/Cancer-de-mama.jpg\",\"datePublished\":\"2025-10-16T12:58:00+00:00\",\"dateModified\":\"2025-10-16T14:23:40+00:00\",\"description\":\"Cada 19 d\u2019octubre es commemora el Dia Mundial contra el C\u00e0ncer de Mama, una jornada que ens recorda la import\u00e0ncia de la prevenci\u00f3, la detecci\u00f3 preco\u00e7 i el suport emocional a totes les persones que conviuen amb aquesta malaltia.\",\"breadcrumb\":{\"@id\":\"https:\\\/\\\/www.csantantoni.com\\\/ca\\\/2025\\\/10\\\/16\\\/dia-mundial-contra-el-cancer-de-mama\\\/#breadcrumb\"},\"inLanguage\":\"ca\",\"potentialAction\":[{\"@type\":\"ReadAction\",\"target\":[\"https:\\\/\\\/www.csantantoni.com\\\/ca\\\/2025\\\/10\\\/16\\\/dia-mundial-contra-el-cancer-de-mama\\\/\"]}]},{\"@type\":\"ImageObject\",\"inLanguage\":\"ca\",\"@id\":\"https:\\\/\\\/www.csantantoni.com\\\/ca\\\/2025\\\/10\\\/16\\\/dia-mundial-contra-el-cancer-de-mama\\\/#primaryimage\",\"url\":\"https:\\\/\\\/www.csantantoni.com\\\/wp-content\\\/uploads\\\/2025\\\/10\\\/Cancer-de-mama.jpg\",\"contentUrl\":\"https:\\\/\\\/www.csantantoni.com\\\/wp-content\\\/uploads\\\/2025\\\/10\\\/Cancer-de-mama.jpg\",\"width\":2160,\"height\":1433,\"caption\":\"C\u00e0ncer de mama\"},{\"@type\":\"BreadcrumbList\",\"@id\":\"https:\\\/\\\/www.csantantoni.com\\\/ca\\\/2025\\\/10\\\/16\\\/dia-mundial-contra-el-cancer-de-mama\\\/#breadcrumb\",\"itemListElement\":[{\"@type\":\"ListItem\",\"position\":1,\"name\":\"Portada\",\"item\":\"https:\\\/\\\/www.csantantoni.com\\\/\"},{\"@type\":\"ListItem\",\"position\":2,\"name\":\"Dia Mundial contra el C\u00e0ncer de Mama\"}]},{\"@type\":\"WebSite\",\"@id\":\"https:\\\/\\\/www.csantantoni.com\\\/#website\",\"url\":\"https:\\\/\\\/www.csantantoni.com\\\/\",\"name\":\"Cl\u00ednica Sant Antoni\",\"description\":\"Web de Cl\u00ednica Sant Antoni\",\"publisher\":{\"@id\":\"https:\\\/\\\/www.csantantoni.com\\\/#organization\"},\"potentialAction\":[{\"@type\":\"SearchAction\",\"target\":{\"@type\":\"EntryPoint\",\"urlTemplate\":\"https:\\\/\\\/www.csantantoni.com\\\/?s={search_term_string}\"},\"query-input\":{\"@type\":\"PropertyValueSpecification\",\"valueRequired\":true,\"valueName\":\"search_term_string\"}}],\"inLanguage\":\"ca\"},{\"@type\":\"Organization\",\"@id\":\"https:\\\/\\\/www.csantantoni.com\\\/#organization\",\"name\":\"Cl\u00ednica Sant Antoni\",\"url\":\"https:\\\/\\\/www.csantantoni.com\\\/\",\"logo\":{\"@type\":\"ImageObject\",\"inLanguage\":\"ca\",\"@id\":\"https:\\\/\\\/www.csantantoni.com\\\/#\\\/schema\\\/logo\\\/image\\\/\",\"url\":\"https:\\\/\\\/www.csantantoni.com\\\/wp-content\\\/uploads\\\/2022\\\/10\\\/clinica-sant-antoni-01.jpg\",\"contentUrl\":\"https:\\\/\\\/www.csantantoni.com\\\/wp-content\\\/uploads\\\/2022\\\/10\\\/clinica-sant-antoni-01.jpg\",\"width\":1980,\"height\":1315,\"caption\":\"Cl\u00ednica Sant Antoni\"},\"image\":{\"@id\":\"https:\\\/\\\/www.csantantoni.com\\\/#\\\/schema\\\/logo\\\/image\\\/\"}},{\"@type\":\"Person\",\"@id\":\"https:\\\/\\\/www.csantantoni.com\\\/#\\\/schema\\\/person\\\/1ac3bacc730030dd4af35da287c58da7\",\"name\":\"maria\",\"image\":{\"@type\":\"ImageObject\",\"inLanguage\":\"ca\",\"@id\":\"https:\\\/\\\/secure.gravatar.com\\\/avatar\\\/6976c4514c3f1e1daef2f5047bdeca80837d6cb7a7b437f151495dbc2b911500?s=96&d=mm&r=g\",\"url\":\"https:\\\/\\\/secure.gravatar.com\\\/avatar\\\/6976c4514c3f1e1daef2f5047bdeca80837d6cb7a7b437f151495dbc2b911500?s=96&d=mm&r=g\",\"contentUrl\":\"https:\\\/\\\/secure.gravatar.com\\\/avatar\\\/6976c4514c3f1e1daef2f5047bdeca80837d6cb7a7b437f151495dbc2b911500?s=96&d=mm&r=g\",\"caption\":\"maria\"},\"url\":\"https:\\\/\\\/www.csantantoni.com\\\/ca\\\/author\\\/maria\\\/\"}]}<\/script>\n<!-- \/ Yoast SEO plugin. -->","yoast_head_json":{"title":"Dia Mundial contra el C\u00e0ncer de Mama - Cl\u00ednica Sant Antoni","description":"Cada 19 d\u2019octubre es commemora el Dia Mundial contra el C\u00e0ncer de Mama, una jornada que ens recorda la import\u00e0ncia de la prevenci\u00f3, la detecci\u00f3 preco\u00e7 i el suport emocional a totes les persones que conviuen amb aquesta malaltia.","robots":{"index":"index","follow":"follow","max-snippet":"max-snippet:-1","max-image-preview":"max-image-preview:large","max-video-preview":"max-video-preview:-1"},"canonical":"https:\/\/www.csantantoni.com\/ca\/2025\/10\/16\/dia-mundial-contra-el-cancer-de-mama\/","og_locale":"ca_ES","og_type":"article","og_title":"Dia Mundial contra el C\u00e0ncer de Mama: la import\u00e0ncia de la prevenci\u00f3, el diagn\u00f2stic preco\u00e7 i el suport integral","og_description":"Cada 19 d\u2019octubre es commemora el Dia Mundial contra el C\u00e0ncer de Mama, una jornada que ens recorda la import\u00e0ncia de la prevenci\u00f3, la detecci\u00f3 preco\u00e7 i el suport emocional a totes les persones que conviuen amb aquesta malaltia.","og_url":"https:\/\/www.csantantoni.com\/ca\/2025\/10\/16\/dia-mundial-contra-el-cancer-de-mama\/","og_site_name":"Cl\u00ednica Sant Antoni","article_published_time":"2025-10-16T12:58:00+00:00","article_modified_time":"2025-10-16T14:23:40+00:00","og_image":[{"width":2160,"height":1433,"url":"https:\/\/www.csantantoni.com\/wp-content\/uploads\/2025\/10\/Cancer-de-mama.jpg","type":"image\/jpeg"}],"author":"maria","twitter_card":"summary_large_image","twitter_misc":{"Escrit per":"maria","Temps estimat de lectura":"4 minuts"},"schema":{"@context":"https:\/\/schema.org","@graph":[{"@type":"Article","@id":"https:\/\/www.csantantoni.com\/ca\/2025\/10\/16\/dia-mundial-contra-el-cancer-de-mama\/#article","isPartOf":{"@id":"https:\/\/www.csantantoni.com\/ca\/2025\/10\/16\/dia-mundial-contra-el-cancer-de-mama\/"},"author":{"name":"maria","@id":"https:\/\/www.csantantoni.com\/#\/schema\/person\/1ac3bacc730030dd4af35da287c58da7"},"headline":"Dia Mundial contra el C\u00e0ncer de Mama","datePublished":"2025-10-16T12:58:00+00:00","dateModified":"2025-10-16T14:23:40+00:00","mainEntityOfPage":{"@id":"https:\/\/www.csantantoni.com\/ca\/2025\/10\/16\/dia-mundial-contra-el-cancer-de-mama\/"},"wordCount":666,"publisher":{"@id":"https:\/\/www.csantantoni.com\/#organization"},"image":{"@id":"https:\/\/www.csantantoni.com\/ca\/2025\/10\/16\/dia-mundial-contra-el-cancer-de-mama\/#primaryimage"},"thumbnailUrl":"https:\/\/www.csantantoni.com\/wp-content\/uploads\/2025\/10\/Cancer-de-mama.jpg","keywords":["cancer","c\u00e1ncer","Clinica Sant Antoni","dia mundial","esperanza","Prevenci\u00f3"],"articleSection":["Blog","Not\u00edcies"],"inLanguage":"ca"},{"@type":"WebPage","@id":"https:\/\/www.csantantoni.com\/ca\/2025\/10\/16\/dia-mundial-contra-el-cancer-de-mama\/","url":"https:\/\/www.csantantoni.com\/ca\/2025\/10\/16\/dia-mundial-contra-el-cancer-de-mama\/","name":"Dia Mundial contra el C\u00e0ncer de Mama - Cl\u00ednica Sant Antoni","isPartOf":{"@id":"https:\/\/www.csantantoni.com\/#website"},"primaryImageOfPage":{"@id":"https:\/\/www.csantantoni.com\/ca\/2025\/10\/16\/dia-mundial-contra-el-cancer-de-mama\/#primaryimage"},"image":{"@id":"https:\/\/www.csantantoni.com\/ca\/2025\/10\/16\/dia-mundial-contra-el-cancer-de-mama\/#primaryimage"},"thumbnailUrl":"https:\/\/www.csantantoni.com\/wp-content\/uploads\/2025\/10\/Cancer-de-mama.jpg","datePublished":"2025-10-16T12:58:00+00:00","dateModified":"2025-10-16T14:23:40+00:00","description":"Cada 19 d\u2019octubre es commemora el Dia Mundial contra el C\u00e0ncer de Mama, una jornada que ens recorda la import\u00e0ncia de la prevenci\u00f3, la detecci\u00f3 preco\u00e7 i el suport emocional a totes les persones que conviuen amb aquesta malaltia.","breadcrumb":{"@id":"https:\/\/www.csantantoni.com\/ca\/2025\/10\/16\/dia-mundial-contra-el-cancer-de-mama\/#breadcrumb"},"inLanguage":"ca","potentialAction":[{"@type":"ReadAction","target":["https:\/\/www.csantantoni.com\/ca\/2025\/10\/16\/dia-mundial-contra-el-cancer-de-mama\/"]}]},{"@type":"ImageObject","inLanguage":"ca","@id":"https:\/\/www.csantantoni.com\/ca\/2025\/10\/16\/dia-mundial-contra-el-cancer-de-mama\/#primaryimage","url":"https:\/\/www.csantantoni.com\/wp-content\/uploads\/2025\/10\/Cancer-de-mama.jpg","contentUrl":"https:\/\/www.csantantoni.com\/wp-content\/uploads\/2025\/10\/Cancer-de-mama.jpg","width":2160,"height":1433,"caption":"C\u00e0ncer de mama"},{"@type":"BreadcrumbList","@id":"https:\/\/www.csantantoni.com\/ca\/2025\/10\/16\/dia-mundial-contra-el-cancer-de-mama\/#breadcrumb","itemListElement":[{"@type":"ListItem","position":1,"name":"Portada","item":"https:\/\/www.csantantoni.com\/"},{"@type":"ListItem","position":2,"name":"Dia Mundial contra el C\u00e0ncer de Mama"}]},{"@type":"WebSite","@id":"https:\/\/www.csantantoni.com\/#website","url":"https:\/\/www.csantantoni.com\/","name":"Cl\u00ednica Sant Antoni","description":"Web de Cl\u00ednica Sant Antoni","publisher":{"@id":"https:\/\/www.csantantoni.com\/#organization"},"potentialAction":[{"@type":"SearchAction","target":{"@type":"EntryPoint","urlTemplate":"https:\/\/www.csantantoni.com\/?s={search_term_string}"},"query-input":{"@type":"PropertyValueSpecification","valueRequired":true,"valueName":"search_term_string"}}],"inLanguage":"ca"},{"@type":"Organization","@id":"https:\/\/www.csantantoni.com\/#organization","name":"Cl\u00ednica Sant Antoni","url":"https:\/\/www.csantantoni.com\/","logo":{"@type":"ImageObject","inLanguage":"ca","@id":"https:\/\/www.csantantoni.com\/#\/schema\/logo\/image\/","url":"https:\/\/www.csantantoni.com\/wp-content\/uploads\/2022\/10\/clinica-sant-antoni-01.jpg","contentUrl":"https:\/\/www.csantantoni.com\/wp-content\/uploads\/2022\/10\/clinica-sant-antoni-01.jpg","width":1980,"height":1315,"caption":"Cl\u00ednica Sant Antoni"},"image":{"@id":"https:\/\/www.csantantoni.com\/#\/schema\/logo\/image\/"}},{"@type":"Person","@id":"https:\/\/www.csantantoni.com\/#\/schema\/person\/1ac3bacc730030dd4af35da287c58da7","name":"maria","image":{"@type":"ImageObject","inLanguage":"ca","@id":"https:\/\/secure.gravatar.com\/avatar\/6976c4514c3f1e1daef2f5047bdeca80837d6cb7a7b437f151495dbc2b911500?s=96&d=mm&r=g","url":"https:\/\/secure.gravatar.com\/avatar\/6976c4514c3f1e1daef2f5047bdeca80837d6cb7a7b437f151495dbc2b911500?s=96&d=mm&r=g","contentUrl":"https:\/\/secure.gravatar.com\/avatar\/6976c4514c3f1e1daef2f5047bdeca80837d6cb7a7b437f151495dbc2b911500?s=96&d=mm&r=g","caption":"maria"},"url":"https:\/\/www.csantantoni.com\/ca\/author\/maria\/"}]}},"_links":{"self":[{"href":"https:\/\/www.csantantoni.com\/ca\/wp-json\/wp\/v2\/posts\/248654","targetHints":{"allow":["GET"]}}],"collection":[{"href":"https:\/\/www.csantantoni.com\/ca\/wp-json\/wp\/v2\/posts"}],"about":[{"href":"https:\/\/www.csantantoni.com\/ca\/wp-json\/wp\/v2\/types\/post"}],"author":[{"embeddable":true,"href":"https:\/\/www.csantantoni.com\/ca\/wp-json\/wp\/v2\/users\/5"}],"replies":[{"embeddable":true,"href":"https:\/\/www.csantantoni.com\/ca\/wp-json\/wp\/v2\/comments?post=248654"}],"version-history":[{"count":2,"href":"https:\/\/www.csantantoni.com\/ca\/wp-json\/wp\/v2\/posts\/248654\/revisions"}],"predecessor-version":[{"id":248667,"href":"https:\/\/www.csantantoni.com\/ca\/wp-json\/wp\/v2\/posts\/248654\/revisions\/248667"}],"wp:featuredmedia":[{"embeddable":true,"href":"https:\/\/www.csantantoni.com\/ca\/wp-json\/wp\/v2\/media\/248651"}],"wp:attachment":[{"href":"https:\/\/www.csantantoni.com\/ca\/wp-json\/wp\/v2\/media?parent=248654"}],"wp:term":[{"taxonomy":"category","embeddable":true,"href":"https:\/\/www.csantantoni.com\/ca\/wp-json\/wp\/v2\/categories?post=248654"},{"taxonomy":"post_tag","embeddable":true,"href":"https:\/\/www.csantantoni.com\/ca\/wp-json\/wp\/v2\/tags?post=248654"}],"curies":[{"name":"wp","href":"https:\/\/api.w.org\/{rel}","templated":true}]}}