{"id":249283,"date":"2026-02-11T15:05:00","date_gmt":"2026-02-11T15:05:00","guid":{"rendered":"https:\/\/www.csantantoni.com\/?p=249283"},"modified":"2026-02-11T15:03:31","modified_gmt":"2026-02-11T15:03:31","slug":"junts-per-la-teva-salut","status":"publish","type":"post","link":"https:\/\/www.csantantoni.com\/ca\/2026\/02\/11\/junts-per-la-teva-salut\/","title":{"rendered":"Junts per la teva salut"},"content":{"rendered":"\n<h2 class=\"wp-block-heading has-text-align-left\">En el Dia Mundial del Malalt, posem en valor tot l\u2019equip que t\u00e9 cura de tu a la Cl\u00ednica Sant Antoni.<\/h2>\n\n\n\n<h3 class=\"wp-block-heading\">Introducci\u00f3<\/h3>\n\n\n\n<p>L\u201911 de febrer, Dia Mundial del Malalt, \u00e9s una oportunitat per recordar una cosa fonamental: darrere de cada proc\u00e9s de recuperaci\u00f3 hi ha un equip de professionals compromesos amb la cura, l\u2019atenci\u00f3 i el benestar del pacient.<\/p>\n\n\n\n<p>A la Cl\u00ednica Sant Antoni treballem cada dia amb un objectiu clar: oferir una atenci\u00f3 <strong>integral<\/strong>, on cada pacient se senti <strong>acompanyat en tot moment<\/strong>.<\/p>\n\n\n\n<div class=\"wp-block-columns is-layout-flex wp-container-core-columns-is-layout-9d6595d7 wp-block-columns-is-layout-flex\">\n<div class=\"wp-block-column is-layout-flow wp-block-column-is-layout-flow\" style=\"flex-basis:100%\">\n<h3 class=\"wp-block-heading\">Servei M\u00e8dic: atenci\u00f3 personalitzada<\/h3>\n\n\n\n<div class=\"wp-block-columns is-layout-flex wp-container-core-columns-is-layout-9d6595d7 wp-block-columns-is-layout-flex\">\n<div class=\"wp-block-column is-layout-flow wp-block-column-is-layout-flow\" style=\"flex-basis:39%\">\n<figure class=\"wp-block-image size-large\"><img loading=\"lazy\" decoding=\"async\" width=\"1024\" height=\"683\" src=\"https:\/\/www.csantantoni.com\/wp-content\/uploads\/2026\/02\/pexels-cottonbro-7578800-1024x683.jpg\" alt=\"Servei m\u00e8dic\" class=\"wp-image-249271\" style=\"aspect-ratio:1.4992822062712505\" srcset=\"https:\/\/www.csantantoni.com\/wp-content\/uploads\/2026\/02\/pexels-cottonbro-7578800-980x653.jpg 980w, https:\/\/www.csantantoni.com\/wp-content\/uploads\/2026\/02\/pexels-cottonbro-7578800-480x320.jpg 480w\" sizes=\"(min-width: 0px) and (max-width: 480px) 480px, (min-width: 481px) and (max-width: 980px) 980px, (min-width: 981px) 1024px, 100vw\" \/><\/figure>\n<\/div>\n\n\n\n<div class=\"wp-block-column is-layout-flow wp-block-column-is-layout-flow\" style=\"flex-basis:61%\">\n<p><strong>L\u2019equip m\u00e8dic<\/strong> realitza diagn\u00f2stics precisos i dissenya <strong>plans de tractament adaptats a cada persona.<\/strong> Escoltar, orientar i generar confian\u00e7a forma part essencial del proc\u00e9s de recuperaci\u00f3.<\/p>\n\n\n\n<p>Perqu\u00e8 la salut comen\u00e7a amb una atenci\u00f3 rigorosa i propera.<\/p>\n<\/div>\n<\/div>\n<\/div>\n<\/div>\n\n\n\n<p><\/p>\n\n\n\n<h3 class=\"wp-block-heading\">Servei d\u2019Infermeria: cura i acompanyament<\/h3>\n\n\n\n<div class=\"wp-block-columns is-layout-flex wp-container-core-columns-is-layout-9d6595d7 wp-block-columns-is-layout-flex\">\n<div class=\"wp-block-column is-layout-flow wp-block-column-is-layout-flow\">\n<div class=\"wp-block-media-text has-media-on-the-right is-stacked-on-mobile\" style=\"grid-template-columns:auto 41%\"><div class=\"wp-block-media-text__content\">\n<p>El<strong> Servei d\u2019Infermeria,<\/strong> juntament amb els<strong> TCAEs<\/strong>, garanteix la cura di\u00e0ria del pacient.<\/p>\n\n\n\n<p>La seva tasca inclou:<\/p>\n\n\n\n<ul class=\"wp-block-list\">\n<li>Seguiment dels tractaments<\/li>\n\n\n\n<li>Atenci\u00f3 cont\u00ednua<\/li>\n\n\n\n<li>Suport en les cures b\u00e0siques<\/li>\n\n\n\n<li>Acompanyament emocional<\/li>\n<\/ul>\n\n\n\n<p>Els\/les TCAEs s\u00f3n una pe\u00e7a clau en el dia a dia, aportant proximitat, empatia i seguretat en cada moment.<\/p>\n<\/div><figure class=\"wp-block-media-text__media\"><img loading=\"lazy\" decoding=\"async\" width=\"1024\" height=\"683\" src=\"https:\/\/www.csantantoni.com\/wp-content\/uploads\/2026\/02\/enfermeria-1024x683.jpg\" alt=\"Servei d\u2019Infermeria\" class=\"wp-image-249275 size-full\" srcset=\"https:\/\/www.csantantoni.com\/wp-content\/uploads\/2026\/02\/enfermeria-980x653.jpg 980w, https:\/\/www.csantantoni.com\/wp-content\/uploads\/2026\/02\/enfermeria-480x320.jpg 480w\" sizes=\"(min-width: 0px) and (max-width: 480px) 480px, (min-width: 481px) and (max-width: 980px) 980px, (min-width: 981px) 1024px, 100vw\" \/><\/figure><\/div>\n<\/div>\n<\/div>\n\n\n\n<p><\/p>\n\n\n\n<p>A la Cl\u00ednica Sant Antoni sabem que la salut \u00e9s un cam\u00ed que es recorre <strong>junts<\/strong>. Per aix\u00f2, en aquest Dia Mundial del Malalt reafirmem el nostre comprom\u00eds: <strong>Ens cuidem per cuidar.<\/strong><\/p>\n\n\n\n<p><\/p>\n","protected":false},"excerpt":{"rendered":"<p>En el Dia Mundial del Malalt, posem en valor tot l\u2019equip que t\u00e9 cura de tu a la Cl\u00ednica Sant Antoni. Introducci\u00f3 L\u201911 de febrer, Dia Mundial del Malalt, \u00e9s una oportunitat per recordar una cosa fonamental: darrere de cada proc\u00e9s de recuperaci\u00f3 hi ha un equip de professionals compromesos amb la cura, l\u2019atenci\u00f3 i [&hellip;]<\/p>\n","protected":false},"author":5,"featured_media":249282,"comment_status":"closed","ping_status":"closed","sticky":false,"template":"","format":"standard","meta":{"_et_pb_use_builder":"off","_et_pb_old_content":"","_et_gb_content_width":"","footnotes":""},"categories":[348,22],"tags":[164,258,111],"class_list":["post-249283","post","type-post","status-publish","format-standard","has-post-thumbnail","hentry","category-blog-ca","category-uncategorized-ca","tag-clinica-sant-antoni-ca","tag-hospital-atencion-intermedia-ca","tag-salut"],"yoast_head":"<!-- This site is optimized with the Yoast SEO plugin v27.5 - https:\/\/yoast.com\/product\/yoast-seo-wordpress\/ -->\n<title>Junts per la teva salut - Cl\u00ednica Sant Antoni<\/title>\n<meta name=\"description\" content=\"En el Dia Mundial del Malalt, a la Cl\u00ednica Sant Antoni tenim cura de tu, acompanyant-te en el teu benestar diari.\" \/>\n<meta name=\"robots\" content=\"index, follow, max-snippet:-1, max-image-preview:large, max-video-preview:-1\" \/>\n<link rel=\"canonical\" href=\"https:\/\/www.csantantoni.com\/ca\/2026\/02\/11\/junts-per-la-teva-salut\/\" \/>\n<meta property=\"og:locale\" content=\"ca_ES\" \/>\n<meta property=\"og:type\" content=\"article\" \/>\n<meta property=\"og:title\" content=\"Junts per la teva salut - Cl\u00ednica Sant Antoni\" \/>\n<meta property=\"og:description\" content=\"En el Dia Mundial del Malalt, a la Cl\u00ednica Sant Antoni tenim cura de tu, acompanyant-te en el teu benestar diari.\" \/>\n<meta property=\"og:url\" content=\"https:\/\/www.csantantoni.com\/ca\/2026\/02\/11\/junts-per-la-teva-salut\/\" \/>\n<meta property=\"og:site_name\" content=\"Cl\u00ednica Sant Antoni\" \/>\n<meta property=\"article:published_time\" content=\"2026-02-11T15:05:00+00:00\" \/>\n<meta property=\"og:image\" content=\"https:\/\/www.csantantoni.com\/wp-content\/uploads\/2026\/02\/pexels-thirdman-7659869-scaled.jpg\" \/>\n\t<meta property=\"og:image:width\" content=\"2560\" \/>\n\t<meta property=\"og:image:height\" content=\"1707\" \/>\n\t<meta property=\"og:image:type\" content=\"image\/jpeg\" \/>\n<meta name=\"author\" content=\"maria\" \/>\n<meta name=\"twitter:card\" content=\"summary_large_image\" \/>\n<meta name=\"twitter:label1\" content=\"Escrit per\" \/>\n\t<meta name=\"twitter:data1\" content=\"maria\" \/>\n\t<meta name=\"twitter:label2\" content=\"Temps estimat de lectura\" \/>\n\t<meta name=\"twitter:data2\" content=\"2 minuts\" \/>\n<script type=\"application\/ld+json\" class=\"yoast-schema-graph\">{\"@context\":\"https:\\\/\\\/schema.org\",\"@graph\":[{\"@type\":\"Article\",\"@id\":\"https:\\\/\\\/www.csantantoni.com\\\/ca\\\/2026\\\/02\\\/11\\\/junts-per-la-teva-salut\\\/#article\",\"isPartOf\":{\"@id\":\"https:\\\/\\\/www.csantantoni.com\\\/ca\\\/2026\\\/02\\\/11\\\/junts-per-la-teva-salut\\\/\"},\"author\":{\"name\":\"maria\",\"@id\":\"https:\\\/\\\/www.csantantoni.com\\\/#\\\/schema\\\/person\\\/1ac3bacc730030dd4af35da287c58da7\"},\"headline\":\"Junts per la teva salut\",\"datePublished\":\"2026-02-11T15:05:00+00:00\",\"mainEntityOfPage\":{\"@id\":\"https:\\\/\\\/www.csantantoni.com\\\/ca\\\/2026\\\/02\\\/11\\\/junts-per-la-teva-salut\\\/\"},\"wordCount\":236,\"publisher\":{\"@id\":\"https:\\\/\\\/www.csantantoni.com\\\/#organization\"},\"image\":{\"@id\":\"https:\\\/\\\/www.csantantoni.com\\\/ca\\\/2026\\\/02\\\/11\\\/junts-per-la-teva-salut\\\/#primaryimage\"},\"thumbnailUrl\":\"https:\\\/\\\/www.csantantoni.com\\\/wp-content\\\/uploads\\\/2026\\\/02\\\/pexels-thirdman-7659869-scaled.jpg\",\"keywords\":[\"Clinica Sant Antoni\",\"Hospital Atenci\u00f3n intermedia\",\"salut\"],\"articleSection\":[\"Blog\",\"Uncategorized @ca\"],\"inLanguage\":\"ca\"},{\"@type\":\"WebPage\",\"@id\":\"https:\\\/\\\/www.csantantoni.com\\\/ca\\\/2026\\\/02\\\/11\\\/junts-per-la-teva-salut\\\/\",\"url\":\"https:\\\/\\\/www.csantantoni.com\\\/ca\\\/2026\\\/02\\\/11\\\/junts-per-la-teva-salut\\\/\",\"name\":\"Junts per la teva salut - Cl\u00ednica Sant Antoni\",\"isPartOf\":{\"@id\":\"https:\\\/\\\/www.csantantoni.com\\\/#website\"},\"primaryImageOfPage\":{\"@id\":\"https:\\\/\\\/www.csantantoni.com\\\/ca\\\/2026\\\/02\\\/11\\\/junts-per-la-teva-salut\\\/#primaryimage\"},\"image\":{\"@id\":\"https:\\\/\\\/www.csantantoni.com\\\/ca\\\/2026\\\/02\\\/11\\\/junts-per-la-teva-salut\\\/#primaryimage\"},\"thumbnailUrl\":\"https:\\\/\\\/www.csantantoni.com\\\/wp-content\\\/uploads\\\/2026\\\/02\\\/pexels-thirdman-7659869-scaled.jpg\",\"datePublished\":\"2026-02-11T15:05:00+00:00\",\"description\":\"En el Dia Mundial del Malalt, a la Cl\u00ednica Sant Antoni tenim cura de tu, acompanyant-te en el teu benestar diari.\",\"breadcrumb\":{\"@id\":\"https:\\\/\\\/www.csantantoni.com\\\/ca\\\/2026\\\/02\\\/11\\\/junts-per-la-teva-salut\\\/#breadcrumb\"},\"inLanguage\":\"ca\",\"potentialAction\":[{\"@type\":\"ReadAction\",\"target\":[\"https:\\\/\\\/www.csantantoni.com\\\/ca\\\/2026\\\/02\\\/11\\\/junts-per-la-teva-salut\\\/\"]}]},{\"@type\":\"ImageObject\",\"inLanguage\":\"ca\",\"@id\":\"https:\\\/\\\/www.csantantoni.com\\\/ca\\\/2026\\\/02\\\/11\\\/junts-per-la-teva-salut\\\/#primaryimage\",\"url\":\"https:\\\/\\\/www.csantantoni.com\\\/wp-content\\\/uploads\\\/2026\\\/02\\\/pexels-thirdman-7659869-scaled.jpg\",\"contentUrl\":\"https:\\\/\\\/www.csantantoni.com\\\/wp-content\\\/uploads\\\/2026\\\/02\\\/pexels-thirdman-7659869-scaled.jpg\",\"width\":2560,\"height\":1707},{\"@type\":\"BreadcrumbList\",\"@id\":\"https:\\\/\\\/www.csantantoni.com\\\/ca\\\/2026\\\/02\\\/11\\\/junts-per-la-teva-salut\\\/#breadcrumb\",\"itemListElement\":[{\"@type\":\"ListItem\",\"position\":1,\"name\":\"Portada\",\"item\":\"https:\\\/\\\/www.csantantoni.com\\\/\"},{\"@type\":\"ListItem\",\"position\":2,\"name\":\"Junts per la teva salut\"}]},{\"@type\":\"WebSite\",\"@id\":\"https:\\\/\\\/www.csantantoni.com\\\/#website\",\"url\":\"https:\\\/\\\/www.csantantoni.com\\\/\",\"name\":\"Cl\u00ednica Sant Antoni\",\"description\":\"Web de Cl\u00ednica Sant Antoni\",\"publisher\":{\"@id\":\"https:\\\/\\\/www.csantantoni.com\\\/#organization\"},\"potentialAction\":[{\"@type\":\"SearchAction\",\"target\":{\"@type\":\"EntryPoint\",\"urlTemplate\":\"https:\\\/\\\/www.csantantoni.com\\\/?s={search_term_string}\"},\"query-input\":{\"@type\":\"PropertyValueSpecification\",\"valueRequired\":true,\"valueName\":\"search_term_string\"}}],\"inLanguage\":\"ca\"},{\"@type\":\"Organization\",\"@id\":\"https:\\\/\\\/www.csantantoni.com\\\/#organization\",\"name\":\"Cl\u00ednica Sant Antoni\",\"url\":\"https:\\\/\\\/www.csantantoni.com\\\/\",\"logo\":{\"@type\":\"ImageObject\",\"inLanguage\":\"ca\",\"@id\":\"https:\\\/\\\/www.csantantoni.com\\\/#\\\/schema\\\/logo\\\/image\\\/\",\"url\":\"https:\\\/\\\/www.csantantoni.com\\\/wp-content\\\/uploads\\\/2022\\\/10\\\/clinica-sant-antoni-01.jpg\",\"contentUrl\":\"https:\\\/\\\/www.csantantoni.com\\\/wp-content\\\/uploads\\\/2022\\\/10\\\/clinica-sant-antoni-01.jpg\",\"width\":1980,\"height\":1315,\"caption\":\"Cl\u00ednica Sant Antoni\"},\"image\":{\"@id\":\"https:\\\/\\\/www.csantantoni.com\\\/#\\\/schema\\\/logo\\\/image\\\/\"}},{\"@type\":\"Person\",\"@id\":\"https:\\\/\\\/www.csantantoni.com\\\/#\\\/schema\\\/person\\\/1ac3bacc730030dd4af35da287c58da7\",\"name\":\"maria\",\"image\":{\"@type\":\"ImageObject\",\"inLanguage\":\"ca\",\"@id\":\"https:\\\/\\\/secure.gravatar.com\\\/avatar\\\/6976c4514c3f1e1daef2f5047bdeca80837d6cb7a7b437f151495dbc2b911500?s=96&d=mm&r=g\",\"url\":\"https:\\\/\\\/secure.gravatar.com\\\/avatar\\\/6976c4514c3f1e1daef2f5047bdeca80837d6cb7a7b437f151495dbc2b911500?s=96&d=mm&r=g\",\"contentUrl\":\"https:\\\/\\\/secure.gravatar.com\\\/avatar\\\/6976c4514c3f1e1daef2f5047bdeca80837d6cb7a7b437f151495dbc2b911500?s=96&d=mm&r=g\",\"caption\":\"maria\"},\"url\":\"https:\\\/\\\/www.csantantoni.com\\\/ca\\\/author\\\/maria\\\/\"}]}<\/script>\n<!-- \/ Yoast SEO plugin. -->","yoast_head_json":{"title":"Junts per la teva salut - Cl\u00ednica Sant Antoni","description":"En el Dia Mundial del Malalt, a la Cl\u00ednica Sant Antoni tenim cura de tu, acompanyant-te en el teu benestar diari.","robots":{"index":"index","follow":"follow","max-snippet":"max-snippet:-1","max-image-preview":"max-image-preview:large","max-video-preview":"max-video-preview:-1"},"canonical":"https:\/\/www.csantantoni.com\/ca\/2026\/02\/11\/junts-per-la-teva-salut\/","og_locale":"ca_ES","og_type":"article","og_title":"Junts per la teva salut - Cl\u00ednica Sant Antoni","og_description":"En el Dia Mundial del Malalt, a la Cl\u00ednica Sant Antoni tenim cura de tu, acompanyant-te en el teu benestar diari.","og_url":"https:\/\/www.csantantoni.com\/ca\/2026\/02\/11\/junts-per-la-teva-salut\/","og_site_name":"Cl\u00ednica Sant Antoni","article_published_time":"2026-02-11T15:05:00+00:00","og_image":[{"width":2560,"height":1707,"url":"https:\/\/www.csantantoni.com\/wp-content\/uploads\/2026\/02\/pexels-thirdman-7659869-scaled.jpg","type":"image\/jpeg"}],"author":"maria","twitter_card":"summary_large_image","twitter_misc":{"Escrit per":"maria","Temps estimat de lectura":"2 minuts"},"schema":{"@context":"https:\/\/schema.org","@graph":[{"@type":"Article","@id":"https:\/\/www.csantantoni.com\/ca\/2026\/02\/11\/junts-per-la-teva-salut\/#article","isPartOf":{"@id":"https:\/\/www.csantantoni.com\/ca\/2026\/02\/11\/junts-per-la-teva-salut\/"},"author":{"name":"maria","@id":"https:\/\/www.csantantoni.com\/#\/schema\/person\/1ac3bacc730030dd4af35da287c58da7"},"headline":"Junts per la teva salut","datePublished":"2026-02-11T15:05:00+00:00","mainEntityOfPage":{"@id":"https:\/\/www.csantantoni.com\/ca\/2026\/02\/11\/junts-per-la-teva-salut\/"},"wordCount":236,"publisher":{"@id":"https:\/\/www.csantantoni.com\/#organization"},"image":{"@id":"https:\/\/www.csantantoni.com\/ca\/2026\/02\/11\/junts-per-la-teva-salut\/#primaryimage"},"thumbnailUrl":"https:\/\/www.csantantoni.com\/wp-content\/uploads\/2026\/02\/pexels-thirdman-7659869-scaled.jpg","keywords":["Clinica Sant Antoni","Hospital Atenci\u00f3n intermedia","salut"],"articleSection":["Blog","Uncategorized @ca"],"inLanguage":"ca"},{"@type":"WebPage","@id":"https:\/\/www.csantantoni.com\/ca\/2026\/02\/11\/junts-per-la-teva-salut\/","url":"https:\/\/www.csantantoni.com\/ca\/2026\/02\/11\/junts-per-la-teva-salut\/","name":"Junts per la teva salut - Cl\u00ednica Sant Antoni","isPartOf":{"@id":"https:\/\/www.csantantoni.com\/#website"},"primaryImageOfPage":{"@id":"https:\/\/www.csantantoni.com\/ca\/2026\/02\/11\/junts-per-la-teva-salut\/#primaryimage"},"image":{"@id":"https:\/\/www.csantantoni.com\/ca\/2026\/02\/11\/junts-per-la-teva-salut\/#primaryimage"},"thumbnailUrl":"https:\/\/www.csantantoni.com\/wp-content\/uploads\/2026\/02\/pexels-thirdman-7659869-scaled.jpg","datePublished":"2026-02-11T15:05:00+00:00","description":"En el Dia Mundial del Malalt, a la Cl\u00ednica Sant Antoni tenim cura de tu, acompanyant-te en el teu benestar diari.","breadcrumb":{"@id":"https:\/\/www.csantantoni.com\/ca\/2026\/02\/11\/junts-per-la-teva-salut\/#breadcrumb"},"inLanguage":"ca","potentialAction":[{"@type":"ReadAction","target":["https:\/\/www.csantantoni.com\/ca\/2026\/02\/11\/junts-per-la-teva-salut\/"]}]},{"@type":"ImageObject","inLanguage":"ca","@id":"https:\/\/www.csantantoni.com\/ca\/2026\/02\/11\/junts-per-la-teva-salut\/#primaryimage","url":"https:\/\/www.csantantoni.com\/wp-content\/uploads\/2026\/02\/pexels-thirdman-7659869-scaled.jpg","contentUrl":"https:\/\/www.csantantoni.com\/wp-content\/uploads\/2026\/02\/pexels-thirdman-7659869-scaled.jpg","width":2560,"height":1707},{"@type":"BreadcrumbList","@id":"https:\/\/www.csantantoni.com\/ca\/2026\/02\/11\/junts-per-la-teva-salut\/#breadcrumb","itemListElement":[{"@type":"ListItem","position":1,"name":"Portada","item":"https:\/\/www.csantantoni.com\/"},{"@type":"ListItem","position":2,"name":"Junts per la teva salut"}]},{"@type":"WebSite","@id":"https:\/\/www.csantantoni.com\/#website","url":"https:\/\/www.csantantoni.com\/","name":"Cl\u00ednica Sant Antoni","description":"Web de Cl\u00ednica Sant Antoni","publisher":{"@id":"https:\/\/www.csantantoni.com\/#organization"},"potentialAction":[{"@type":"SearchAction","target":{"@type":"EntryPoint","urlTemplate":"https:\/\/www.csantantoni.com\/?s={search_term_string}"},"query-input":{"@type":"PropertyValueSpecification","valueRequired":true,"valueName":"search_term_string"}}],"inLanguage":"ca"},{"@type":"Organization","@id":"https:\/\/www.csantantoni.com\/#organization","name":"Cl\u00ednica Sant Antoni","url":"https:\/\/www.csantantoni.com\/","logo":{"@type":"ImageObject","inLanguage":"ca","@id":"https:\/\/www.csantantoni.com\/#\/schema\/logo\/image\/","url":"https:\/\/www.csantantoni.com\/wp-content\/uploads\/2022\/10\/clinica-sant-antoni-01.jpg","contentUrl":"https:\/\/www.csantantoni.com\/wp-content\/uploads\/2022\/10\/clinica-sant-antoni-01.jpg","width":1980,"height":1315,"caption":"Cl\u00ednica Sant Antoni"},"image":{"@id":"https:\/\/www.csantantoni.com\/#\/schema\/logo\/image\/"}},{"@type":"Person","@id":"https:\/\/www.csantantoni.com\/#\/schema\/person\/1ac3bacc730030dd4af35da287c58da7","name":"maria","image":{"@type":"ImageObject","inLanguage":"ca","@id":"https:\/\/secure.gravatar.com\/avatar\/6976c4514c3f1e1daef2f5047bdeca80837d6cb7a7b437f151495dbc2b911500?s=96&d=mm&r=g","url":"https:\/\/secure.gravatar.com\/avatar\/6976c4514c3f1e1daef2f5047bdeca80837d6cb7a7b437f151495dbc2b911500?s=96&d=mm&r=g","contentUrl":"https:\/\/secure.gravatar.com\/avatar\/6976c4514c3f1e1daef2f5047bdeca80837d6cb7a7b437f151495dbc2b911500?s=96&d=mm&r=g","caption":"maria"},"url":"https:\/\/www.csantantoni.com\/ca\/author\/maria\/"}]}},"_links":{"self":[{"href":"https:\/\/www.csantantoni.com\/ca\/wp-json\/wp\/v2\/posts\/249283","targetHints":{"allow":["GET"]}}],"collection":[{"href":"https:\/\/www.csantantoni.com\/ca\/wp-json\/wp\/v2\/posts"}],"about":[{"href":"https:\/\/www.csantantoni.com\/ca\/wp-json\/wp\/v2\/types\/post"}],"author":[{"embeddable":true,"href":"https:\/\/www.csantantoni.com\/ca\/wp-json\/wp\/v2\/users\/5"}],"replies":[{"embeddable":true,"href":"https:\/\/www.csantantoni.com\/ca\/wp-json\/wp\/v2\/comments?post=249283"}],"version-history":[{"count":3,"href":"https:\/\/www.csantantoni.com\/ca\/wp-json\/wp\/v2\/posts\/249283\/revisions"}],"predecessor-version":[{"id":249286,"href":"https:\/\/www.csantantoni.com\/ca\/wp-json\/wp\/v2\/posts\/249283\/revisions\/249286"}],"wp:featuredmedia":[{"embeddable":true,"href":"https:\/\/www.csantantoni.com\/ca\/wp-json\/wp\/v2\/media\/249282"}],"wp:attachment":[{"href":"https:\/\/www.csantantoni.com\/ca\/wp-json\/wp\/v2\/media?parent=249283"}],"wp:term":[{"taxonomy":"category","embeddable":true,"href":"https:\/\/www.csantantoni.com\/ca\/wp-json\/wp\/v2\/categories?post=249283"},{"taxonomy":"post_tag","embeddable":true,"href":"https:\/\/www.csantantoni.com\/ca\/wp-json\/wp\/v2\/tags?post=249283"}],"curies":[{"name":"wp","href":"https:\/\/api.w.org\/{rel}","templated":true}]}}