{"id":249416,"date":"2026-03-05T12:11:50","date_gmt":"2026-03-05T12:11:50","guid":{"rendered":"https:\/\/www.csantantoni.com\/?p=249416"},"modified":"2026-03-05T12:18:50","modified_gmt":"2026-03-05T12:18:50","slug":"inauguracio-yoga-csa","status":"publish","type":"post","link":"https:\/\/www.csantantoni.com\/ca\/2026\/03\/05\/inauguracio-yoga-csa\/","title":{"rendered":"INAUGURACI\u00d3 YOGA CSA"},"content":{"rendered":"\n<h2 class=\"wp-block-heading\"><p>Avui inaugurem YOGA CSA a la <a href=\"https:\/\/www.csantantoni.com\/ca\/\" type=\"link\" id=\"https:\/\/www.csantantoni.com\/ca\/\">Cl\u00ednica Sant Antoni<\/a><\/p><\/h2>\n\n\n\n<p>Avui, <strong>5 de mar\u00e7 de 2026<\/strong>, celebrem la inauguraci\u00f3 de <a href=\"https:\/\/yogacsa.com\/\" type=\"link\" id=\"https:\/\/yogacsa.com\/\">YOGA CSA<\/a>, un nou espai dedicat al benestar integral, la salut i l\u2019equilibri f\u00edsic i emocional a trav\u00e9s del ioga.<\/p>\n\n\n\n<div class=\"wp-block-media-text is-stacked-on-mobile\" style=\"grid-template-columns:32% auto\"><figure class=\"wp-block-media-text__media\"><img loading=\"lazy\" decoding=\"async\" width=\"819\" height=\"1024\" src=\"https:\/\/www.csantantoni.com\/wp-content\/uploads\/2026\/03\/POST-RR.SS-29-819x1024.jpg\" alt=\"\" class=\"wp-image-249406 size-full\"\/><\/figure><div class=\"wp-block-media-text__content\">\n<p>Durant l\u2019acte inaugural, que comen\u00e7a a les 17:00 h, els assistents podran gaudir de:<\/p>\n\n\n\n<ul class=\"wp-block-list\">\n<li><p><strong>Presentaci\u00f3<\/strong><\/p><\/li>\n\n\n\n<li><p><strong>Pr\u00e0ctica de ioga<\/strong><\/p><\/li>\n\n\n\n<li><p><strong>KIRTAN<\/strong> amb <a href=\"https:\/\/ganeshaproject.org\/\">Ganesha Project<\/a><\/p><\/li>\n\n\n\n<li><p><strong>Aperitiu<\/strong><\/p><\/li>\n<\/ul>\n<\/div><\/div>\n\n\n\n<p>A m\u00e9s, comptarem amb la participaci\u00f3 de Pedro Ayesa (Gerent), Marta Rusi\u00f1ol (Professora de Ioga) i el grup Ganesha Project, aix\u00ed com la col\u00b7laboraci\u00f3 d\u2019entitats de l\u2019\u00e0mbit sanitari i del benestar.<\/p>\n\n\n\n<h2 class=\"wp-block-heading\">Serveis que oferim:<\/h2>\n\n\n\n<div class=\"wp-block-media-text has-media-on-the-right is-stacked-on-mobile\" style=\"grid-template-columns:auto 33%\"><div class=\"wp-block-media-text__content\">\n<ul class=\"wp-block-list\">\n<li><p><strong>Ioga:<\/strong> Classes enfocades al benestar general, la relaxaci\u00f3 i la millora de la concentraci\u00f3.<\/p><\/li>\n\n\n\n<li><p><strong>Ioga terap\u00e8utic:<\/strong> Adaptat a persones grans o amb patologies, depend\u00e8ncia o discapacitat, amb l\u2019objectiu de mantenir o recuperar mobilitat i millorar la qualitat de vida.<\/p><\/li>\n\n\n\n<li><p><strong>Ioga per a empreses:<\/strong> Sessions dissenyades per reduir l\u2019estr\u00e8s, millorar la concentraci\u00f3 i promoure h\u00e0bits saludables en l\u2019entorn laboral.<\/p><\/li>\n<\/ul>\n<\/div><figure class=\"wp-block-media-text__media\"><img loading=\"lazy\" decoding=\"async\" width=\"819\" height=\"1024\" src=\"https:\/\/www.csantantoni.com\/wp-content\/uploads\/2026\/03\/POST-RR.SS-30-819x1024.jpg\" alt=\"\" class=\"wp-image-249408 size-full\"\/><\/figure><\/div>\n\n\n\n<p><\/p>\n\n\n\n<p>Amb aquesta inauguraci\u00f3, YOGA CSA es posiciona com <strong>un referent a Sants-Montju\u00efc <\/strong>en la cura integral de la salut, oferint a tot el p\u00fablic la combinaci\u00f3 de la pr\u00e0ctica del ioga amb<strong> enfocaments innovadors en ter\u00e0pia i benestar.<\/strong><\/p>\n\n\n\n<p><\/p>\n\n\n\n<p><\/p>\n","protected":false},"excerpt":{"rendered":"<p>Avui inaugurem YOGA CSA a la Cl\u00ednica Sant Antoni Avui, 5 de mar\u00e7 de 2026, celebrem la inauguraci\u00f3 de YOGA CSA, un nou espai dedicat al benestar integral, la salut i l\u2019equilibri f\u00edsic i emocional a trav\u00e9s del ioga. A m\u00e9s, comptarem amb la participaci\u00f3 de Pedro Ayesa (Gerent), Marta Rusi\u00f1ol (Professora de Ioga) i [&hellip;]<\/p>\n","protected":false},"author":5,"featured_media":249413,"comment_status":"closed","ping_status":"closed","sticky":false,"template":"","format":"standard","meta":{"_et_pb_use_builder":"off","_et_pb_old_content":"","_et_gb_content_width":"","footnotes":""},"categories":[347,22],"tags":[565,564,566,562,563],"class_list":["post-249416","post","type-post","status-publish","format-standard","has-post-thumbnail","hentry","category-actualitat","category-uncategorized-ca","tag-csa","tag-inauguracio","tag-kirtan","tag-yogacsa","tag-yogaterapeutic"],"yoast_head":"<!-- This site is optimized with the Yoast SEO plugin v27.5 - https:\/\/yoast.com\/product\/yoast-seo-wordpress\/ -->\n<title>INAUGURACI\u00d3 YOGA CSA - Cl\u00ednica Sant Antoni<\/title>\n<meta name=\"description\" content=\"Inauguraci\u00f3 de YOGA CSA a la Cl\u00ednica Sant Antoni: un espai per al benestar integral, la salut i l\u2019equilibri f\u00edsic i emocional a trav\u00e9s del ioga, obert a tot el p\u00fablic.\" \/>\n<meta name=\"robots\" content=\"index, follow, max-snippet:-1, max-image-preview:large, max-video-preview:-1\" \/>\n<link rel=\"canonical\" href=\"https:\/\/www.csantantoni.com\/ca\/2026\/03\/05\/inauguracio-yoga-csa\/\" \/>\n<meta property=\"og:locale\" content=\"ca_ES\" \/>\n<meta property=\"og:type\" content=\"article\" \/>\n<meta property=\"og:title\" content=\"INAUGURACI\u00d3 YOGA CSA - Cl\u00ednica Sant Antoni\" \/>\n<meta property=\"og:description\" content=\"Inauguraci\u00f3 de YOGA CSA a la Cl\u00ednica Sant Antoni: un espai per al benestar integral, la salut i l\u2019equilibri f\u00edsic i emocional a trav\u00e9s del ioga, obert a tot el p\u00fablic.\" \/>\n<meta property=\"og:url\" content=\"https:\/\/www.csantantoni.com\/ca\/2026\/03\/05\/inauguracio-yoga-csa\/\" \/>\n<meta property=\"og:site_name\" content=\"Cl\u00ednica Sant Antoni\" \/>\n<meta property=\"article:published_time\" content=\"2026-03-05T12:11:50+00:00\" \/>\n<meta property=\"article:modified_time\" content=\"2026-03-05T12:18:50+00:00\" \/>\n<meta property=\"og:image\" content=\"https:\/\/www.csantantoni.com\/wp-content\/uploads\/2026\/03\/Stay-Focused-On-What-Matters.jpg\" \/>\n\t<meta property=\"og:image:width\" content=\"736\" \/>\n\t<meta property=\"og:image:height\" content=\"1104\" \/>\n\t<meta property=\"og:image:type\" content=\"image\/jpeg\" \/>\n<meta name=\"author\" content=\"maria\" \/>\n<meta name=\"twitter:card\" content=\"summary_large_image\" \/>\n<meta name=\"twitter:label1\" content=\"Escrit per\" \/>\n\t<meta name=\"twitter:data1\" content=\"maria\" \/>\n\t<meta name=\"twitter:label2\" content=\"Temps estimat de lectura\" \/>\n\t<meta name=\"twitter:data2\" content=\"2 minuts\" \/>\n<script type=\"application\/ld+json\" class=\"yoast-schema-graph\">{\"@context\":\"https:\\\/\\\/schema.org\",\"@graph\":[{\"@type\":\"Article\",\"@id\":\"https:\\\/\\\/www.csantantoni.com\\\/ca\\\/2026\\\/03\\\/05\\\/inauguracio-yoga-csa\\\/#article\",\"isPartOf\":{\"@id\":\"https:\\\/\\\/www.csantantoni.com\\\/ca\\\/2026\\\/03\\\/05\\\/inauguracio-yoga-csa\\\/\"},\"author\":{\"name\":\"maria\",\"@id\":\"https:\\\/\\\/www.csantantoni.com\\\/#\\\/schema\\\/person\\\/1ac3bacc730030dd4af35da287c58da7\"},\"headline\":\"INAUGURACI\u00d3 YOGA CSA\",\"datePublished\":\"2026-03-05T12:11:50+00:00\",\"dateModified\":\"2026-03-05T12:18:50+00:00\",\"mainEntityOfPage\":{\"@id\":\"https:\\\/\\\/www.csantantoni.com\\\/ca\\\/2026\\\/03\\\/05\\\/inauguracio-yoga-csa\\\/\"},\"wordCount\":215,\"publisher\":{\"@id\":\"https:\\\/\\\/www.csantantoni.com\\\/#organization\"},\"image\":{\"@id\":\"https:\\\/\\\/www.csantantoni.com\\\/ca\\\/2026\\\/03\\\/05\\\/inauguracio-yoga-csa\\\/#primaryimage\"},\"thumbnailUrl\":\"https:\\\/\\\/www.csantantoni.com\\\/wp-content\\\/uploads\\\/2026\\\/03\\\/Stay-Focused-On-What-Matters.jpg\",\"keywords\":[\"#CSA\",\"#Inauguraci\u00f3\",\"#KIRTAN\",\"#YOGACSA\",\"#yogaterap\u00e8utic\"],\"articleSection\":[\"Actualitat\",\"Uncategorized @ca\"],\"inLanguage\":\"ca\"},{\"@type\":\"WebPage\",\"@id\":\"https:\\\/\\\/www.csantantoni.com\\\/ca\\\/2026\\\/03\\\/05\\\/inauguracio-yoga-csa\\\/\",\"url\":\"https:\\\/\\\/www.csantantoni.com\\\/ca\\\/2026\\\/03\\\/05\\\/inauguracio-yoga-csa\\\/\",\"name\":\"INAUGURACI\u00d3 YOGA CSA - Cl\u00ednica Sant Antoni\",\"isPartOf\":{\"@id\":\"https:\\\/\\\/www.csantantoni.com\\\/#website\"},\"primaryImageOfPage\":{\"@id\":\"https:\\\/\\\/www.csantantoni.com\\\/ca\\\/2026\\\/03\\\/05\\\/inauguracio-yoga-csa\\\/#primaryimage\"},\"image\":{\"@id\":\"https:\\\/\\\/www.csantantoni.com\\\/ca\\\/2026\\\/03\\\/05\\\/inauguracio-yoga-csa\\\/#primaryimage\"},\"thumbnailUrl\":\"https:\\\/\\\/www.csantantoni.com\\\/wp-content\\\/uploads\\\/2026\\\/03\\\/Stay-Focused-On-What-Matters.jpg\",\"datePublished\":\"2026-03-05T12:11:50+00:00\",\"dateModified\":\"2026-03-05T12:18:50+00:00\",\"description\":\"Inauguraci\u00f3 de YOGA CSA a la Cl\u00ednica Sant Antoni: un espai per al benestar integral, la salut i l\u2019equilibri f\u00edsic i emocional a trav\u00e9s del ioga, obert a tot el p\u00fablic.\",\"breadcrumb\":{\"@id\":\"https:\\\/\\\/www.csantantoni.com\\\/ca\\\/2026\\\/03\\\/05\\\/inauguracio-yoga-csa\\\/#breadcrumb\"},\"inLanguage\":\"ca\",\"potentialAction\":[{\"@type\":\"ReadAction\",\"target\":[\"https:\\\/\\\/www.csantantoni.com\\\/ca\\\/2026\\\/03\\\/05\\\/inauguracio-yoga-csa\\\/\"]}]},{\"@type\":\"ImageObject\",\"inLanguage\":\"ca\",\"@id\":\"https:\\\/\\\/www.csantantoni.com\\\/ca\\\/2026\\\/03\\\/05\\\/inauguracio-yoga-csa\\\/#primaryimage\",\"url\":\"https:\\\/\\\/www.csantantoni.com\\\/wp-content\\\/uploads\\\/2026\\\/03\\\/Stay-Focused-On-What-Matters.jpg\",\"contentUrl\":\"https:\\\/\\\/www.csantantoni.com\\\/wp-content\\\/uploads\\\/2026\\\/03\\\/Stay-Focused-On-What-Matters.jpg\",\"width\":736,\"height\":1104},{\"@type\":\"BreadcrumbList\",\"@id\":\"https:\\\/\\\/www.csantantoni.com\\\/ca\\\/2026\\\/03\\\/05\\\/inauguracio-yoga-csa\\\/#breadcrumb\",\"itemListElement\":[{\"@type\":\"ListItem\",\"position\":1,\"name\":\"Portada\",\"item\":\"https:\\\/\\\/www.csantantoni.com\\\/\"},{\"@type\":\"ListItem\",\"position\":2,\"name\":\"INAUGURACI\u00d3 YOGA CSA\"}]},{\"@type\":\"WebSite\",\"@id\":\"https:\\\/\\\/www.csantantoni.com\\\/#website\",\"url\":\"https:\\\/\\\/www.csantantoni.com\\\/\",\"name\":\"Cl\u00ednica Sant Antoni\",\"description\":\"Web de Cl\u00ednica Sant Antoni\",\"publisher\":{\"@id\":\"https:\\\/\\\/www.csantantoni.com\\\/#organization\"},\"potentialAction\":[{\"@type\":\"SearchAction\",\"target\":{\"@type\":\"EntryPoint\",\"urlTemplate\":\"https:\\\/\\\/www.csantantoni.com\\\/?s={search_term_string}\"},\"query-input\":{\"@type\":\"PropertyValueSpecification\",\"valueRequired\":true,\"valueName\":\"search_term_string\"}}],\"inLanguage\":\"ca\"},{\"@type\":\"Organization\",\"@id\":\"https:\\\/\\\/www.csantantoni.com\\\/#organization\",\"name\":\"Cl\u00ednica Sant Antoni\",\"url\":\"https:\\\/\\\/www.csantantoni.com\\\/\",\"logo\":{\"@type\":\"ImageObject\",\"inLanguage\":\"ca\",\"@id\":\"https:\\\/\\\/www.csantantoni.com\\\/#\\\/schema\\\/logo\\\/image\\\/\",\"url\":\"https:\\\/\\\/www.csantantoni.com\\\/wp-content\\\/uploads\\\/2022\\\/10\\\/clinica-sant-antoni-01.jpg\",\"contentUrl\":\"https:\\\/\\\/www.csantantoni.com\\\/wp-content\\\/uploads\\\/2022\\\/10\\\/clinica-sant-antoni-01.jpg\",\"width\":1980,\"height\":1315,\"caption\":\"Cl\u00ednica Sant Antoni\"},\"image\":{\"@id\":\"https:\\\/\\\/www.csantantoni.com\\\/#\\\/schema\\\/logo\\\/image\\\/\"}},{\"@type\":\"Person\",\"@id\":\"https:\\\/\\\/www.csantantoni.com\\\/#\\\/schema\\\/person\\\/1ac3bacc730030dd4af35da287c58da7\",\"name\":\"maria\",\"image\":{\"@type\":\"ImageObject\",\"inLanguage\":\"ca\",\"@id\":\"https:\\\/\\\/secure.gravatar.com\\\/avatar\\\/6976c4514c3f1e1daef2f5047bdeca80837d6cb7a7b437f151495dbc2b911500?s=96&d=mm&r=g\",\"url\":\"https:\\\/\\\/secure.gravatar.com\\\/avatar\\\/6976c4514c3f1e1daef2f5047bdeca80837d6cb7a7b437f151495dbc2b911500?s=96&d=mm&r=g\",\"contentUrl\":\"https:\\\/\\\/secure.gravatar.com\\\/avatar\\\/6976c4514c3f1e1daef2f5047bdeca80837d6cb7a7b437f151495dbc2b911500?s=96&d=mm&r=g\",\"caption\":\"maria\"},\"url\":\"https:\\\/\\\/www.csantantoni.com\\\/ca\\\/author\\\/maria\\\/\"}]}<\/script>\n<!-- \/ Yoast SEO plugin. -->","yoast_head_json":{"title":"INAUGURACI\u00d3 YOGA CSA - Cl\u00ednica Sant Antoni","description":"Inauguraci\u00f3 de YOGA CSA a la Cl\u00ednica Sant Antoni: un espai per al benestar integral, la salut i l\u2019equilibri f\u00edsic i emocional a trav\u00e9s del ioga, obert a tot el p\u00fablic.","robots":{"index":"index","follow":"follow","max-snippet":"max-snippet:-1","max-image-preview":"max-image-preview:large","max-video-preview":"max-video-preview:-1"},"canonical":"https:\/\/www.csantantoni.com\/ca\/2026\/03\/05\/inauguracio-yoga-csa\/","og_locale":"ca_ES","og_type":"article","og_title":"INAUGURACI\u00d3 YOGA CSA - Cl\u00ednica Sant Antoni","og_description":"Inauguraci\u00f3 de YOGA CSA a la Cl\u00ednica Sant Antoni: un espai per al benestar integral, la salut i l\u2019equilibri f\u00edsic i emocional a trav\u00e9s del ioga, obert a tot el p\u00fablic.","og_url":"https:\/\/www.csantantoni.com\/ca\/2026\/03\/05\/inauguracio-yoga-csa\/","og_site_name":"Cl\u00ednica Sant Antoni","article_published_time":"2026-03-05T12:11:50+00:00","article_modified_time":"2026-03-05T12:18:50+00:00","og_image":[{"width":736,"height":1104,"url":"https:\/\/www.csantantoni.com\/wp-content\/uploads\/2026\/03\/Stay-Focused-On-What-Matters.jpg","type":"image\/jpeg"}],"author":"maria","twitter_card":"summary_large_image","twitter_misc":{"Escrit per":"maria","Temps estimat de lectura":"2 minuts"},"schema":{"@context":"https:\/\/schema.org","@graph":[{"@type":"Article","@id":"https:\/\/www.csantantoni.com\/ca\/2026\/03\/05\/inauguracio-yoga-csa\/#article","isPartOf":{"@id":"https:\/\/www.csantantoni.com\/ca\/2026\/03\/05\/inauguracio-yoga-csa\/"},"author":{"name":"maria","@id":"https:\/\/www.csantantoni.com\/#\/schema\/person\/1ac3bacc730030dd4af35da287c58da7"},"headline":"INAUGURACI\u00d3 YOGA CSA","datePublished":"2026-03-05T12:11:50+00:00","dateModified":"2026-03-05T12:18:50+00:00","mainEntityOfPage":{"@id":"https:\/\/www.csantantoni.com\/ca\/2026\/03\/05\/inauguracio-yoga-csa\/"},"wordCount":215,"publisher":{"@id":"https:\/\/www.csantantoni.com\/#organization"},"image":{"@id":"https:\/\/www.csantantoni.com\/ca\/2026\/03\/05\/inauguracio-yoga-csa\/#primaryimage"},"thumbnailUrl":"https:\/\/www.csantantoni.com\/wp-content\/uploads\/2026\/03\/Stay-Focused-On-What-Matters.jpg","keywords":["#CSA","#Inauguraci\u00f3","#KIRTAN","#YOGACSA","#yogaterap\u00e8utic"],"articleSection":["Actualitat","Uncategorized @ca"],"inLanguage":"ca"},{"@type":"WebPage","@id":"https:\/\/www.csantantoni.com\/ca\/2026\/03\/05\/inauguracio-yoga-csa\/","url":"https:\/\/www.csantantoni.com\/ca\/2026\/03\/05\/inauguracio-yoga-csa\/","name":"INAUGURACI\u00d3 YOGA CSA - Cl\u00ednica Sant Antoni","isPartOf":{"@id":"https:\/\/www.csantantoni.com\/#website"},"primaryImageOfPage":{"@id":"https:\/\/www.csantantoni.com\/ca\/2026\/03\/05\/inauguracio-yoga-csa\/#primaryimage"},"image":{"@id":"https:\/\/www.csantantoni.com\/ca\/2026\/03\/05\/inauguracio-yoga-csa\/#primaryimage"},"thumbnailUrl":"https:\/\/www.csantantoni.com\/wp-content\/uploads\/2026\/03\/Stay-Focused-On-What-Matters.jpg","datePublished":"2026-03-05T12:11:50+00:00","dateModified":"2026-03-05T12:18:50+00:00","description":"Inauguraci\u00f3 de YOGA CSA a la Cl\u00ednica Sant Antoni: un espai per al benestar integral, la salut i l\u2019equilibri f\u00edsic i emocional a trav\u00e9s del ioga, obert a tot el p\u00fablic.","breadcrumb":{"@id":"https:\/\/www.csantantoni.com\/ca\/2026\/03\/05\/inauguracio-yoga-csa\/#breadcrumb"},"inLanguage":"ca","potentialAction":[{"@type":"ReadAction","target":["https:\/\/www.csantantoni.com\/ca\/2026\/03\/05\/inauguracio-yoga-csa\/"]}]},{"@type":"ImageObject","inLanguage":"ca","@id":"https:\/\/www.csantantoni.com\/ca\/2026\/03\/05\/inauguracio-yoga-csa\/#primaryimage","url":"https:\/\/www.csantantoni.com\/wp-content\/uploads\/2026\/03\/Stay-Focused-On-What-Matters.jpg","contentUrl":"https:\/\/www.csantantoni.com\/wp-content\/uploads\/2026\/03\/Stay-Focused-On-What-Matters.jpg","width":736,"height":1104},{"@type":"BreadcrumbList","@id":"https:\/\/www.csantantoni.com\/ca\/2026\/03\/05\/inauguracio-yoga-csa\/#breadcrumb","itemListElement":[{"@type":"ListItem","position":1,"name":"Portada","item":"https:\/\/www.csantantoni.com\/"},{"@type":"ListItem","position":2,"name":"INAUGURACI\u00d3 YOGA CSA"}]},{"@type":"WebSite","@id":"https:\/\/www.csantantoni.com\/#website","url":"https:\/\/www.csantantoni.com\/","name":"Cl\u00ednica Sant Antoni","description":"Web de Cl\u00ednica Sant Antoni","publisher":{"@id":"https:\/\/www.csantantoni.com\/#organization"},"potentialAction":[{"@type":"SearchAction","target":{"@type":"EntryPoint","urlTemplate":"https:\/\/www.csantantoni.com\/?s={search_term_string}"},"query-input":{"@type":"PropertyValueSpecification","valueRequired":true,"valueName":"search_term_string"}}],"inLanguage":"ca"},{"@type":"Organization","@id":"https:\/\/www.csantantoni.com\/#organization","name":"Cl\u00ednica Sant Antoni","url":"https:\/\/www.csantantoni.com\/","logo":{"@type":"ImageObject","inLanguage":"ca","@id":"https:\/\/www.csantantoni.com\/#\/schema\/logo\/image\/","url":"https:\/\/www.csantantoni.com\/wp-content\/uploads\/2022\/10\/clinica-sant-antoni-01.jpg","contentUrl":"https:\/\/www.csantantoni.com\/wp-content\/uploads\/2022\/10\/clinica-sant-antoni-01.jpg","width":1980,"height":1315,"caption":"Cl\u00ednica Sant Antoni"},"image":{"@id":"https:\/\/www.csantantoni.com\/#\/schema\/logo\/image\/"}},{"@type":"Person","@id":"https:\/\/www.csantantoni.com\/#\/schema\/person\/1ac3bacc730030dd4af35da287c58da7","name":"maria","image":{"@type":"ImageObject","inLanguage":"ca","@id":"https:\/\/secure.gravatar.com\/avatar\/6976c4514c3f1e1daef2f5047bdeca80837d6cb7a7b437f151495dbc2b911500?s=96&d=mm&r=g","url":"https:\/\/secure.gravatar.com\/avatar\/6976c4514c3f1e1daef2f5047bdeca80837d6cb7a7b437f151495dbc2b911500?s=96&d=mm&r=g","contentUrl":"https:\/\/secure.gravatar.com\/avatar\/6976c4514c3f1e1daef2f5047bdeca80837d6cb7a7b437f151495dbc2b911500?s=96&d=mm&r=g","caption":"maria"},"url":"https:\/\/www.csantantoni.com\/ca\/author\/maria\/"}]}},"_links":{"self":[{"href":"https:\/\/www.csantantoni.com\/ca\/wp-json\/wp\/v2\/posts\/249416","targetHints":{"allow":["GET"]}}],"collection":[{"href":"https:\/\/www.csantantoni.com\/ca\/wp-json\/wp\/v2\/posts"}],"about":[{"href":"https:\/\/www.csantantoni.com\/ca\/wp-json\/wp\/v2\/types\/post"}],"author":[{"embeddable":true,"href":"https:\/\/www.csantantoni.com\/ca\/wp-json\/wp\/v2\/users\/5"}],"replies":[{"embeddable":true,"href":"https:\/\/www.csantantoni.com\/ca\/wp-json\/wp\/v2\/comments?post=249416"}],"version-history":[{"count":3,"href":"https:\/\/www.csantantoni.com\/ca\/wp-json\/wp\/v2\/posts\/249416\/revisions"}],"predecessor-version":[{"id":249420,"href":"https:\/\/www.csantantoni.com\/ca\/wp-json\/wp\/v2\/posts\/249416\/revisions\/249420"}],"wp:featuredmedia":[{"embeddable":true,"href":"https:\/\/www.csantantoni.com\/ca\/wp-json\/wp\/v2\/media\/249413"}],"wp:attachment":[{"href":"https:\/\/www.csantantoni.com\/ca\/wp-json\/wp\/v2\/media?parent=249416"}],"wp:term":[{"taxonomy":"category","embeddable":true,"href":"https:\/\/www.csantantoni.com\/ca\/wp-json\/wp\/v2\/categories?post=249416"},{"taxonomy":"post_tag","embeddable":true,"href":"https:\/\/www.csantantoni.com\/ca\/wp-json\/wp\/v2\/tags?post=249416"}],"curies":[{"name":"wp","href":"https:\/\/api.w.org\/{rel}","templated":true}]}}